{"id":1693,"date":"2020-01-21T16:32:27","date_gmt":"2020-01-21T19:32:27","guid":{"rendered":"https:\/\/asociacionparquecordillera.cl\/?p=1693"},"modified":"2025-06-30T14:45:24","modified_gmt":"2025-06-30T18:45:24","slug":"celebremos-el-dia-internacional-de-la-ed-ambiental-con-trekking-gratuito-para-profesores","status":"publish","type":"post","link":"https:\/\/asociacionparquecordillera.cl\/en\/celebremos-el-dia-internacional-de-la-ed-ambiental-con-trekking-gratuito-para-profesores\/","title":{"rendered":"Trekking gratuito para profesores"},"content":{"rendered":"<p><strong>Celebremos el D\u00eda Internacional de la Educaci\u00f3n Ambiental con trekking gratuito para profesores<\/strong><\/p>\n<p>AMIGOS PROFESORES:<\/p>\n<p>Este lunes 27 de enero celebraremos el D\u00eda Internacional de la Educaci\u00f3n Ambiental y queremos invitar a todos los profesores a conectarse con la naturaleza en nuestro taller gratuito de Introducci\u00f3n al Trekking y T\u00e9cnicas de Marcha que se realizar\u00e1 a las 9:00 hrs en el Parque Natural Aguas de Ram\u00f3n. \u00a0As\u00ed podr\u00e1n participar activamente de nuestros guiados durante el a\u00f1o y ense\u00f1ar a sus alumnos desde la conexi\u00f3n con la naturaleza.<\/p>\n<p><strong><a href=\"https:\/\/web.archive.org\/web\/20220116102418\/https:\/\/forms.gle\/UxTZtpD1tZHbfX2c6\">PARTICIPA INSCRIBI\u00c9NDOTE AQU\u00cd<\/a><\/strong><\/p>\n<p><img fetchpriority=\"high\" decoding=\"async\" class=\"alignnone wp-image-5746 size-medium\" src=\"https:\/\/asociacionparquecordillera.cl\/wp-content\/uploads\/2020\/01\/imagen_2025-06-30_144110683-300x298.png\" alt=\"\" width=\"300\" height=\"298\" srcset=\"https:\/\/asociacionparquecordillera.cl\/wp-content\/uploads\/2020\/01\/imagen_2025-06-30_144110683-300x298.png 300w, https:\/\/asociacionparquecordillera.cl\/wp-content\/uploads\/2020\/01\/imagen_2025-06-30_144110683-150x150.png 150w, https:\/\/asociacionparquecordillera.cl\/wp-content\/uploads\/2020\/01\/imagen_2025-06-30_144110683-12x12.png 12w, https:\/\/asociacionparquecordillera.cl\/wp-content\/uploads\/2020\/01\/imagen_2025-06-30_144110683.png 598w\" sizes=\"(max-width: 300px) 100vw, 300px\" \/><\/p>","protected":false},"excerpt":{"rendered":"<p>Celebremos el D\u00eda Internacional de la Educaci\u00f3n Ambiental con trekking gratuito para profesores AMIGOS PROFESORES: Este lunes 27 de enero celebraremos el D\u00eda Internacional de la Educaci\u00f3n Ambiental y queremos invitar a todos los profesores a conectarse con la naturaleza en nuestro taller gratuito de Introducci\u00f3n al Trekking y T\u00e9cnicas de Marcha que se realizar\u00e1 [&hellip;]<\/p>","protected":false},"author":12,"featured_media":5727,"comment_status":"closed","ping_status":"closed","sticky":false,"template":"","format":"standard","meta":{"site-sidebar-layout":"default","site-content-layout":"default","ast-site-content-layout":"default","site-content-style":"default","site-sidebar-style":"default","ast-global-header-display":"","ast-banner-title-visibility":"","ast-main-header-display":"","ast-hfb-above-header-display":"","ast-hfb-below-header-display":"","ast-hfb-mobile-header-display":"","site-post-title":"","ast-breadcrumbs-content":"","ast-featured-img":"","footer-sml-layout":"","theme-transparent-header-meta":"default","adv-header-id-meta":"","stick-header-meta":"default","header-above-stick-meta":"","header-main-stick-meta":"","header-below-stick-meta":"","astra-migrate-meta-layouts":"set","ast-page-background-enabled":"default","ast-page-background-meta":{"desktop":{"background-color":"var(--ast-global-color-4)","background-image":"","background-repeat":"repeat","background-position":"center center","background-size":"auto","background-attachment":"scroll","background-type":"","background-media":"","overlay-type":"","overlay-color":"","overlay-opacity":"","overlay-gradient":""},"tablet":{"background-color":"","background-image":"","background-repeat":"repeat","background-position":"center center","background-size":"auto","background-attachment":"scroll","background-type":"","background-media":"","overlay-type":"","overlay-color":"","overlay-opacity":"","overlay-gradient":""},"mobile":{"background-color":"","background-image":"","background-repeat":"repeat","background-position":"center center","background-size":"auto","background-attachment":"scroll","background-type":"","background-media":"","overlay-type":"","overlay-color":"","overlay-opacity":"","overlay-gradient":""}},"ast-content-background-meta":{"desktop":{"background-color":"var(--ast-global-color-5)","background-image":"","background-repeat":"repeat","background-position":"center center","background-size":"auto","background-attachment":"scroll","background-type":"","background-media":"","overlay-type":"","overlay-color":"","overlay-opacity":"","overlay-gradient":""},"tablet":{"background-color":"var(--ast-global-color-5)","background-image":"","background-repeat":"repeat","background-position":"center center","background-size":"auto","background-attachment":"scroll","background-type":"","background-media":"","overlay-type":"","overlay-color":"","overlay-opacity":"","overlay-gradient":""},"mobile":{"background-color":"var(--ast-global-color-5)","background-image":"","background-repeat":"repeat","background-position":"center center","background-size":"auto","background-attachment":"scroll","background-type":"","background-media":"","overlay-type":"","overlay-color":"","overlay-opacity":"","overlay-gradient":""}},"footnotes":""},"categories":[1],"tags":[],"slider-category":[],"class_list":["post-1693","post","type-post","status-publish","format-standard","has-post-thumbnail","hentry","category-prevencion"],"yoast_head":"<!-- This site is optimized with the Yoast SEO Premium plugin v22.9 (Yoast SEO v23.9) - https:\/\/yoast.com\/wordpress\/plugins\/seo\/ -->\n<title>Trekking gratuito para profesores - Asociaci\u00f3n Parque Cordillera - Parques Regi\u00f3n Metropolitana<\/title>\n<meta name=\"description\" content=\"Celebremos el D\u00eda Internacional de la Educaci\u00f3n Ambiental con trekking gratuito para profesores AMIGOS PROFESORES: Este lunes 27 de enero celebraremos el\" \/>\n<meta name=\"robots\" content=\"index, follow, max-snippet:-1, max-image-preview:large, max-video-preview:-1\" \/>\n<link rel=\"canonical\" href=\"https:\/\/asociacionparquecordillera.cl\/en\/celebremos-el-dia-internacional-de-la-ed-ambiental-con-trekking-gratuito-para-profesores\/\" \/>\n<meta property=\"og:locale\" content=\"en_US\" \/>\n<meta property=\"og:type\" content=\"article\" \/>\n<meta property=\"og:title\" content=\"Trekking gratuito para profesores\" \/>\n<meta property=\"og:description\" content=\"Celebremos el D\u00eda Internacional de la Educaci\u00f3n Ambiental con trekking gratuito para profesores AMIGOS PROFESORES: Este lunes 27 de enero celebraremos el\" \/>\n<meta property=\"og:url\" content=\"https:\/\/asociacionparquecordillera.cl\/en\/celebremos-el-dia-internacional-de-la-ed-ambiental-con-trekking-gratuito-para-profesores\/\" \/>\n<meta property=\"og:site_name\" content=\"Asociaci\u00f3n Parque Cordillera - Parques Regi\u00f3n Metropolitana\" \/>\n<meta property=\"article:published_time\" content=\"2020-01-21T19:32:27+00:00\" \/>\n<meta property=\"article:modified_time\" content=\"2025-06-30T18:45:24+00:00\" \/>\n<meta property=\"og:image\" content=\"https:\/\/asociacionparquecordillera.cl\/wp-content\/uploads\/2023\/03\/imagen_2025-06-30_131652307-1-1-1-1-1.webp\" \/>\n\t<meta property=\"og:image:width\" content=\"491\" \/>\n\t<meta property=\"og:image:height\" content=\"367\" \/>\n\t<meta property=\"og:image:type\" content=\"image\/webp\" \/>\n<meta name=\"author\" content=\"Yennifer Molina\" \/>\n<meta name=\"twitter:card\" content=\"summary_large_image\" \/>\n<meta name=\"twitter:label1\" content=\"Written by\" \/>\n\t<meta name=\"twitter:data1\" content=\"Yennifer Molina\" \/>\n\t<meta name=\"twitter:label2\" content=\"Est. reading time\" \/>\n\t<meta name=\"twitter:data2\" content=\"1 minute\" \/>\n<script type=\"application\/ld+json\" class=\"yoast-schema-graph\">{\"@context\":\"https:\/\/schema.org\",\"@graph\":[{\"@type\":\"Article\",\"@id\":\"https:\/\/asociacionparquecordillera.cl\/celebremos-el-dia-internacional-de-la-ed-ambiental-con-trekking-gratuito-para-profesores\/#article\",\"isPartOf\":{\"@id\":\"https:\/\/asociacionparquecordillera.cl\/celebremos-el-dia-internacional-de-la-ed-ambiental-con-trekking-gratuito-para-profesores\/\"},\"author\":{\"name\":\"Yennifer Molina\",\"@id\":\"https:\/\/asociacionparquecordillera.cl\/#\/schema\/person\/84abb02e974de94d1bd95b5883a31b12\"},\"headline\":\"Trekking gratuito para profesores\",\"datePublished\":\"2020-01-21T19:32:27+00:00\",\"dateModified\":\"2025-06-30T18:45:24+00:00\",\"mainEntityOfPage\":{\"@id\":\"https:\/\/asociacionparquecordillera.cl\/celebremos-el-dia-internacional-de-la-ed-ambiental-con-trekking-gratuito-para-profesores\/\"},\"wordCount\":104,\"publisher\":{\"@id\":\"https:\/\/asociacionparquecordillera.cl\/#organization\"},\"image\":{\"@id\":\"https:\/\/asociacionparquecordillera.cl\/celebremos-el-dia-internacional-de-la-ed-ambiental-con-trekking-gratuito-para-profesores\/#primaryimage\"},\"thumbnailUrl\":\"https:\/\/asociacionparquecordillera.cl\/wp-content\/uploads\/2023\/03\/imagen_2025-06-30_131652307-1-1-1-1-1.webp\",\"articleSection\":[\"Prevenci\u00f3n\"],\"inLanguage\":\"en-US\"},{\"@type\":\"WebPage\",\"@id\":\"https:\/\/asociacionparquecordillera.cl\/celebremos-el-dia-internacional-de-la-ed-ambiental-con-trekking-gratuito-para-profesores\/\",\"url\":\"https:\/\/asociacionparquecordillera.cl\/celebremos-el-dia-internacional-de-la-ed-ambiental-con-trekking-gratuito-para-profesores\/\",\"name\":\"Trekking gratuito para profesores - Asociaci\u00f3n Parque Cordillera - Parques Regi\u00f3n Metropolitana\",\"isPartOf\":{\"@id\":\"https:\/\/asociacionparquecordillera.cl\/#website\"},\"primaryImageOfPage\":{\"@id\":\"https:\/\/asociacionparquecordillera.cl\/celebremos-el-dia-internacional-de-la-ed-ambiental-con-trekking-gratuito-para-profesores\/#primaryimage\"},\"image\":{\"@id\":\"https:\/\/asociacionparquecordillera.cl\/celebremos-el-dia-internacional-de-la-ed-ambiental-con-trekking-gratuito-para-profesores\/#primaryimage\"},\"thumbnailUrl\":\"https:\/\/asociacionparquecordillera.cl\/wp-content\/uploads\/2023\/03\/imagen_2025-06-30_131652307-1-1-1-1-1.webp\",\"datePublished\":\"2020-01-21T19:32:27+00:00\",\"dateModified\":\"2025-06-30T18:45:24+00:00\",\"description\":\"Celebremos el D\u00eda Internacional de la Educaci\u00f3n Ambiental con trekking gratuito para profesores AMIGOS PROFESORES: Este lunes 27 de enero celebraremos el\",\"breadcrumb\":{\"@id\":\"https:\/\/asociacionparquecordillera.cl\/celebremos-el-dia-internacional-de-la-ed-ambiental-con-trekking-gratuito-para-profesores\/#breadcrumb\"},\"inLanguage\":\"en-US\",\"potentialAction\":[{\"@type\":\"ReadAction\",\"target\":[\"https:\/\/asociacionparquecordillera.cl\/celebremos-el-dia-internacional-de-la-ed-ambiental-con-trekking-gratuito-para-profesores\/\"]}]},{\"@type\":\"ImageObject\",\"inLanguage\":\"en-US\",\"@id\":\"https:\/\/asociacionparquecordillera.cl\/celebremos-el-dia-internacional-de-la-ed-ambiental-con-trekking-gratuito-para-profesores\/#primaryimage\",\"url\":\"https:\/\/asociacionparquecordillera.cl\/wp-content\/uploads\/2023\/03\/imagen_2025-06-30_131652307-1-1-1-1-1.webp\",\"contentUrl\":\"https:\/\/asociacionparquecordillera.cl\/wp-content\/uploads\/2023\/03\/imagen_2025-06-30_131652307-1-1-1-1-1.webp\",\"width\":491,\"height\":367,\"caption\":\"Sendero de trekking los peumos\"},{\"@type\":\"BreadcrumbList\",\"@id\":\"https:\/\/asociacionparquecordillera.cl\/celebremos-el-dia-internacional-de-la-ed-ambiental-con-trekking-gratuito-para-profesores\/#breadcrumb\",\"itemListElement\":[{\"@type\":\"ListItem\",\"position\":1,\"name\":\"Home\",\"item\":\"https:\/\/asociacionparquecordillera.cl\/\"},{\"@type\":\"ListItem\",\"position\":2,\"name\":\"Trekking gratuito para profesores\"}]},{\"@type\":\"WebSite\",\"@id\":\"https:\/\/asociacionparquecordillera.cl\/#website\",\"url\":\"https:\/\/asociacionparquecordillera.cl\/\",\"name\":\"Asociaci\u00f3n Parque Cordillera - Parques Regi\u00f3n Metropolitana\",\"description\":\"Asociaci\u00f3n Parque Cordillera promueve la conservaci\u00f3n de la precordillera de Santiago mediante la administraci\u00f3n de parques naturales y el fomento de la educaci\u00f3n ambiental y el turismo sustentable.\",\"publisher\":{\"@id\":\"https:\/\/asociacionparquecordillera.cl\/#organization\"},\"alternateName\":\"Parque Cordillera\",\"potentialAction\":[{\"@type\":\"SearchAction\",\"target\":{\"@type\":\"EntryPoint\",\"urlTemplate\":\"https:\/\/asociacionparquecordillera.cl\/?s={search_term_string}\"},\"query-input\":{\"@type\":\"PropertyValueSpecification\",\"valueRequired\":true,\"valueName\":\"search_term_string\"}}],\"inLanguage\":\"en-US\"},{\"@type\":\"Organization\",\"@id\":\"https:\/\/asociacionparquecordillera.cl\/#organization\",\"name\":\"Asociaci\u00f3n Parque Cordillera - Parques Regi\u00f3n Metropolitana\",\"alternateName\":\"Parque Cordillera\",\"url\":\"https:\/\/asociacionparquecordillera.cl\/\",\"logo\":{\"@type\":\"ImageObject\",\"inLanguage\":\"en-US\",\"@id\":\"https:\/\/asociacionparquecordillera.cl\/#\/schema\/logo\/image\/\",\"url\":\"https:\/\/asociacionparquecordillera.cl\/wp-content\/uploads\/2023\/01\/logo-apc-white-2.svg\",\"contentUrl\":\"https:\/\/asociacionparquecordillera.cl\/wp-content\/uploads\/2023\/01\/logo-apc-white-2.svg\",\"width\":240.789999999999992041921359486877918243408203125,\"height\":80.969999999999998863131622783839702606201171875,\"caption\":\"Asociaci\u00f3n Parque Cordillera - Parques Regi\u00f3n Metropolitana\"},\"image\":{\"@id\":\"https:\/\/asociacionparquecordillera.cl\/#\/schema\/logo\/image\/\"}},{\"@type\":\"Person\",\"@id\":\"https:\/\/asociacionparquecordillera.cl\/#\/schema\/person\/84abb02e974de94d1bd95b5883a31b12\",\"name\":\"Yennifer Molina\",\"image\":{\"@type\":\"ImageObject\",\"inLanguage\":\"en-US\",\"@id\":\"https:\/\/asociacionparquecordillera.cl\/#\/schema\/person\/image\/\",\"url\":\"https:\/\/secure.gravatar.com\/avatar\/9d4ce91ad33ede9592889da648713117096f3d229e872ce04c097f73fb5c4aec?s=96&d=mm&r=g\",\"contentUrl\":\"https:\/\/secure.gravatar.com\/avatar\/9d4ce91ad33ede9592889da648713117096f3d229e872ce04c097f73fb5c4aec?s=96&d=mm&r=g\",\"caption\":\"Yennifer Molina\"},\"url\":\"https:\/\/asociacionparquecordillera.cl\/en\/author\/ymolina\/\"}]}<\/script>\n<!-- \/ Yoast SEO Premium plugin. -->","yoast_head_json":{"title":"Trekking gratuito para profesores - Asociaci\u00f3n Parque Cordillera - Parques Regi\u00f3n Metropolitana","description":"Celebremos el D\u00eda Internacional de la Educaci\u00f3n Ambiental con trekking gratuito para profesores AMIGOS PROFESORES: Este lunes 27 de enero celebraremos el","robots":{"index":"index","follow":"follow","max-snippet":"max-snippet:-1","max-image-preview":"max-image-preview:large","max-video-preview":"max-video-preview:-1"},"canonical":"https:\/\/asociacionparquecordillera.cl\/en\/celebremos-el-dia-internacional-de-la-ed-ambiental-con-trekking-gratuito-para-profesores\/","og_locale":"en_US","og_type":"article","og_title":"Trekking gratuito para profesores","og_description":"Celebremos el D\u00eda Internacional de la Educaci\u00f3n Ambiental con trekking gratuito para profesores AMIGOS PROFESORES: Este lunes 27 de enero celebraremos el","og_url":"https:\/\/asociacionparquecordillera.cl\/en\/celebremos-el-dia-internacional-de-la-ed-ambiental-con-trekking-gratuito-para-profesores\/","og_site_name":"Asociaci\u00f3n Parque Cordillera - Parques Regi\u00f3n Metropolitana","article_published_time":"2020-01-21T19:32:27+00:00","article_modified_time":"2025-06-30T18:45:24+00:00","og_image":[{"width":491,"height":367,"url":"https:\/\/asociacionparquecordillera.cl\/wp-content\/uploads\/2023\/03\/imagen_2025-06-30_131652307-1-1-1-1-1.webp","type":"image\/webp"}],"author":"Yennifer Molina","twitter_card":"summary_large_image","twitter_misc":{"Written by":"Yennifer Molina","Est. reading time":"1 minute"},"schema":{"@context":"https:\/\/schema.org","@graph":[{"@type":"Article","@id":"https:\/\/asociacionparquecordillera.cl\/celebremos-el-dia-internacional-de-la-ed-ambiental-con-trekking-gratuito-para-profesores\/#article","isPartOf":{"@id":"https:\/\/asociacionparquecordillera.cl\/celebremos-el-dia-internacional-de-la-ed-ambiental-con-trekking-gratuito-para-profesores\/"},"author":{"name":"Yennifer Molina","@id":"https:\/\/asociacionparquecordillera.cl\/#\/schema\/person\/84abb02e974de94d1bd95b5883a31b12"},"headline":"Trekking gratuito para profesores","datePublished":"2020-01-21T19:32:27+00:00","dateModified":"2025-06-30T18:45:24+00:00","mainEntityOfPage":{"@id":"https:\/\/asociacionparquecordillera.cl\/celebremos-el-dia-internacional-de-la-ed-ambiental-con-trekking-gratuito-para-profesores\/"},"wordCount":104,"publisher":{"@id":"https:\/\/asociacionparquecordillera.cl\/#organization"},"image":{"@id":"https:\/\/asociacionparquecordillera.cl\/celebremos-el-dia-internacional-de-la-ed-ambiental-con-trekking-gratuito-para-profesores\/#primaryimage"},"thumbnailUrl":"https:\/\/asociacionparquecordillera.cl\/wp-content\/uploads\/2023\/03\/imagen_2025-06-30_131652307-1-1-1-1-1.webp","articleSection":["Prevenci\u00f3n"],"inLanguage":"en-US"},{"@type":"WebPage","@id":"https:\/\/asociacionparquecordillera.cl\/celebremos-el-dia-internacional-de-la-ed-ambiental-con-trekking-gratuito-para-profesores\/","url":"https:\/\/asociacionparquecordillera.cl\/celebremos-el-dia-internacional-de-la-ed-ambiental-con-trekking-gratuito-para-profesores\/","name":"Trekking gratuito para profesores - Asociaci\u00f3n Parque Cordillera - Parques Regi\u00f3n Metropolitana","isPartOf":{"@id":"https:\/\/asociacionparquecordillera.cl\/#website"},"primaryImageOfPage":{"@id":"https:\/\/asociacionparquecordillera.cl\/celebremos-el-dia-internacional-de-la-ed-ambiental-con-trekking-gratuito-para-profesores\/#primaryimage"},"image":{"@id":"https:\/\/asociacionparquecordillera.cl\/celebremos-el-dia-internacional-de-la-ed-ambiental-con-trekking-gratuito-para-profesores\/#primaryimage"},"thumbnailUrl":"https:\/\/asociacionparquecordillera.cl\/wp-content\/uploads\/2023\/03\/imagen_2025-06-30_131652307-1-1-1-1-1.webp","datePublished":"2020-01-21T19:32:27+00:00","dateModified":"2025-06-30T18:45:24+00:00","description":"Celebremos el D\u00eda Internacional de la Educaci\u00f3n Ambiental con trekking gratuito para profesores AMIGOS PROFESORES: Este lunes 27 de enero celebraremos el","breadcrumb":{"@id":"https:\/\/asociacionparquecordillera.cl\/celebremos-el-dia-internacional-de-la-ed-ambiental-con-trekking-gratuito-para-profesores\/#breadcrumb"},"inLanguage":"en-US","potentialAction":[{"@type":"ReadAction","target":["https:\/\/asociacionparquecordillera.cl\/celebremos-el-dia-internacional-de-la-ed-ambiental-con-trekking-gratuito-para-profesores\/"]}]},{"@type":"ImageObject","inLanguage":"en-US","@id":"https:\/\/asociacionparquecordillera.cl\/celebremos-el-dia-internacional-de-la-ed-ambiental-con-trekking-gratuito-para-profesores\/#primaryimage","url":"https:\/\/asociacionparquecordillera.cl\/wp-content\/uploads\/2023\/03\/imagen_2025-06-30_131652307-1-1-1-1-1.webp","contentUrl":"https:\/\/asociacionparquecordillera.cl\/wp-content\/uploads\/2023\/03\/imagen_2025-06-30_131652307-1-1-1-1-1.webp","width":491,"height":367,"caption":"Sendero de trekking los peumos"},{"@type":"BreadcrumbList","@id":"https:\/\/asociacionparquecordillera.cl\/celebremos-el-dia-internacional-de-la-ed-ambiental-con-trekking-gratuito-para-profesores\/#breadcrumb","itemListElement":[{"@type":"ListItem","position":1,"name":"Home","item":"https:\/\/asociacionparquecordillera.cl\/"},{"@type":"ListItem","position":2,"name":"Trekking gratuito para profesores"}]},{"@type":"WebSite","@id":"https:\/\/asociacionparquecordillera.cl\/#website","url":"https:\/\/asociacionparquecordillera.cl\/","name":"Asociaci\u00f3n Parque Cordillera - Parques Regi\u00f3n Metropolitana","description":"Asociaci\u00f3n Parque Cordillera promueve la conservaci\u00f3n de la precordillera de Santiago mediante la administraci\u00f3n de parques naturales y el fomento de la educaci\u00f3n ambiental y el turismo sustentable.","publisher":{"@id":"https:\/\/asociacionparquecordillera.cl\/#organization"},"alternateName":"Parque Cordillera","potentialAction":[{"@type":"SearchAction","target":{"@type":"EntryPoint","urlTemplate":"https:\/\/asociacionparquecordillera.cl\/?s={search_term_string}"},"query-input":{"@type":"PropertyValueSpecification","valueRequired":true,"valueName":"search_term_string"}}],"inLanguage":"en-US"},{"@type":"Organization","@id":"https:\/\/asociacionparquecordillera.cl\/#organization","name":"Asociaci\u00f3n Parque Cordillera - Parques Regi\u00f3n Metropolitana","alternateName":"Parque Cordillera","url":"https:\/\/asociacionparquecordillera.cl\/","logo":{"@type":"ImageObject","inLanguage":"en-US","@id":"https:\/\/asociacionparquecordillera.cl\/#\/schema\/logo\/image\/","url":"https:\/\/asociacionparquecordillera.cl\/wp-content\/uploads\/2023\/01\/logo-apc-white-2.svg","contentUrl":"https:\/\/asociacionparquecordillera.cl\/wp-content\/uploads\/2023\/01\/logo-apc-white-2.svg","width":240.789999999999992041921359486877918243408203125,"height":80.969999999999998863131622783839702606201171875,"caption":"Asociaci\u00f3n Parque Cordillera - Parques Regi\u00f3n Metropolitana"},"image":{"@id":"https:\/\/asociacionparquecordillera.cl\/#\/schema\/logo\/image\/"}},{"@type":"Person","@id":"https:\/\/asociacionparquecordillera.cl\/#\/schema\/person\/84abb02e974de94d1bd95b5883a31b12","name":"Yennifer Molina","image":{"@type":"ImageObject","inLanguage":"en-US","@id":"https:\/\/asociacionparquecordillera.cl\/#\/schema\/person\/image\/","url":"https:\/\/secure.gravatar.com\/avatar\/9d4ce91ad33ede9592889da648713117096f3d229e872ce04c097f73fb5c4aec?s=96&d=mm&r=g","contentUrl":"https:\/\/secure.gravatar.com\/avatar\/9d4ce91ad33ede9592889da648713117096f3d229e872ce04c097f73fb5c4aec?s=96&d=mm&r=g","caption":"Yennifer Molina"},"url":"https:\/\/asociacionparquecordillera.cl\/en\/author\/ymolina\/"}]}},"_links":{"self":[{"href":"https:\/\/asociacionparquecordillera.cl\/en\/wp-json\/wp\/v2\/posts\/1693","targetHints":{"allow":["GET"]}}],"collection":[{"href":"https:\/\/asociacionparquecordillera.cl\/en\/wp-json\/wp\/v2\/posts"}],"about":[{"href":"https:\/\/asociacionparquecordillera.cl\/en\/wp-json\/wp\/v2\/types\/post"}],"author":[{"embeddable":true,"href":"https:\/\/asociacionparquecordillera.cl\/en\/wp-json\/wp\/v2\/users\/12"}],"replies":[{"embeddable":true,"href":"https:\/\/asociacionparquecordillera.cl\/en\/wp-json\/wp\/v2\/comments?post=1693"}],"version-history":[{"count":6,"href":"https:\/\/asociacionparquecordillera.cl\/en\/wp-json\/wp\/v2\/posts\/1693\/revisions"}],"predecessor-version":[{"id":5747,"href":"https:\/\/asociacionparquecordillera.cl\/en\/wp-json\/wp\/v2\/posts\/1693\/revisions\/5747"}],"wp:featuredmedia":[{"embeddable":true,"href":"https:\/\/asociacionparquecordillera.cl\/en\/wp-json\/wp\/v2\/media\/5727"}],"wp:attachment":[{"href":"https:\/\/asociacionparquecordillera.cl\/en\/wp-json\/wp\/v2\/media?parent=1693"}],"wp:term":[{"taxonomy":"category","embeddable":true,"href":"https:\/\/asociacionparquecordillera.cl\/en\/wp-json\/wp\/v2\/categories?post=1693"},{"taxonomy":"post_tag","embeddable":true,"href":"https:\/\/asociacionparquecordillera.cl\/en\/wp-json\/wp\/v2\/tags?post=1693"},{"taxonomy":"slider-category","embeddable":true,"href":"https:\/\/asociacionparquecordillera.cl\/en\/wp-json\/wp\/v2\/slider-category?post=1693"}],"curies":[{"name":"wp","href":"https:\/\/api.w.org\/{rel}","templated":true}]}}