{"id":1701,"date":"2019-08-12T16:44:18","date_gmt":"2019-08-12T19:44:18","guid":{"rendered":"https:\/\/asociacionparquecordillera.cl\/?p=1701"},"modified":"2025-06-30T14:40:05","modified_gmt":"2025-06-30T18:40:05","slug":"voluntariado-de-limpieza-en-parque-natural-san-carlos-de-apoquindo","status":"publish","type":"post","link":"https:\/\/asociacionparquecordillera.cl\/en\/voluntariado-de-limpieza-en-parque-natural-san-carlos-de-apoquindo\/","title":{"rendered":"Voluntariado de limpieza en San Carlos de Apoquindo"},"content":{"rendered":"<div>El pasado 3 de agosto, un grupo conformado por 80 personas del Equipo CAPS 2019, en el marco del proceso de preparaci\u00f3n para realizar la limpieza de El Plomo en enero del 2020 y en coordinaci\u00f3n con la Asociaci\u00f3n Parque Cordillera realizaron una actividad voluntaria de limpieza en el Parque Natural San Carlos de Apoquindo. Desde la Asociaci\u00f3n agradecemos estas iniciativas, donde las personas adem\u00e1s de prepararse f\u00edsicamente, cumplen con una acci\u00f3n ciudadana tan importante como es cuidar el medio ambiente.<\/div>\n<div><\/div>\n<div>\u00a1Cuidemos nuestros parques, manteni\u00e9ndolos limpios y libres de basura!<\/div>\n<div><\/div>\n<div><img fetchpriority=\"high\" decoding=\"async\" class=\"alignnone size-large wp-image-5681\" src=\"https:\/\/web.archive.org\/web\/20210926114514im_\/http:\/\/asociacionparquecordillera.cl\/wp-content\/uploads\/2019\/08\/IMG_1757-1024x768.jpg\" sizes=\"(max-width: 604px) 100vw, 604px\" srcset=\"https:\/\/web.archive.org\/web\/20210926114514im_\/https:\/\/asociacionparquecordillera.cl\/wp-content\/uploads\/2019\/08\/IMG_1757-1024x768.jpg 1024w, https:\/\/web.archive.org\/web\/20210926114514im_\/https:\/\/asociacionparquecordillera.cl\/wp-content\/uploads\/2019\/08\/IMG_1757-300x225.jpg 300w\" alt=\"IMG_1757\" width=\"604\" height=\"453\" \/><\/div>\n<div><\/div>\n<div><img decoding=\"async\" class=\"alignnone size-large wp-image-5680\" src=\"https:\/\/web.archive.org\/web\/20210926114514im_\/http:\/\/asociacionparquecordillera.cl\/wp-content\/uploads\/2019\/08\/IMG_1823-1024x768.jpg\" sizes=\"(max-width: 604px) 100vw, 604px\" srcset=\"https:\/\/web.archive.org\/web\/20210926114514im_\/https:\/\/asociacionparquecordillera.cl\/wp-content\/uploads\/2019\/08\/IMG_1823-1024x768.jpg 1024w, https:\/\/web.archive.org\/web\/20210926114514im_\/https:\/\/asociacionparquecordillera.cl\/wp-content\/uploads\/2019\/08\/IMG_1823-300x225.jpg 300w\" alt=\"IMG_1823\" width=\"604\" height=\"453\" \/><\/div>\n<div><\/div>\n<div><img decoding=\"async\" class=\"alignnone size-large wp-image-5678\" src=\"https:\/\/web.archive.org\/web\/20210926114514im_\/http:\/\/asociacionparquecordillera.cl\/wp-content\/uploads\/2019\/08\/IMG_1647-1024x768.jpg\" sizes=\"(max-width: 604px) 100vw, 604px\" srcset=\"https:\/\/web.archive.org\/web\/20210926114514im_\/https:\/\/asociacionparquecordillera.cl\/wp-content\/uploads\/2019\/08\/IMG_1647-1024x768.jpg 1024w, https:\/\/web.archive.org\/web\/20210926114514im_\/https:\/\/asociacionparquecordillera.cl\/wp-content\/uploads\/2019\/08\/IMG_1647-300x225.jpg 300w\" alt=\"IMG_1647\" width=\"604\" height=\"453\" \/><\/div>","protected":false},"excerpt":{"rendered":"<p>El pasado 3 de agosto, un grupo conformado por 80 personas del Equipo CAPS 2019, en el marco del proceso de preparaci\u00f3n para realizar la limpieza de El Plomo en enero del 2020 y en coordinaci\u00f3n con la Asociaci\u00f3n Parque Cordillera realizaron una actividad voluntaria de limpieza en el Parque Natural San Carlos de Apoquindo. [&hellip;]<\/p>","protected":false},"author":12,"featured_media":1702,"comment_status":"closed","ping_status":"closed","sticky":false,"template":"","format":"standard","meta":{"site-sidebar-layout":"default","site-content-layout":"default","ast-site-content-layout":"default","site-content-style":"default","site-sidebar-style":"default","ast-global-header-display":"","ast-banner-title-visibility":"","ast-main-header-display":"","ast-hfb-above-header-display":"","ast-hfb-below-header-display":"","ast-hfb-mobile-header-display":"","site-post-title":"","ast-breadcrumbs-content":"","ast-featured-img":"","footer-sml-layout":"","theme-transparent-header-meta":"default","adv-header-id-meta":"","stick-header-meta":"default","header-above-stick-meta":"","header-main-stick-meta":"","header-below-stick-meta":"","astra-migrate-meta-layouts":"set","ast-page-background-enabled":"default","ast-page-background-meta":{"desktop":{"background-color":"var(--ast-global-color-4)","background-image":"","background-repeat":"repeat","background-position":"center center","background-size":"auto","background-attachment":"scroll","background-type":"","background-media":"","overlay-type":"","overlay-color":"","overlay-opacity":"","overlay-gradient":""},"tablet":{"background-color":"","background-image":"","background-repeat":"repeat","background-position":"center center","background-size":"auto","background-attachment":"scroll","background-type":"","background-media":"","overlay-type":"","overlay-color":"","overlay-opacity":"","overlay-gradient":""},"mobile":{"background-color":"","background-image":"","background-repeat":"repeat","background-position":"center center","background-size":"auto","background-attachment":"scroll","background-type":"","background-media":"","overlay-type":"","overlay-color":"","overlay-opacity":"","overlay-gradient":""}},"ast-content-background-meta":{"desktop":{"background-color":"var(--ast-global-color-5)","background-image":"","background-repeat":"repeat","background-position":"center center","background-size":"auto","background-attachment":"scroll","background-type":"","background-media":"","overlay-type":"","overlay-color":"","overlay-opacity":"","overlay-gradient":""},"tablet":{"background-color":"var(--ast-global-color-5)","background-image":"","background-repeat":"repeat","background-position":"center center","background-size":"auto","background-attachment":"scroll","background-type":"","background-media":"","overlay-type":"","overlay-color":"","overlay-opacity":"","overlay-gradient":""},"mobile":{"background-color":"var(--ast-global-color-5)","background-image":"","background-repeat":"repeat","background-position":"center center","background-size":"auto","background-attachment":"scroll","background-type":"","background-media":"","overlay-type":"","overlay-color":"","overlay-opacity":"","overlay-gradient":""}},"footnotes":""},"categories":[1],"tags":[],"slider-category":[],"class_list":["post-1701","post","type-post","status-publish","format-standard","has-post-thumbnail","hentry","category-prevencion"],"yoast_head":"<!-- This site is optimized with the Yoast SEO Premium plugin v22.9 (Yoast SEO v23.9) - https:\/\/yoast.com\/wordpress\/plugins\/seo\/ -->\n<title>Voluntariado de limpieza en San Carlos de Apoquindo - Asociaci\u00f3n Parque Cordillera - Parques Regi\u00f3n Metropolitana<\/title>\n<meta name=\"description\" content=\"El pasado 3 de agosto, un grupo conformado por 80 personas del Equipo CAPS 2019, en el marco del proceso de preparaci\u00f3n para realizar la limpieza de El\" \/>\n<meta name=\"robots\" content=\"index, follow, max-snippet:-1, max-image-preview:large, max-video-preview:-1\" \/>\n<link rel=\"canonical\" href=\"https:\/\/asociacionparquecordillera.cl\/en\/voluntariado-de-limpieza-en-parque-natural-san-carlos-de-apoquindo\/\" \/>\n<meta property=\"og:locale\" content=\"en_US\" \/>\n<meta property=\"og:type\" content=\"article\" \/>\n<meta property=\"og:title\" content=\"Voluntariado de limpieza en San Carlos de Apoquindo\" \/>\n<meta property=\"og:description\" content=\"El pasado 3 de agosto, un grupo conformado por 80 personas del Equipo CAPS 2019, en el marco del proceso de preparaci\u00f3n para realizar la limpieza de El\" \/>\n<meta property=\"og:url\" content=\"https:\/\/asociacionparquecordillera.cl\/en\/voluntariado-de-limpieza-en-parque-natural-san-carlos-de-apoquindo\/\" \/>\n<meta property=\"og:site_name\" content=\"Asociaci\u00f3n Parque Cordillera - Parques Regi\u00f3n Metropolitana\" \/>\n<meta property=\"article:published_time\" content=\"2019-08-12T19:44:18+00:00\" \/>\n<meta property=\"article:modified_time\" content=\"2025-06-30T18:40:05+00:00\" \/>\n<meta property=\"og:image\" content=\"https:\/\/asociacionparquecordillera.cl\/wp-content\/uploads\/2023\/03\/IMG_1757-1024x768-1.jpg\" \/>\n\t<meta property=\"og:image:width\" content=\"1024\" \/>\n\t<meta property=\"og:image:height\" content=\"768\" \/>\n\t<meta property=\"og:image:type\" content=\"image\/jpeg\" \/>\n<meta name=\"author\" content=\"Yennifer Molina\" \/>\n<meta name=\"twitter:card\" content=\"summary_large_image\" \/>\n<meta name=\"twitter:label1\" content=\"Written by\" \/>\n\t<meta name=\"twitter:data1\" content=\"Yennifer Molina\" \/>\n\t<meta name=\"twitter:label2\" content=\"Est. reading time\" \/>\n\t<meta name=\"twitter:data2\" content=\"2 minutes\" \/>\n<script type=\"application\/ld+json\" class=\"yoast-schema-graph\">{\"@context\":\"https:\/\/schema.org\",\"@graph\":[{\"@type\":\"Article\",\"@id\":\"https:\/\/asociacionparquecordillera.cl\/voluntariado-de-limpieza-en-parque-natural-san-carlos-de-apoquindo\/#article\",\"isPartOf\":{\"@id\":\"https:\/\/asociacionparquecordillera.cl\/voluntariado-de-limpieza-en-parque-natural-san-carlos-de-apoquindo\/\"},\"author\":{\"name\":\"Yennifer Molina\",\"@id\":\"https:\/\/asociacionparquecordillera.cl\/#\/schema\/person\/84abb02e974de94d1bd95b5883a31b12\"},\"headline\":\"Voluntariado de limpieza en San Carlos de Apoquindo\",\"datePublished\":\"2019-08-12T19:44:18+00:00\",\"dateModified\":\"2025-06-30T18:40:05+00:00\",\"mainEntityOfPage\":{\"@id\":\"https:\/\/asociacionparquecordillera.cl\/voluntariado-de-limpieza-en-parque-natural-san-carlos-de-apoquindo\/\"},\"wordCount\":102,\"publisher\":{\"@id\":\"https:\/\/asociacionparquecordillera.cl\/#organization\"},\"image\":{\"@id\":\"https:\/\/asociacionparquecordillera.cl\/voluntariado-de-limpieza-en-parque-natural-san-carlos-de-apoquindo\/#primaryimage\"},\"thumbnailUrl\":\"https:\/\/asociacionparquecordillera.cl\/wp-content\/uploads\/2023\/03\/IMG_1757-1024x768-1.jpg\",\"articleSection\":[\"Prevenci\u00f3n\"],\"inLanguage\":\"en-US\"},{\"@type\":\"WebPage\",\"@id\":\"https:\/\/asociacionparquecordillera.cl\/voluntariado-de-limpieza-en-parque-natural-san-carlos-de-apoquindo\/\",\"url\":\"https:\/\/asociacionparquecordillera.cl\/voluntariado-de-limpieza-en-parque-natural-san-carlos-de-apoquindo\/\",\"name\":\"Voluntariado de limpieza en San Carlos de Apoquindo - Asociaci\u00f3n Parque Cordillera - Parques Regi\u00f3n Metropolitana\",\"isPartOf\":{\"@id\":\"https:\/\/asociacionparquecordillera.cl\/#website\"},\"primaryImageOfPage\":{\"@id\":\"https:\/\/asociacionparquecordillera.cl\/voluntariado-de-limpieza-en-parque-natural-san-carlos-de-apoquindo\/#primaryimage\"},\"image\":{\"@id\":\"https:\/\/asociacionparquecordillera.cl\/voluntariado-de-limpieza-en-parque-natural-san-carlos-de-apoquindo\/#primaryimage\"},\"thumbnailUrl\":\"https:\/\/asociacionparquecordillera.cl\/wp-content\/uploads\/2023\/03\/IMG_1757-1024x768-1.jpg\",\"datePublished\":\"2019-08-12T19:44:18+00:00\",\"dateModified\":\"2025-06-30T18:40:05+00:00\",\"description\":\"El pasado 3 de agosto, un grupo conformado por 80 personas del Equipo CAPS 2019, en el marco del proceso de preparaci\u00f3n para realizar la limpieza de El\",\"breadcrumb\":{\"@id\":\"https:\/\/asociacionparquecordillera.cl\/voluntariado-de-limpieza-en-parque-natural-san-carlos-de-apoquindo\/#breadcrumb\"},\"inLanguage\":\"en-US\",\"potentialAction\":[{\"@type\":\"ReadAction\",\"target\":[\"https:\/\/asociacionparquecordillera.cl\/voluntariado-de-limpieza-en-parque-natural-san-carlos-de-apoquindo\/\"]}]},{\"@type\":\"ImageObject\",\"inLanguage\":\"en-US\",\"@id\":\"https:\/\/asociacionparquecordillera.cl\/voluntariado-de-limpieza-en-parque-natural-san-carlos-de-apoquindo\/#primaryimage\",\"url\":\"https:\/\/asociacionparquecordillera.cl\/wp-content\/uploads\/2023\/03\/IMG_1757-1024x768-1.jpg\",\"contentUrl\":\"https:\/\/asociacionparquecordillera.cl\/wp-content\/uploads\/2023\/03\/IMG_1757-1024x768-1.jpg\",\"width\":1024,\"height\":768,\"caption\":\"Personas en voluntariado en Parque Natural San Carlos de Apoquindo\"},{\"@type\":\"BreadcrumbList\",\"@id\":\"https:\/\/asociacionparquecordillera.cl\/voluntariado-de-limpieza-en-parque-natural-san-carlos-de-apoquindo\/#breadcrumb\",\"itemListElement\":[{\"@type\":\"ListItem\",\"position\":1,\"name\":\"Home\",\"item\":\"https:\/\/asociacionparquecordillera.cl\/\"},{\"@type\":\"ListItem\",\"position\":2,\"name\":\"Voluntariado de limpieza en San Carlos de Apoquindo\"}]},{\"@type\":\"WebSite\",\"@id\":\"https:\/\/asociacionparquecordillera.cl\/#website\",\"url\":\"https:\/\/asociacionparquecordillera.cl\/\",\"name\":\"Asociaci\u00f3n Parque Cordillera - Parques Regi\u00f3n Metropolitana\",\"description\":\"Asociaci\u00f3n Parque Cordillera promueve la conservaci\u00f3n de la precordillera de Santiago mediante la administraci\u00f3n de parques naturales y el fomento de la educaci\u00f3n ambiental y el turismo sustentable.\",\"publisher\":{\"@id\":\"https:\/\/asociacionparquecordillera.cl\/#organization\"},\"alternateName\":\"Parque Cordillera\",\"potentialAction\":[{\"@type\":\"SearchAction\",\"target\":{\"@type\":\"EntryPoint\",\"urlTemplate\":\"https:\/\/asociacionparquecordillera.cl\/?s={search_term_string}\"},\"query-input\":{\"@type\":\"PropertyValueSpecification\",\"valueRequired\":true,\"valueName\":\"search_term_string\"}}],\"inLanguage\":\"en-US\"},{\"@type\":\"Organization\",\"@id\":\"https:\/\/asociacionparquecordillera.cl\/#organization\",\"name\":\"Asociaci\u00f3n Parque Cordillera - Parques Regi\u00f3n Metropolitana\",\"alternateName\":\"Parque Cordillera\",\"url\":\"https:\/\/asociacionparquecordillera.cl\/\",\"logo\":{\"@type\":\"ImageObject\",\"inLanguage\":\"en-US\",\"@id\":\"https:\/\/asociacionparquecordillera.cl\/#\/schema\/logo\/image\/\",\"url\":\"https:\/\/asociacionparquecordillera.cl\/wp-content\/uploads\/2023\/01\/logo-apc-white-2.svg\",\"contentUrl\":\"https:\/\/asociacionparquecordillera.cl\/wp-content\/uploads\/2023\/01\/logo-apc-white-2.svg\",\"width\":240.789999999999992041921359486877918243408203125,\"height\":80.969999999999998863131622783839702606201171875,\"caption\":\"Asociaci\u00f3n Parque Cordillera - Parques Regi\u00f3n Metropolitana\"},\"image\":{\"@id\":\"https:\/\/asociacionparquecordillera.cl\/#\/schema\/logo\/image\/\"}},{\"@type\":\"Person\",\"@id\":\"https:\/\/asociacionparquecordillera.cl\/#\/schema\/person\/84abb02e974de94d1bd95b5883a31b12\",\"name\":\"Yennifer Molina\",\"image\":{\"@type\":\"ImageObject\",\"inLanguage\":\"en-US\",\"@id\":\"https:\/\/asociacionparquecordillera.cl\/#\/schema\/person\/image\/\",\"url\":\"https:\/\/secure.gravatar.com\/avatar\/9d4ce91ad33ede9592889da648713117096f3d229e872ce04c097f73fb5c4aec?s=96&d=mm&r=g\",\"contentUrl\":\"https:\/\/secure.gravatar.com\/avatar\/9d4ce91ad33ede9592889da648713117096f3d229e872ce04c097f73fb5c4aec?s=96&d=mm&r=g\",\"caption\":\"Yennifer Molina\"},\"url\":\"https:\/\/asociacionparquecordillera.cl\/en\/author\/ymolina\/\"}]}<\/script>\n<!-- \/ Yoast SEO Premium plugin. -->","yoast_head_json":{"title":"Voluntariado de limpieza en San Carlos de Apoquindo - Asociaci\u00f3n Parque Cordillera - Parques Regi\u00f3n Metropolitana","description":"El pasado 3 de agosto, un grupo conformado por 80 personas del Equipo CAPS 2019, en el marco del proceso de preparaci\u00f3n para realizar la limpieza de El","robots":{"index":"index","follow":"follow","max-snippet":"max-snippet:-1","max-image-preview":"max-image-preview:large","max-video-preview":"max-video-preview:-1"},"canonical":"https:\/\/asociacionparquecordillera.cl\/en\/voluntariado-de-limpieza-en-parque-natural-san-carlos-de-apoquindo\/","og_locale":"en_US","og_type":"article","og_title":"Voluntariado de limpieza en San Carlos de Apoquindo","og_description":"El pasado 3 de agosto, un grupo conformado por 80 personas del Equipo CAPS 2019, en el marco del proceso de preparaci\u00f3n para realizar la limpieza de El","og_url":"https:\/\/asociacionparquecordillera.cl\/en\/voluntariado-de-limpieza-en-parque-natural-san-carlos-de-apoquindo\/","og_site_name":"Asociaci\u00f3n Parque Cordillera - Parques Regi\u00f3n Metropolitana","article_published_time":"2019-08-12T19:44:18+00:00","article_modified_time":"2025-06-30T18:40:05+00:00","og_image":[{"width":1024,"height":768,"url":"https:\/\/asociacionparquecordillera.cl\/wp-content\/uploads\/2023\/03\/IMG_1757-1024x768-1.jpg","type":"image\/jpeg"}],"author":"Yennifer Molina","twitter_card":"summary_large_image","twitter_misc":{"Written by":"Yennifer Molina","Est. reading time":"2 minutes"},"schema":{"@context":"https:\/\/schema.org","@graph":[{"@type":"Article","@id":"https:\/\/asociacionparquecordillera.cl\/voluntariado-de-limpieza-en-parque-natural-san-carlos-de-apoquindo\/#article","isPartOf":{"@id":"https:\/\/asociacionparquecordillera.cl\/voluntariado-de-limpieza-en-parque-natural-san-carlos-de-apoquindo\/"},"author":{"name":"Yennifer Molina","@id":"https:\/\/asociacionparquecordillera.cl\/#\/schema\/person\/84abb02e974de94d1bd95b5883a31b12"},"headline":"Voluntariado de limpieza en San Carlos de Apoquindo","datePublished":"2019-08-12T19:44:18+00:00","dateModified":"2025-06-30T18:40:05+00:00","mainEntityOfPage":{"@id":"https:\/\/asociacionparquecordillera.cl\/voluntariado-de-limpieza-en-parque-natural-san-carlos-de-apoquindo\/"},"wordCount":102,"publisher":{"@id":"https:\/\/asociacionparquecordillera.cl\/#organization"},"image":{"@id":"https:\/\/asociacionparquecordillera.cl\/voluntariado-de-limpieza-en-parque-natural-san-carlos-de-apoquindo\/#primaryimage"},"thumbnailUrl":"https:\/\/asociacionparquecordillera.cl\/wp-content\/uploads\/2023\/03\/IMG_1757-1024x768-1.jpg","articleSection":["Prevenci\u00f3n"],"inLanguage":"en-US"},{"@type":"WebPage","@id":"https:\/\/asociacionparquecordillera.cl\/voluntariado-de-limpieza-en-parque-natural-san-carlos-de-apoquindo\/","url":"https:\/\/asociacionparquecordillera.cl\/voluntariado-de-limpieza-en-parque-natural-san-carlos-de-apoquindo\/","name":"Voluntariado de limpieza en San Carlos de Apoquindo - Asociaci\u00f3n Parque Cordillera - Parques Regi\u00f3n Metropolitana","isPartOf":{"@id":"https:\/\/asociacionparquecordillera.cl\/#website"},"primaryImageOfPage":{"@id":"https:\/\/asociacionparquecordillera.cl\/voluntariado-de-limpieza-en-parque-natural-san-carlos-de-apoquindo\/#primaryimage"},"image":{"@id":"https:\/\/asociacionparquecordillera.cl\/voluntariado-de-limpieza-en-parque-natural-san-carlos-de-apoquindo\/#primaryimage"},"thumbnailUrl":"https:\/\/asociacionparquecordillera.cl\/wp-content\/uploads\/2023\/03\/IMG_1757-1024x768-1.jpg","datePublished":"2019-08-12T19:44:18+00:00","dateModified":"2025-06-30T18:40:05+00:00","description":"El pasado 3 de agosto, un grupo conformado por 80 personas del Equipo CAPS 2019, en el marco del proceso de preparaci\u00f3n para realizar la limpieza de El","breadcrumb":{"@id":"https:\/\/asociacionparquecordillera.cl\/voluntariado-de-limpieza-en-parque-natural-san-carlos-de-apoquindo\/#breadcrumb"},"inLanguage":"en-US","potentialAction":[{"@type":"ReadAction","target":["https:\/\/asociacionparquecordillera.cl\/voluntariado-de-limpieza-en-parque-natural-san-carlos-de-apoquindo\/"]}]},{"@type":"ImageObject","inLanguage":"en-US","@id":"https:\/\/asociacionparquecordillera.cl\/voluntariado-de-limpieza-en-parque-natural-san-carlos-de-apoquindo\/#primaryimage","url":"https:\/\/asociacionparquecordillera.cl\/wp-content\/uploads\/2023\/03\/IMG_1757-1024x768-1.jpg","contentUrl":"https:\/\/asociacionparquecordillera.cl\/wp-content\/uploads\/2023\/03\/IMG_1757-1024x768-1.jpg","width":1024,"height":768,"caption":"Personas en voluntariado en Parque Natural San Carlos de Apoquindo"},{"@type":"BreadcrumbList","@id":"https:\/\/asociacionparquecordillera.cl\/voluntariado-de-limpieza-en-parque-natural-san-carlos-de-apoquindo\/#breadcrumb","itemListElement":[{"@type":"ListItem","position":1,"name":"Home","item":"https:\/\/asociacionparquecordillera.cl\/"},{"@type":"ListItem","position":2,"name":"Voluntariado de limpieza en San Carlos de Apoquindo"}]},{"@type":"WebSite","@id":"https:\/\/asociacionparquecordillera.cl\/#website","url":"https:\/\/asociacionparquecordillera.cl\/","name":"Asociaci\u00f3n Parque Cordillera - Parques Regi\u00f3n Metropolitana","description":"Asociaci\u00f3n Parque Cordillera promueve la conservaci\u00f3n de la precordillera de Santiago mediante la administraci\u00f3n de parques naturales y el fomento de la educaci\u00f3n ambiental y el turismo sustentable.","publisher":{"@id":"https:\/\/asociacionparquecordillera.cl\/#organization"},"alternateName":"Parque Cordillera","potentialAction":[{"@type":"SearchAction","target":{"@type":"EntryPoint","urlTemplate":"https:\/\/asociacionparquecordillera.cl\/?s={search_term_string}"},"query-input":{"@type":"PropertyValueSpecification","valueRequired":true,"valueName":"search_term_string"}}],"inLanguage":"en-US"},{"@type":"Organization","@id":"https:\/\/asociacionparquecordillera.cl\/#organization","name":"Asociaci\u00f3n Parque Cordillera - Parques Regi\u00f3n Metropolitana","alternateName":"Parque Cordillera","url":"https:\/\/asociacionparquecordillera.cl\/","logo":{"@type":"ImageObject","inLanguage":"en-US","@id":"https:\/\/asociacionparquecordillera.cl\/#\/schema\/logo\/image\/","url":"https:\/\/asociacionparquecordillera.cl\/wp-content\/uploads\/2023\/01\/logo-apc-white-2.svg","contentUrl":"https:\/\/asociacionparquecordillera.cl\/wp-content\/uploads\/2023\/01\/logo-apc-white-2.svg","width":240.789999999999992041921359486877918243408203125,"height":80.969999999999998863131622783839702606201171875,"caption":"Asociaci\u00f3n Parque Cordillera - Parques Regi\u00f3n Metropolitana"},"image":{"@id":"https:\/\/asociacionparquecordillera.cl\/#\/schema\/logo\/image\/"}},{"@type":"Person","@id":"https:\/\/asociacionparquecordillera.cl\/#\/schema\/person\/84abb02e974de94d1bd95b5883a31b12","name":"Yennifer Molina","image":{"@type":"ImageObject","inLanguage":"en-US","@id":"https:\/\/asociacionparquecordillera.cl\/#\/schema\/person\/image\/","url":"https:\/\/secure.gravatar.com\/avatar\/9d4ce91ad33ede9592889da648713117096f3d229e872ce04c097f73fb5c4aec?s=96&d=mm&r=g","contentUrl":"https:\/\/secure.gravatar.com\/avatar\/9d4ce91ad33ede9592889da648713117096f3d229e872ce04c097f73fb5c4aec?s=96&d=mm&r=g","caption":"Yennifer Molina"},"url":"https:\/\/asociacionparquecordillera.cl\/en\/author\/ymolina\/"}]}},"_links":{"self":[{"href":"https:\/\/asociacionparquecordillera.cl\/en\/wp-json\/wp\/v2\/posts\/1701","targetHints":{"allow":["GET"]}}],"collection":[{"href":"https:\/\/asociacionparquecordillera.cl\/en\/wp-json\/wp\/v2\/posts"}],"about":[{"href":"https:\/\/asociacionparquecordillera.cl\/en\/wp-json\/wp\/v2\/types\/post"}],"author":[{"embeddable":true,"href":"https:\/\/asociacionparquecordillera.cl\/en\/wp-json\/wp\/v2\/users\/12"}],"replies":[{"embeddable":true,"href":"https:\/\/asociacionparquecordillera.cl\/en\/wp-json\/wp\/v2\/comments?post=1701"}],"version-history":[{"count":3,"href":"https:\/\/asociacionparquecordillera.cl\/en\/wp-json\/wp\/v2\/posts\/1701\/revisions"}],"predecessor-version":[{"id":5745,"href":"https:\/\/asociacionparquecordillera.cl\/en\/wp-json\/wp\/v2\/posts\/1701\/revisions\/5745"}],"wp:featuredmedia":[{"embeddable":true,"href":"https:\/\/asociacionparquecordillera.cl\/en\/wp-json\/wp\/v2\/media\/1702"}],"wp:attachment":[{"href":"https:\/\/asociacionparquecordillera.cl\/en\/wp-json\/wp\/v2\/media?parent=1701"}],"wp:term":[{"taxonomy":"category","embeddable":true,"href":"https:\/\/asociacionparquecordillera.cl\/en\/wp-json\/wp\/v2\/categories?post=1701"},{"taxonomy":"post_tag","embeddable":true,"href":"https:\/\/asociacionparquecordillera.cl\/en\/wp-json\/wp\/v2\/tags?post=1701"},{"taxonomy":"slider-category","embeddable":true,"href":"https:\/\/asociacionparquecordillera.cl\/en\/wp-json\/wp\/v2\/slider-category?post=1701"}],"curies":[{"name":"wp","href":"https:\/\/api.w.org\/{rel}","templated":true}]}}