{"id":3213,"date":"2023-08-12T10:21:05","date_gmt":"2023-08-12T13:21:05","guid":{"rendered":"https:\/\/asociacionparquecordillera.cl\/?p=3213"},"modified":"2025-06-30T15:56:51","modified_gmt":"2025-06-30T19:56:51","slug":"trekking-nocturno-la-plaza-sur","status":"publish","type":"post","link":"https:\/\/asociacionparquecordillera.cl\/en\/trekking-nocturno-la-plaza-sur\/","title":{"rendered":"Trekking Nocturno La Plaza Sur"},"content":{"rendered":"<table>\n<tbody>\n<tr>\n<td><strong>Actividades aniversario | 30 a\u00f1os Asociaci\u00f3n Parque Cordillera.<\/strong><\/p>\n<div>En el marco de los 30 A\u00f1os de Asociaci\u00f3n Parque Cordillera, es que durante el mes de agosto estuvimos realizando un \u201cTrekking Nocturno\u201d en nuestro parque La Plaza Sur, ubicado en la comuna de Las Condes.<\/div>\n<div><\/div>\n<div>En esta instancia los participantes realizaron el sendero del Morro las Papas acompa\u00f1ados por nuestros monitores ambientales. Aprovecharon la puesta de sol sobre la ciudad y caminaron por nuestros senderos en la oscuridad y utilizando sus linternas.<\/div>\n<p>&nbsp;<\/p>\n<p><span style=\"font-weight: 400;\"><img fetchpriority=\"high\" decoding=\"async\" class=\"alignnone wp-image-5751 size-medium\" src=\"https:\/\/asociacionparquecordillera.cl\/wp-content\/uploads\/2023\/08\/imagen_2025-06-30_154732363-300x199.webp\" alt=\"Grupo de personas recorriendo el Parque Natural La Plaza Sur al atardecer en un trekking guiado\" width=\"300\" height=\"199\" srcset=\"https:\/\/asociacionparquecordillera.cl\/wp-content\/uploads\/2023\/08\/imagen_2025-06-30_154732363-300x199.webp 300w, https:\/\/asociacionparquecordillera.cl\/wp-content\/uploads\/2023\/08\/imagen_2025-06-30_154732363-1024x679.webp 1024w, https:\/\/asociacionparquecordillera.cl\/wp-content\/uploads\/2023\/08\/imagen_2025-06-30_154732363-768x510.webp 768w, https:\/\/asociacionparquecordillera.cl\/wp-content\/uploads\/2023\/08\/imagen_2025-06-30_154732363-18x12.webp 18w, https:\/\/asociacionparquecordillera.cl\/wp-content\/uploads\/2023\/08\/imagen_2025-06-30_154732363.webp 1382w\" sizes=\"(max-width: 300px) 100vw, 300px\" \/><\/span><\/p>\n<table>\n<tbody>\n<tr>\n<td><\/td>\n<\/tr>\n<\/tbody>\n<\/table>\n<\/td>\n<\/tr>\n<\/tbody>\n<\/table>","protected":false},"excerpt":{"rendered":"<p>Actividades aniversario | 30 a\u00f1os Asociaci\u00f3n Parque Cordillera. En el marco de los 30 A\u00f1os de Asociaci\u00f3n Parque Cordillera, es que durante el mes de agosto estuvimos realizando un \u201cTrekking Nocturno\u201d en nuestro parque La Plaza Sur, ubicado en la comuna de Las Condes. En esta instancia los participantes realizaron el sendero del Morro las [&hellip;]<\/p>","protected":false},"author":12,"featured_media":5749,"comment_status":"closed","ping_status":"closed","sticky":false,"template":"","format":"standard","meta":{"site-sidebar-layout":"default","site-content-layout":"default","ast-site-content-layout":"default","site-content-style":"default","site-sidebar-style":"default","ast-global-header-display":"","ast-banner-title-visibility":"","ast-main-header-display":"","ast-hfb-above-header-display":"","ast-hfb-below-header-display":"","ast-hfb-mobile-header-display":"","site-post-title":"","ast-breadcrumbs-content":"","ast-featured-img":"","footer-sml-layout":"","theme-transparent-header-meta":"default","adv-header-id-meta":"","stick-header-meta":"default","header-above-stick-meta":"","header-main-stick-meta":"","header-below-stick-meta":"","astra-migrate-meta-layouts":"set","ast-page-background-enabled":"default","ast-page-background-meta":{"desktop":{"background-color":"var(--ast-global-color-4)","background-image":"","background-repeat":"repeat","background-position":"center center","background-size":"auto","background-attachment":"scroll","background-type":"","background-media":"","overlay-type":"","overlay-color":"","overlay-opacity":"","overlay-gradient":""},"tablet":{"background-color":"","background-image":"","background-repeat":"repeat","background-position":"center center","background-size":"auto","background-attachment":"scroll","background-type":"","background-media":"","overlay-type":"","overlay-color":"","overlay-opacity":"","overlay-gradient":""},"mobile":{"background-color":"","background-image":"","background-repeat":"repeat","background-position":"center center","background-size":"auto","background-attachment":"scroll","background-type":"","background-media":"","overlay-type":"","overlay-color":"","overlay-opacity":"","overlay-gradient":""}},"ast-content-background-meta":{"desktop":{"background-color":"var(--ast-global-color-5)","background-image":"","background-repeat":"repeat","background-position":"center center","background-size":"auto","background-attachment":"scroll","background-type":"","background-media":"","overlay-type":"","overlay-color":"","overlay-opacity":"","overlay-gradient":""},"tablet":{"background-color":"var(--ast-global-color-5)","background-image":"","background-repeat":"repeat","background-position":"center center","background-size":"auto","background-attachment":"scroll","background-type":"","background-media":"","overlay-type":"","overlay-color":"","overlay-opacity":"","overlay-gradient":""},"mobile":{"background-color":"var(--ast-global-color-5)","background-image":"","background-repeat":"repeat","background-position":"center center","background-size":"auto","background-attachment":"scroll","background-type":"","background-media":"","overlay-type":"","overlay-color":"","overlay-opacity":"","overlay-gradient":""}},"footnotes":""},"categories":[17],"tags":[],"slider-category":[],"class_list":["post-3213","post","type-post","status-publish","format-standard","has-post-thumbnail","hentry","category-comunidad"],"yoast_head":"<!-- This site is optimized with the Yoast SEO Premium plugin v22.9 (Yoast SEO v23.9) - https:\/\/yoast.com\/wordpress\/plugins\/seo\/ -->\n<title>Trekking Nocturno La Plaza Sur - Asociaci\u00f3n Parque Cordillera - Parques Regi\u00f3n Metropolitana<\/title>\n<meta name=\"description\" content=\"Actividades aniversario | 30 a\u00f1os Asociaci\u00f3n Parque Cordillera. En el marco de los 30 A\u00f1os de Asociaci\u00f3n Parque Cordillera, es que durante el mes de\" \/>\n<meta name=\"robots\" content=\"index, follow, max-snippet:-1, max-image-preview:large, max-video-preview:-1\" \/>\n<link rel=\"canonical\" href=\"https:\/\/asociacionparquecordillera.cl\/en\/trekking-nocturno-la-plaza-sur\/\" \/>\n<meta property=\"og:locale\" content=\"en_US\" \/>\n<meta property=\"og:type\" content=\"article\" \/>\n<meta property=\"og:title\" content=\"Trekking Nocturno La Plaza Sur\" \/>\n<meta property=\"og:description\" content=\"Actividades aniversario | 30 a\u00f1os Asociaci\u00f3n Parque Cordillera. En el marco de los 30 A\u00f1os de Asociaci\u00f3n Parque Cordillera, es que durante el mes de\" \/>\n<meta property=\"og:url\" content=\"https:\/\/asociacionparquecordillera.cl\/en\/trekking-nocturno-la-plaza-sur\/\" \/>\n<meta property=\"og:site_name\" content=\"Asociaci\u00f3n Parque Cordillera - Parques Regi\u00f3n Metropolitana\" \/>\n<meta property=\"article:published_time\" content=\"2023-08-12T13:21:05+00:00\" \/>\n<meta property=\"article:modified_time\" content=\"2025-06-30T19:56:51+00:00\" \/>\n<meta property=\"og:image\" content=\"https:\/\/asociacionparquecordillera.cl\/wp-content\/uploads\/2023\/08\/imagen_2025-06-30_154759685.webp\" \/>\n\t<meta property=\"og:image:width\" content=\"1875\" \/>\n\t<meta property=\"og:image:height\" content=\"604\" \/>\n\t<meta property=\"og:image:type\" content=\"image\/webp\" \/>\n<meta name=\"author\" content=\"Yennifer Molina\" \/>\n<meta name=\"twitter:card\" content=\"summary_large_image\" \/>\n<meta name=\"twitter:label1\" content=\"Written by\" \/>\n\t<meta name=\"twitter:data1\" content=\"Yennifer Molina\" \/>\n\t<meta name=\"twitter:label2\" content=\"Est. reading time\" \/>\n\t<meta name=\"twitter:data2\" content=\"1 minute\" \/>\n<script type=\"application\/ld+json\" class=\"yoast-schema-graph\">{\"@context\":\"https:\/\/schema.org\",\"@graph\":[{\"@type\":\"Article\",\"@id\":\"https:\/\/asociacionparquecordillera.cl\/trekking-nocturno-la-plaza-sur\/#article\",\"isPartOf\":{\"@id\":\"https:\/\/asociacionparquecordillera.cl\/trekking-nocturno-la-plaza-sur\/\"},\"author\":{\"name\":\"Yennifer Molina\",\"@id\":\"https:\/\/asociacionparquecordillera.cl\/#\/schema\/person\/84abb02e974de94d1bd95b5883a31b12\"},\"headline\":\"Trekking Nocturno La Plaza Sur\",\"datePublished\":\"2023-08-12T13:21:05+00:00\",\"dateModified\":\"2025-06-30T19:56:51+00:00\",\"mainEntityOfPage\":{\"@id\":\"https:\/\/asociacionparquecordillera.cl\/trekking-nocturno-la-plaza-sur\/\"},\"wordCount\":89,\"publisher\":{\"@id\":\"https:\/\/asociacionparquecordillera.cl\/#organization\"},\"image\":{\"@id\":\"https:\/\/asociacionparquecordillera.cl\/trekking-nocturno-la-plaza-sur\/#primaryimage\"},\"thumbnailUrl\":\"https:\/\/asociacionparquecordillera.cl\/wp-content\/uploads\/2023\/08\/imagen_2025-06-30_154759685.webp\",\"articleSection\":[\"Comunidad\"],\"inLanguage\":\"en-US\"},{\"@type\":\"WebPage\",\"@id\":\"https:\/\/asociacionparquecordillera.cl\/trekking-nocturno-la-plaza-sur\/\",\"url\":\"https:\/\/asociacionparquecordillera.cl\/trekking-nocturno-la-plaza-sur\/\",\"name\":\"Trekking Nocturno La Plaza Sur - Asociaci\u00f3n Parque Cordillera - Parques Regi\u00f3n Metropolitana\",\"isPartOf\":{\"@id\":\"https:\/\/asociacionparquecordillera.cl\/#website\"},\"primaryImageOfPage\":{\"@id\":\"https:\/\/asociacionparquecordillera.cl\/trekking-nocturno-la-plaza-sur\/#primaryimage\"},\"image\":{\"@id\":\"https:\/\/asociacionparquecordillera.cl\/trekking-nocturno-la-plaza-sur\/#primaryimage\"},\"thumbnailUrl\":\"https:\/\/asociacionparquecordillera.cl\/wp-content\/uploads\/2023\/08\/imagen_2025-06-30_154759685.webp\",\"datePublished\":\"2023-08-12T13:21:05+00:00\",\"dateModified\":\"2025-06-30T19:56:51+00:00\",\"description\":\"Actividades aniversario | 30 a\u00f1os Asociaci\u00f3n Parque Cordillera. En el marco de los 30 A\u00f1os de Asociaci\u00f3n Parque Cordillera, es que durante el mes de\",\"breadcrumb\":{\"@id\":\"https:\/\/asociacionparquecordillera.cl\/trekking-nocturno-la-plaza-sur\/#breadcrumb\"},\"inLanguage\":\"en-US\",\"potentialAction\":[{\"@type\":\"ReadAction\",\"target\":[\"https:\/\/asociacionparquecordillera.cl\/trekking-nocturno-la-plaza-sur\/\"]}]},{\"@type\":\"ImageObject\",\"inLanguage\":\"en-US\",\"@id\":\"https:\/\/asociacionparquecordillera.cl\/trekking-nocturno-la-plaza-sur\/#primaryimage\",\"url\":\"https:\/\/asociacionparquecordillera.cl\/wp-content\/uploads\/2023\/08\/imagen_2025-06-30_154759685.webp\",\"contentUrl\":\"https:\/\/asociacionparquecordillera.cl\/wp-content\/uploads\/2023\/08\/imagen_2025-06-30_154759685.webp\",\"width\":1875,\"height\":604,\"caption\":\"Vistas de Santiago desde el Parque Natural La Plaza Sur\"},{\"@type\":\"BreadcrumbList\",\"@id\":\"https:\/\/asociacionparquecordillera.cl\/trekking-nocturno-la-plaza-sur\/#breadcrumb\",\"itemListElement\":[{\"@type\":\"ListItem\",\"position\":1,\"name\":\"Home\",\"item\":\"https:\/\/asociacionparquecordillera.cl\/\"},{\"@type\":\"ListItem\",\"position\":2,\"name\":\"Trekking Nocturno La Plaza Sur\"}]},{\"@type\":\"WebSite\",\"@id\":\"https:\/\/asociacionparquecordillera.cl\/#website\",\"url\":\"https:\/\/asociacionparquecordillera.cl\/\",\"name\":\"Asociaci\u00f3n Parque Cordillera - Parques Regi\u00f3n Metropolitana\",\"description\":\"Asociaci\u00f3n Parque Cordillera promueve la conservaci\u00f3n de la precordillera de Santiago mediante la administraci\u00f3n de parques naturales y el fomento de la educaci\u00f3n ambiental y el turismo sustentable.\",\"publisher\":{\"@id\":\"https:\/\/asociacionparquecordillera.cl\/#organization\"},\"alternateName\":\"Parque Cordillera\",\"potentialAction\":[{\"@type\":\"SearchAction\",\"target\":{\"@type\":\"EntryPoint\",\"urlTemplate\":\"https:\/\/asociacionparquecordillera.cl\/?s={search_term_string}\"},\"query-input\":{\"@type\":\"PropertyValueSpecification\",\"valueRequired\":true,\"valueName\":\"search_term_string\"}}],\"inLanguage\":\"en-US\"},{\"@type\":\"Organization\",\"@id\":\"https:\/\/asociacionparquecordillera.cl\/#organization\",\"name\":\"Asociaci\u00f3n Parque Cordillera - Parques Regi\u00f3n Metropolitana\",\"alternateName\":\"Parque Cordillera\",\"url\":\"https:\/\/asociacionparquecordillera.cl\/\",\"logo\":{\"@type\":\"ImageObject\",\"inLanguage\":\"en-US\",\"@id\":\"https:\/\/asociacionparquecordillera.cl\/#\/schema\/logo\/image\/\",\"url\":\"https:\/\/asociacionparquecordillera.cl\/wp-content\/uploads\/2023\/01\/logo-apc-white-2.svg\",\"contentUrl\":\"https:\/\/asociacionparquecordillera.cl\/wp-content\/uploads\/2023\/01\/logo-apc-white-2.svg\",\"width\":240.789999999999992041921359486877918243408203125,\"height\":80.969999999999998863131622783839702606201171875,\"caption\":\"Asociaci\u00f3n Parque Cordillera - Parques Regi\u00f3n Metropolitana\"},\"image\":{\"@id\":\"https:\/\/asociacionparquecordillera.cl\/#\/schema\/logo\/image\/\"}},{\"@type\":\"Person\",\"@id\":\"https:\/\/asociacionparquecordillera.cl\/#\/schema\/person\/84abb02e974de94d1bd95b5883a31b12\",\"name\":\"Yennifer Molina\",\"image\":{\"@type\":\"ImageObject\",\"inLanguage\":\"en-US\",\"@id\":\"https:\/\/asociacionparquecordillera.cl\/#\/schema\/person\/image\/\",\"url\":\"https:\/\/secure.gravatar.com\/avatar\/9d4ce91ad33ede9592889da648713117096f3d229e872ce04c097f73fb5c4aec?s=96&d=mm&r=g\",\"contentUrl\":\"https:\/\/secure.gravatar.com\/avatar\/9d4ce91ad33ede9592889da648713117096f3d229e872ce04c097f73fb5c4aec?s=96&d=mm&r=g\",\"caption\":\"Yennifer Molina\"},\"url\":\"https:\/\/asociacionparquecordillera.cl\/en\/author\/ymolina\/\"}]}<\/script>\n<!-- \/ Yoast SEO Premium plugin. -->","yoast_head_json":{"title":"Trekking Nocturno La Plaza Sur - Asociaci\u00f3n Parque Cordillera - Parques Regi\u00f3n Metropolitana","description":"Actividades aniversario | 30 a\u00f1os Asociaci\u00f3n Parque Cordillera. En el marco de los 30 A\u00f1os de Asociaci\u00f3n Parque Cordillera, es que durante el mes de","robots":{"index":"index","follow":"follow","max-snippet":"max-snippet:-1","max-image-preview":"max-image-preview:large","max-video-preview":"max-video-preview:-1"},"canonical":"https:\/\/asociacionparquecordillera.cl\/en\/trekking-nocturno-la-plaza-sur\/","og_locale":"en_US","og_type":"article","og_title":"Trekking Nocturno La Plaza Sur","og_description":"Actividades aniversario | 30 a\u00f1os Asociaci\u00f3n Parque Cordillera. En el marco de los 30 A\u00f1os de Asociaci\u00f3n Parque Cordillera, es que durante el mes de","og_url":"https:\/\/asociacionparquecordillera.cl\/en\/trekking-nocturno-la-plaza-sur\/","og_site_name":"Asociaci\u00f3n Parque Cordillera - Parques Regi\u00f3n Metropolitana","article_published_time":"2023-08-12T13:21:05+00:00","article_modified_time":"2025-06-30T19:56:51+00:00","og_image":[{"width":1875,"height":604,"url":"https:\/\/asociacionparquecordillera.cl\/wp-content\/uploads\/2023\/08\/imagen_2025-06-30_154759685.webp","type":"image\/webp"}],"author":"Yennifer Molina","twitter_card":"summary_large_image","twitter_misc":{"Written by":"Yennifer Molina","Est. reading time":"1 minute"},"schema":{"@context":"https:\/\/schema.org","@graph":[{"@type":"Article","@id":"https:\/\/asociacionparquecordillera.cl\/trekking-nocturno-la-plaza-sur\/#article","isPartOf":{"@id":"https:\/\/asociacionparquecordillera.cl\/trekking-nocturno-la-plaza-sur\/"},"author":{"name":"Yennifer Molina","@id":"https:\/\/asociacionparquecordillera.cl\/#\/schema\/person\/84abb02e974de94d1bd95b5883a31b12"},"headline":"Trekking Nocturno La Plaza Sur","datePublished":"2023-08-12T13:21:05+00:00","dateModified":"2025-06-30T19:56:51+00:00","mainEntityOfPage":{"@id":"https:\/\/asociacionparquecordillera.cl\/trekking-nocturno-la-plaza-sur\/"},"wordCount":89,"publisher":{"@id":"https:\/\/asociacionparquecordillera.cl\/#organization"},"image":{"@id":"https:\/\/asociacionparquecordillera.cl\/trekking-nocturno-la-plaza-sur\/#primaryimage"},"thumbnailUrl":"https:\/\/asociacionparquecordillera.cl\/wp-content\/uploads\/2023\/08\/imagen_2025-06-30_154759685.webp","articleSection":["Comunidad"],"inLanguage":"en-US"},{"@type":"WebPage","@id":"https:\/\/asociacionparquecordillera.cl\/trekking-nocturno-la-plaza-sur\/","url":"https:\/\/asociacionparquecordillera.cl\/trekking-nocturno-la-plaza-sur\/","name":"Trekking Nocturno La Plaza Sur - Asociaci\u00f3n Parque Cordillera - Parques Regi\u00f3n Metropolitana","isPartOf":{"@id":"https:\/\/asociacionparquecordillera.cl\/#website"},"primaryImageOfPage":{"@id":"https:\/\/asociacionparquecordillera.cl\/trekking-nocturno-la-plaza-sur\/#primaryimage"},"image":{"@id":"https:\/\/asociacionparquecordillera.cl\/trekking-nocturno-la-plaza-sur\/#primaryimage"},"thumbnailUrl":"https:\/\/asociacionparquecordillera.cl\/wp-content\/uploads\/2023\/08\/imagen_2025-06-30_154759685.webp","datePublished":"2023-08-12T13:21:05+00:00","dateModified":"2025-06-30T19:56:51+00:00","description":"Actividades aniversario | 30 a\u00f1os Asociaci\u00f3n Parque Cordillera. En el marco de los 30 A\u00f1os de Asociaci\u00f3n Parque Cordillera, es que durante el mes de","breadcrumb":{"@id":"https:\/\/asociacionparquecordillera.cl\/trekking-nocturno-la-plaza-sur\/#breadcrumb"},"inLanguage":"en-US","potentialAction":[{"@type":"ReadAction","target":["https:\/\/asociacionparquecordillera.cl\/trekking-nocturno-la-plaza-sur\/"]}]},{"@type":"ImageObject","inLanguage":"en-US","@id":"https:\/\/asociacionparquecordillera.cl\/trekking-nocturno-la-plaza-sur\/#primaryimage","url":"https:\/\/asociacionparquecordillera.cl\/wp-content\/uploads\/2023\/08\/imagen_2025-06-30_154759685.webp","contentUrl":"https:\/\/asociacionparquecordillera.cl\/wp-content\/uploads\/2023\/08\/imagen_2025-06-30_154759685.webp","width":1875,"height":604,"caption":"Vistas de Santiago desde el Parque Natural La Plaza Sur"},{"@type":"BreadcrumbList","@id":"https:\/\/asociacionparquecordillera.cl\/trekking-nocturno-la-plaza-sur\/#breadcrumb","itemListElement":[{"@type":"ListItem","position":1,"name":"Home","item":"https:\/\/asociacionparquecordillera.cl\/"},{"@type":"ListItem","position":2,"name":"Trekking Nocturno La Plaza Sur"}]},{"@type":"WebSite","@id":"https:\/\/asociacionparquecordillera.cl\/#website","url":"https:\/\/asociacionparquecordillera.cl\/","name":"Asociaci\u00f3n Parque Cordillera - Parques Regi\u00f3n Metropolitana","description":"Asociaci\u00f3n Parque Cordillera promueve la conservaci\u00f3n de la precordillera de Santiago mediante la administraci\u00f3n de parques naturales y el fomento de la educaci\u00f3n ambiental y el turismo sustentable.","publisher":{"@id":"https:\/\/asociacionparquecordillera.cl\/#organization"},"alternateName":"Parque Cordillera","potentialAction":[{"@type":"SearchAction","target":{"@type":"EntryPoint","urlTemplate":"https:\/\/asociacionparquecordillera.cl\/?s={search_term_string}"},"query-input":{"@type":"PropertyValueSpecification","valueRequired":true,"valueName":"search_term_string"}}],"inLanguage":"en-US"},{"@type":"Organization","@id":"https:\/\/asociacionparquecordillera.cl\/#organization","name":"Asociaci\u00f3n Parque Cordillera - Parques Regi\u00f3n Metropolitana","alternateName":"Parque Cordillera","url":"https:\/\/asociacionparquecordillera.cl\/","logo":{"@type":"ImageObject","inLanguage":"en-US","@id":"https:\/\/asociacionparquecordillera.cl\/#\/schema\/logo\/image\/","url":"https:\/\/asociacionparquecordillera.cl\/wp-content\/uploads\/2023\/01\/logo-apc-white-2.svg","contentUrl":"https:\/\/asociacionparquecordillera.cl\/wp-content\/uploads\/2023\/01\/logo-apc-white-2.svg","width":240.789999999999992041921359486877918243408203125,"height":80.969999999999998863131622783839702606201171875,"caption":"Asociaci\u00f3n Parque Cordillera - Parques Regi\u00f3n Metropolitana"},"image":{"@id":"https:\/\/asociacionparquecordillera.cl\/#\/schema\/logo\/image\/"}},{"@type":"Person","@id":"https:\/\/asociacionparquecordillera.cl\/#\/schema\/person\/84abb02e974de94d1bd95b5883a31b12","name":"Yennifer Molina","image":{"@type":"ImageObject","inLanguage":"en-US","@id":"https:\/\/asociacionparquecordillera.cl\/#\/schema\/person\/image\/","url":"https:\/\/secure.gravatar.com\/avatar\/9d4ce91ad33ede9592889da648713117096f3d229e872ce04c097f73fb5c4aec?s=96&d=mm&r=g","contentUrl":"https:\/\/secure.gravatar.com\/avatar\/9d4ce91ad33ede9592889da648713117096f3d229e872ce04c097f73fb5c4aec?s=96&d=mm&r=g","caption":"Yennifer Molina"},"url":"https:\/\/asociacionparquecordillera.cl\/en\/author\/ymolina\/"}]}},"_links":{"self":[{"href":"https:\/\/asociacionparquecordillera.cl\/en\/wp-json\/wp\/v2\/posts\/3213","targetHints":{"allow":["GET"]}}],"collection":[{"href":"https:\/\/asociacionparquecordillera.cl\/en\/wp-json\/wp\/v2\/posts"}],"about":[{"href":"https:\/\/asociacionparquecordillera.cl\/en\/wp-json\/wp\/v2\/types\/post"}],"author":[{"embeddable":true,"href":"https:\/\/asociacionparquecordillera.cl\/en\/wp-json\/wp\/v2\/users\/12"}],"replies":[{"embeddable":true,"href":"https:\/\/asociacionparquecordillera.cl\/en\/wp-json\/wp\/v2\/comments?post=3213"}],"version-history":[{"count":6,"href":"https:\/\/asociacionparquecordillera.cl\/en\/wp-json\/wp\/v2\/posts\/3213\/revisions"}],"predecessor-version":[{"id":5752,"href":"https:\/\/asociacionparquecordillera.cl\/en\/wp-json\/wp\/v2\/posts\/3213\/revisions\/5752"}],"wp:featuredmedia":[{"embeddable":true,"href":"https:\/\/asociacionparquecordillera.cl\/en\/wp-json\/wp\/v2\/media\/5749"}],"wp:attachment":[{"href":"https:\/\/asociacionparquecordillera.cl\/en\/wp-json\/wp\/v2\/media?parent=3213"}],"wp:term":[{"taxonomy":"category","embeddable":true,"href":"https:\/\/asociacionparquecordillera.cl\/en\/wp-json\/wp\/v2\/categories?post=3213"},{"taxonomy":"post_tag","embeddable":true,"href":"https:\/\/asociacionparquecordillera.cl\/en\/wp-json\/wp\/v2\/tags?post=3213"},{"taxonomy":"slider-category","embeddable":true,"href":"https:\/\/asociacionparquecordillera.cl\/en\/wp-json\/wp\/v2\/slider-category?post=3213"}],"curies":[{"name":"wp","href":"https:\/\/api.w.org\/{rel}","templated":true}]}}