{"id":3222,"date":"2023-08-25T10:38:18","date_gmt":"2023-08-25T13:38:18","guid":{"rendered":"https:\/\/asociacionparquecordillera.cl\/?p=3222"},"modified":"2025-06-30T16:13:47","modified_gmt":"2025-06-30T20:13:47","slug":"talleres-duocuc-2","status":"publish","type":"post","link":"https:\/\/asociacionparquecordillera.cl\/en\/talleres-duocuc-2\/","title":{"rendered":"Talleres DuocUC"},"content":{"rendered":"<table>\n<tbody>\n<tr>\n<td><strong>Actividades aniversario | 30 a\u00f1os Asociaci\u00f3n Parque Cordillera.<\/strong><\/p>\n<div>En alianza con la Fundaci\u00f3n Instituto Profesional DuocUC por el marco de los 30 A\u00f1os de Asociaci\u00f3n Parque Cordillera, es que durante el mes de agosto estuvimos promoviendo 2 talleres que estuvieron a cargo de docentes de la carrera de Ecoturismo y que se realizaron en nuestro parque Aguas de Ram\u00f3n<\/div>\n<div><\/div>\n<div>En estos 2 talleres contamos con la participaci\u00f3n tanto monitores ambientales y colaboradores de APC, como de personas externas que se inscribieron para ser parte de dichas actividades.<\/div>\n<div><\/div>\n<div>El primer taller que se imparti\u00f3 tuvo por nombre \u00abUn viaje a la interpretaci\u00f3n\u00bb. Taller enfocado en la metodolog\u00eda de la interpretaci\u00f3n natural. El segundo, tuvo por nombre \u00abAutoliderazgo para el trabajo en equipo\u00bb. Taller donde se realizaron din\u00e1micas de trabajo en equipo e introspecci\u00f3n personal.<\/div>\n<div><\/div>\n<div>\n<div id='gallery-1' class='gallery galleryid-3222 gallery-columns-4 gallery-size-large'><figure class='gallery-item'>\n\t\t\t<div class='gallery-icon landscape'>\n\t\t\t\t<a href='https:\/\/asociacionparquecordillera.cl\/wp-content\/uploads\/2023\/08\/imagen_2025-06-30_160013200.png'><img fetchpriority=\"high\" decoding=\"async\" width=\"598\" height=\"445\" src=\"https:\/\/asociacionparquecordillera.cl\/wp-content\/uploads\/2023\/08\/imagen_2025-06-30_160013200.png\" class=\"attachment-large size-large\" alt=\"Grupo de personas reunidas para comenzar Taller de DuocUC en Parque Natural Aguas de Ram\u00f3n\" srcset=\"https:\/\/asociacionparquecordillera.cl\/wp-content\/uploads\/2023\/08\/imagen_2025-06-30_160013200.png 598w, https:\/\/asociacionparquecordillera.cl\/wp-content\/uploads\/2023\/08\/imagen_2025-06-30_160013200-300x223.png 300w, https:\/\/asociacionparquecordillera.cl\/wp-content\/uploads\/2023\/08\/imagen_2025-06-30_160013200-16x12.png 16w\" sizes=\"(max-width: 598px) 100vw, 598px\" \/><\/a>\n\t\t\t<\/div><\/figure><figure class='gallery-item'>\n\t\t\t<div class='gallery-icon landscape'>\n\t\t\t\t<a href='https:\/\/asociacionparquecordillera.cl\/wp-content\/uploads\/2023\/08\/imagen_2025-06-30_160030188.png'><img decoding=\"async\" width=\"597\" height=\"448\" src=\"https:\/\/asociacionparquecordillera.cl\/wp-content\/uploads\/2023\/08\/imagen_2025-06-30_160030188.png\" class=\"attachment-large size-large\" alt=\"Grupo de personas reunidas para comenzar Taller de DuocUC en Parque Natural Aguas de Ram\u00f3n\" srcset=\"https:\/\/asociacionparquecordillera.cl\/wp-content\/uploads\/2023\/08\/imagen_2025-06-30_160030188.png 597w, https:\/\/asociacionparquecordillera.cl\/wp-content\/uploads\/2023\/08\/imagen_2025-06-30_160030188-300x225.png 300w, https:\/\/asociacionparquecordillera.cl\/wp-content\/uploads\/2023\/08\/imagen_2025-06-30_160030188-16x12.png 16w\" sizes=\"(max-width: 597px) 100vw, 597px\" \/><\/a>\n\t\t\t<\/div><\/figure><figure class='gallery-item'>\n\t\t\t<div class='gallery-icon landscape'>\n\t\t\t\t<a href='https:\/\/asociacionparquecordillera.cl\/wp-content\/uploads\/2023\/08\/imagen_2025-06-30_160042579.png'><img decoding=\"async\" width=\"597\" height=\"446\" src=\"https:\/\/asociacionparquecordillera.cl\/wp-content\/uploads\/2023\/08\/imagen_2025-06-30_160042579.png\" class=\"attachment-large size-large\" alt=\"Grupo de personas reunidas para comenzar Taller de DuocUC en Parque Natural Aguas de Ram\u00f3n\" srcset=\"https:\/\/asociacionparquecordillera.cl\/wp-content\/uploads\/2023\/08\/imagen_2025-06-30_160042579.png 597w, https:\/\/asociacionparquecordillera.cl\/wp-content\/uploads\/2023\/08\/imagen_2025-06-30_160042579-300x224.png 300w, https:\/\/asociacionparquecordillera.cl\/wp-content\/uploads\/2023\/08\/imagen_2025-06-30_160042579-16x12.png 16w\" sizes=\"(max-width: 597px) 100vw, 597px\" \/><\/a>\n\t\t\t<\/div><\/figure><figure class='gallery-item'>\n\t\t\t<div class='gallery-icon landscape'>\n\t\t\t\t<a href='https:\/\/asociacionparquecordillera.cl\/wp-content\/uploads\/2023\/08\/imagen_2025-06-30_160057709.png'><img loading=\"lazy\" decoding=\"async\" width=\"597\" height=\"447\" src=\"https:\/\/asociacionparquecordillera.cl\/wp-content\/uploads\/2023\/08\/imagen_2025-06-30_160057709.png\" class=\"attachment-large size-large\" alt=\"Grupo de personas reunidas para comenzar Taller de DuocUC en Parque Natural Aguas de Ram\u00f3n\" srcset=\"https:\/\/asociacionparquecordillera.cl\/wp-content\/uploads\/2023\/08\/imagen_2025-06-30_160057709.png 597w, https:\/\/asociacionparquecordillera.cl\/wp-content\/uploads\/2023\/08\/imagen_2025-06-30_160057709-300x225.png 300w, https:\/\/asociacionparquecordillera.cl\/wp-content\/uploads\/2023\/08\/imagen_2025-06-30_160057709-16x12.png 16w\" sizes=\"(max-width: 597px) 100vw, 597px\" \/><\/a>\n\t\t\t<\/div><\/figure><figure class='gallery-item'>\n\t\t\t<div class='gallery-icon landscape'>\n\t\t\t\t<a href='https:\/\/asociacionparquecordillera.cl\/wp-content\/uploads\/2023\/08\/imagen_2025-06-30_160148714.png'><img loading=\"lazy\" decoding=\"async\" width=\"597\" height=\"291\" src=\"https:\/\/asociacionparquecordillera.cl\/wp-content\/uploads\/2023\/08\/imagen_2025-06-30_160148714.png\" class=\"attachment-large size-large\" alt=\"Personas posando para una foto del Taller DuocUC en Parque Natural Aguas de Ram\u00f3n\" srcset=\"https:\/\/asociacionparquecordillera.cl\/wp-content\/uploads\/2023\/08\/imagen_2025-06-30_160148714.png 597w, https:\/\/asociacionparquecordillera.cl\/wp-content\/uploads\/2023\/08\/imagen_2025-06-30_160148714-300x146.png 300w, https:\/\/asociacionparquecordillera.cl\/wp-content\/uploads\/2023\/08\/imagen_2025-06-30_160148714-18x9.png 18w\" sizes=\"(max-width: 597px) 100vw, 597px\" \/><\/a>\n\t\t\t<\/div><\/figure><figure class='gallery-item'>\n\t\t\t<div class='gallery-icon landscape'>\n\t\t\t\t<a href='https:\/\/asociacionparquecordillera.cl\/wp-content\/uploads\/2023\/08\/imagen_2025-06-30_160203980.png'><img loading=\"lazy\" decoding=\"async\" width=\"596\" height=\"292\" src=\"https:\/\/asociacionparquecordillera.cl\/wp-content\/uploads\/2023\/08\/imagen_2025-06-30_160203980.png\" class=\"attachment-large size-large\" alt=\"Grupo de personas sentadas esperando indicaciones para comenzar con el Taller DuocUC en Parque Natural Aguas de Ram\u00f3n\" srcset=\"https:\/\/asociacionparquecordillera.cl\/wp-content\/uploads\/2023\/08\/imagen_2025-06-30_160203980.png 596w, https:\/\/asociacionparquecordillera.cl\/wp-content\/uploads\/2023\/08\/imagen_2025-06-30_160203980-300x147.png 300w, https:\/\/asociacionparquecordillera.cl\/wp-content\/uploads\/2023\/08\/imagen_2025-06-30_160203980-18x9.png 18w\" sizes=\"(max-width: 596px) 100vw, 596px\" \/><\/a>\n\t\t\t<\/div><\/figure><figure class='gallery-item'>\n\t\t\t<div class='gallery-icon landscape'>\n\t\t\t\t<a href='https:\/\/asociacionparquecordillera.cl\/wp-content\/uploads\/2023\/08\/imagen_2025-06-30_160218189.png'><img loading=\"lazy\" decoding=\"async\" width=\"596\" height=\"291\" src=\"https:\/\/asociacionparquecordillera.cl\/wp-content\/uploads\/2023\/08\/imagen_2025-06-30_160218189.png\" class=\"attachment-large size-large\" alt=\"Grupo de personas sentadas esperando indicaciones para comenzar con el Taller DuocUC en Parque Natural Aguas de Ram\u00f3n\" srcset=\"https:\/\/asociacionparquecordillera.cl\/wp-content\/uploads\/2023\/08\/imagen_2025-06-30_160218189.png 596w, https:\/\/asociacionparquecordillera.cl\/wp-content\/uploads\/2023\/08\/imagen_2025-06-30_160218189-300x146.png 300w, https:\/\/asociacionparquecordillera.cl\/wp-content\/uploads\/2023\/08\/imagen_2025-06-30_160218189-18x9.png 18w\" sizes=\"(max-width: 596px) 100vw, 596px\" \/><\/a>\n\t\t\t<\/div><\/figure><figure class='gallery-item'>\n\t\t\t<div class='gallery-icon landscape'>\n\t\t\t\t<a href='https:\/\/asociacionparquecordillera.cl\/wp-content\/uploads\/2023\/08\/imagen_2025-06-30_160237087.png'><img loading=\"lazy\" decoding=\"async\" width=\"596\" height=\"289\" src=\"https:\/\/asociacionparquecordillera.cl\/wp-content\/uploads\/2023\/08\/imagen_2025-06-30_160237087.png\" class=\"attachment-large size-large\" alt=\"Personas reunidas en un c\u00edrculo para comenzar con taller DuocUC en Parque Natural Aguas de Ram\u00f3n\" srcset=\"https:\/\/asociacionparquecordillera.cl\/wp-content\/uploads\/2023\/08\/imagen_2025-06-30_160237087.png 596w, https:\/\/asociacionparquecordillera.cl\/wp-content\/uploads\/2023\/08\/imagen_2025-06-30_160237087-300x145.png 300w, https:\/\/asociacionparquecordillera.cl\/wp-content\/uploads\/2023\/08\/imagen_2025-06-30_160237087-18x9.png 18w\" sizes=\"(max-width: 596px) 100vw, 596px\" \/><\/a>\n\t\t\t<\/div><\/figure>\n\t\t<\/div>\n\n<\/div>\n<\/td>\n<\/tr>\n<\/tbody>\n<\/table>","protected":false},"excerpt":{"rendered":"<p>Actividades aniversario | 30 a\u00f1os Asociaci\u00f3n Parque Cordillera. En alianza con la Fundaci\u00f3n Instituto Profesional DuocUC por el marco de los 30 A\u00f1os de Asociaci\u00f3n Parque Cordillera, es que durante el mes de agosto estuvimos promoviendo 2 talleres que estuvieron a cargo de docentes de la carrera de Ecoturismo y que se realizaron en nuestro [&hellip;]<\/p>","protected":false},"author":12,"featured_media":5753,"comment_status":"closed","ping_status":"closed","sticky":false,"template":"","format":"standard","meta":{"site-sidebar-layout":"default","site-content-layout":"default","ast-site-content-layout":"default","site-content-style":"default","site-sidebar-style":"default","ast-global-header-display":"","ast-banner-title-visibility":"","ast-main-header-display":"","ast-hfb-above-header-display":"","ast-hfb-below-header-display":"","ast-hfb-mobile-header-display":"","site-post-title":"","ast-breadcrumbs-content":"","ast-featured-img":"","footer-sml-layout":"","theme-transparent-header-meta":"default","adv-header-id-meta":"","stick-header-meta":"default","header-above-stick-meta":"","header-main-stick-meta":"","header-below-stick-meta":"","astra-migrate-meta-layouts":"set","ast-page-background-enabled":"default","ast-page-background-meta":{"desktop":{"background-color":"var(--ast-global-color-4)","background-image":"","background-repeat":"repeat","background-position":"center center","background-size":"auto","background-attachment":"scroll","background-type":"","background-media":"","overlay-type":"","overlay-color":"","overlay-opacity":"","overlay-gradient":""},"tablet":{"background-color":"","background-image":"","background-repeat":"repeat","background-position":"center center","background-size":"auto","background-attachment":"scroll","background-type":"","background-media":"","overlay-type":"","overlay-color":"","overlay-opacity":"","overlay-gradient":""},"mobile":{"background-color":"","background-image":"","background-repeat":"repeat","background-position":"center center","background-size":"auto","background-attachment":"scroll","background-type":"","background-media":"","overlay-type":"","overlay-color":"","overlay-opacity":"","overlay-gradient":""}},"ast-content-background-meta":{"desktop":{"background-color":"var(--ast-global-color-5)","background-image":"","background-repeat":"repeat","background-position":"center center","background-size":"auto","background-attachment":"scroll","background-type":"","background-media":"","overlay-type":"","overlay-color":"","overlay-opacity":"","overlay-gradient":""},"tablet":{"background-color":"var(--ast-global-color-5)","background-image":"","background-repeat":"repeat","background-position":"center center","background-size":"auto","background-attachment":"scroll","background-type":"","background-media":"","overlay-type":"","overlay-color":"","overlay-opacity":"","overlay-gradient":""},"mobile":{"background-color":"var(--ast-global-color-5)","background-image":"","background-repeat":"repeat","background-position":"center center","background-size":"auto","background-attachment":"scroll","background-type":"","background-media":"","overlay-type":"","overlay-color":"","overlay-opacity":"","overlay-gradient":""}},"footnotes":""},"categories":[17],"tags":[],"slider-category":[],"class_list":["post-3222","post","type-post","status-publish","format-standard","has-post-thumbnail","hentry","category-comunidad"],"yoast_head":"<!-- This site is optimized with the Yoast SEO Premium plugin v22.9 (Yoast SEO v23.9) - https:\/\/yoast.com\/wordpress\/plugins\/seo\/ -->\n<title>Talleres DuocUC - Asociaci\u00f3n Parque Cordillera - Parques Regi\u00f3n Metropolitana<\/title>\n<meta name=\"description\" content=\"Actividades aniversario | 30 a\u00f1os Asociaci\u00f3n Parque Cordillera. En alianza con la Fundaci\u00f3n Instituto Profesional DuocUC por el marco de los 30 A\u00f1os de\" \/>\n<meta name=\"robots\" content=\"index, follow, max-snippet:-1, max-image-preview:large, max-video-preview:-1\" \/>\n<link rel=\"canonical\" href=\"https:\/\/asociacionparquecordillera.cl\/en\/talleres-duocuc-2\/\" \/>\n<meta property=\"og:locale\" content=\"en_US\" \/>\n<meta property=\"og:type\" content=\"article\" \/>\n<meta property=\"og:title\" content=\"Talleres DuocUC\" \/>\n<meta property=\"og:description\" content=\"Actividades aniversario | 30 a\u00f1os Asociaci\u00f3n Parque Cordillera. En alianza con la Fundaci\u00f3n Instituto Profesional DuocUC por el marco de los 30 A\u00f1os de\" \/>\n<meta property=\"og:url\" content=\"https:\/\/asociacionparquecordillera.cl\/en\/talleres-duocuc-2\/\" \/>\n<meta property=\"og:site_name\" content=\"Asociaci\u00f3n Parque Cordillera - Parques Regi\u00f3n Metropolitana\" \/>\n<meta property=\"article:published_time\" content=\"2023-08-25T13:38:18+00:00\" \/>\n<meta property=\"article:modified_time\" content=\"2025-06-30T20:13:47+00:00\" \/>\n<meta property=\"og:image\" content=\"https:\/\/asociacionparquecordillera.cl\/wp-content\/uploads\/2023\/08\/imagen_2025-06-30_155812306.png\" \/>\n\t<meta property=\"og:image:width\" content=\"595\" \/>\n\t<meta property=\"og:image:height\" content=\"444\" \/>\n\t<meta property=\"og:image:type\" content=\"image\/png\" \/>\n<meta name=\"author\" content=\"Yennifer Molina\" \/>\n<meta name=\"twitter:card\" content=\"summary_large_image\" \/>\n<meta name=\"twitter:label1\" content=\"Written by\" \/>\n\t<meta name=\"twitter:data1\" content=\"Yennifer Molina\" \/>\n\t<meta name=\"twitter:label2\" content=\"Est. reading time\" \/>\n\t<meta name=\"twitter:data2\" content=\"1 minute\" \/>\n<script type=\"application\/ld+json\" class=\"yoast-schema-graph\">{\"@context\":\"https:\/\/schema.org\",\"@graph\":[{\"@type\":\"Article\",\"@id\":\"https:\/\/asociacionparquecordillera.cl\/talleres-duocuc-2\/#article\",\"isPartOf\":{\"@id\":\"https:\/\/asociacionparquecordillera.cl\/talleres-duocuc-2\/\"},\"author\":{\"name\":\"Yennifer Molina\",\"@id\":\"https:\/\/asociacionparquecordillera.cl\/#\/schema\/person\/84abb02e974de94d1bd95b5883a31b12\"},\"headline\":\"Talleres DuocUC\",\"datePublished\":\"2023-08-25T13:38:18+00:00\",\"dateModified\":\"2025-06-30T20:13:47+00:00\",\"mainEntityOfPage\":{\"@id\":\"https:\/\/asociacionparquecordillera.cl\/talleres-duocuc-2\/\"},\"wordCount\":149,\"publisher\":{\"@id\":\"https:\/\/asociacionparquecordillera.cl\/#organization\"},\"image\":{\"@id\":\"https:\/\/asociacionparquecordillera.cl\/talleres-duocuc-2\/#primaryimage\"},\"thumbnailUrl\":\"https:\/\/asociacionparquecordillera.cl\/wp-content\/uploads\/2023\/08\/imagen_2025-06-30_155812306.png\",\"articleSection\":[\"Comunidad\"],\"inLanguage\":\"en-US\"},{\"@type\":\"WebPage\",\"@id\":\"https:\/\/asociacionparquecordillera.cl\/talleres-duocuc-2\/\",\"url\":\"https:\/\/asociacionparquecordillera.cl\/talleres-duocuc-2\/\",\"name\":\"Talleres DuocUC - Asociaci\u00f3n Parque Cordillera - Parques Regi\u00f3n Metropolitana\",\"isPartOf\":{\"@id\":\"https:\/\/asociacionparquecordillera.cl\/#website\"},\"primaryImageOfPage\":{\"@id\":\"https:\/\/asociacionparquecordillera.cl\/talleres-duocuc-2\/#primaryimage\"},\"image\":{\"@id\":\"https:\/\/asociacionparquecordillera.cl\/talleres-duocuc-2\/#primaryimage\"},\"thumbnailUrl\":\"https:\/\/asociacionparquecordillera.cl\/wp-content\/uploads\/2023\/08\/imagen_2025-06-30_155812306.png\",\"datePublished\":\"2023-08-25T13:38:18+00:00\",\"dateModified\":\"2025-06-30T20:13:47+00:00\",\"description\":\"Actividades aniversario | 30 a\u00f1os Asociaci\u00f3n Parque Cordillera. En alianza con la Fundaci\u00f3n Instituto Profesional DuocUC por el marco de los 30 A\u00f1os de\",\"breadcrumb\":{\"@id\":\"https:\/\/asociacionparquecordillera.cl\/talleres-duocuc-2\/#breadcrumb\"},\"inLanguage\":\"en-US\",\"potentialAction\":[{\"@type\":\"ReadAction\",\"target\":[\"https:\/\/asociacionparquecordillera.cl\/talleres-duocuc-2\/\"]}]},{\"@type\":\"ImageObject\",\"inLanguage\":\"en-US\",\"@id\":\"https:\/\/asociacionparquecordillera.cl\/talleres-duocuc-2\/#primaryimage\",\"url\":\"https:\/\/asociacionparquecordillera.cl\/wp-content\/uploads\/2023\/08\/imagen_2025-06-30_155812306.png\",\"contentUrl\":\"https:\/\/asociacionparquecordillera.cl\/wp-content\/uploads\/2023\/08\/imagen_2025-06-30_155812306.png\",\"width\":595,\"height\":444,\"caption\":\"Grupo de personas en taller impartido por Parque Cordillera para DuocUC en Parque Natural Aguas de Ram\u00f3n\"},{\"@type\":\"BreadcrumbList\",\"@id\":\"https:\/\/asociacionparquecordillera.cl\/talleres-duocuc-2\/#breadcrumb\",\"itemListElement\":[{\"@type\":\"ListItem\",\"position\":1,\"name\":\"Home\",\"item\":\"https:\/\/asociacionparquecordillera.cl\/\"},{\"@type\":\"ListItem\",\"position\":2,\"name\":\"Talleres DuocUC\"}]},{\"@type\":\"WebSite\",\"@id\":\"https:\/\/asociacionparquecordillera.cl\/#website\",\"url\":\"https:\/\/asociacionparquecordillera.cl\/\",\"name\":\"Asociaci\u00f3n Parque Cordillera - Parques Regi\u00f3n Metropolitana\",\"description\":\"Asociaci\u00f3n Parque Cordillera promueve la conservaci\u00f3n de la precordillera de Santiago mediante la administraci\u00f3n de parques naturales y el fomento de la educaci\u00f3n ambiental y el turismo sustentable.\",\"publisher\":{\"@id\":\"https:\/\/asociacionparquecordillera.cl\/#organization\"},\"alternateName\":\"Parque Cordillera\",\"potentialAction\":[{\"@type\":\"SearchAction\",\"target\":{\"@type\":\"EntryPoint\",\"urlTemplate\":\"https:\/\/asociacionparquecordillera.cl\/?s={search_term_string}\"},\"query-input\":{\"@type\":\"PropertyValueSpecification\",\"valueRequired\":true,\"valueName\":\"search_term_string\"}}],\"inLanguage\":\"en-US\"},{\"@type\":\"Organization\",\"@id\":\"https:\/\/asociacionparquecordillera.cl\/#organization\",\"name\":\"Asociaci\u00f3n Parque Cordillera - Parques Regi\u00f3n Metropolitana\",\"alternateName\":\"Parque Cordillera\",\"url\":\"https:\/\/asociacionparquecordillera.cl\/\",\"logo\":{\"@type\":\"ImageObject\",\"inLanguage\":\"en-US\",\"@id\":\"https:\/\/asociacionparquecordillera.cl\/#\/schema\/logo\/image\/\",\"url\":\"https:\/\/asociacionparquecordillera.cl\/wp-content\/uploads\/2023\/01\/logo-apc-white-2.svg\",\"contentUrl\":\"https:\/\/asociacionparquecordillera.cl\/wp-content\/uploads\/2023\/01\/logo-apc-white-2.svg\",\"width\":240.789999999999992041921359486877918243408203125,\"height\":80.969999999999998863131622783839702606201171875,\"caption\":\"Asociaci\u00f3n Parque Cordillera - Parques Regi\u00f3n Metropolitana\"},\"image\":{\"@id\":\"https:\/\/asociacionparquecordillera.cl\/#\/schema\/logo\/image\/\"}},{\"@type\":\"Person\",\"@id\":\"https:\/\/asociacionparquecordillera.cl\/#\/schema\/person\/84abb02e974de94d1bd95b5883a31b12\",\"name\":\"Yennifer Molina\",\"image\":{\"@type\":\"ImageObject\",\"inLanguage\":\"en-US\",\"@id\":\"https:\/\/asociacionparquecordillera.cl\/#\/schema\/person\/image\/\",\"url\":\"https:\/\/secure.gravatar.com\/avatar\/9d4ce91ad33ede9592889da648713117096f3d229e872ce04c097f73fb5c4aec?s=96&d=mm&r=g\",\"contentUrl\":\"https:\/\/secure.gravatar.com\/avatar\/9d4ce91ad33ede9592889da648713117096f3d229e872ce04c097f73fb5c4aec?s=96&d=mm&r=g\",\"caption\":\"Yennifer Molina\"},\"url\":\"https:\/\/asociacionparquecordillera.cl\/en\/author\/ymolina\/\"}]}<\/script>\n<!-- \/ Yoast SEO Premium plugin. -->","yoast_head_json":{"title":"Talleres DuocUC - Asociaci\u00f3n Parque Cordillera - Parques Regi\u00f3n Metropolitana","description":"Actividades aniversario | 30 a\u00f1os Asociaci\u00f3n Parque Cordillera. En alianza con la Fundaci\u00f3n Instituto Profesional DuocUC por el marco de los 30 A\u00f1os de","robots":{"index":"index","follow":"follow","max-snippet":"max-snippet:-1","max-image-preview":"max-image-preview:large","max-video-preview":"max-video-preview:-1"},"canonical":"https:\/\/asociacionparquecordillera.cl\/en\/talleres-duocuc-2\/","og_locale":"en_US","og_type":"article","og_title":"Talleres DuocUC","og_description":"Actividades aniversario | 30 a\u00f1os Asociaci\u00f3n Parque Cordillera. En alianza con la Fundaci\u00f3n Instituto Profesional DuocUC por el marco de los 30 A\u00f1os de","og_url":"https:\/\/asociacionparquecordillera.cl\/en\/talleres-duocuc-2\/","og_site_name":"Asociaci\u00f3n Parque Cordillera - Parques Regi\u00f3n Metropolitana","article_published_time":"2023-08-25T13:38:18+00:00","article_modified_time":"2025-06-30T20:13:47+00:00","og_image":[{"width":595,"height":444,"url":"https:\/\/asociacionparquecordillera.cl\/wp-content\/uploads\/2023\/08\/imagen_2025-06-30_155812306.png","type":"image\/png"}],"author":"Yennifer Molina","twitter_card":"summary_large_image","twitter_misc":{"Written by":"Yennifer Molina","Est. reading time":"1 minute"},"schema":{"@context":"https:\/\/schema.org","@graph":[{"@type":"Article","@id":"https:\/\/asociacionparquecordillera.cl\/talleres-duocuc-2\/#article","isPartOf":{"@id":"https:\/\/asociacionparquecordillera.cl\/talleres-duocuc-2\/"},"author":{"name":"Yennifer Molina","@id":"https:\/\/asociacionparquecordillera.cl\/#\/schema\/person\/84abb02e974de94d1bd95b5883a31b12"},"headline":"Talleres DuocUC","datePublished":"2023-08-25T13:38:18+00:00","dateModified":"2025-06-30T20:13:47+00:00","mainEntityOfPage":{"@id":"https:\/\/asociacionparquecordillera.cl\/talleres-duocuc-2\/"},"wordCount":149,"publisher":{"@id":"https:\/\/asociacionparquecordillera.cl\/#organization"},"image":{"@id":"https:\/\/asociacionparquecordillera.cl\/talleres-duocuc-2\/#primaryimage"},"thumbnailUrl":"https:\/\/asociacionparquecordillera.cl\/wp-content\/uploads\/2023\/08\/imagen_2025-06-30_155812306.png","articleSection":["Comunidad"],"inLanguage":"en-US"},{"@type":"WebPage","@id":"https:\/\/asociacionparquecordillera.cl\/talleres-duocuc-2\/","url":"https:\/\/asociacionparquecordillera.cl\/talleres-duocuc-2\/","name":"Talleres DuocUC - Asociaci\u00f3n Parque Cordillera - Parques Regi\u00f3n Metropolitana","isPartOf":{"@id":"https:\/\/asociacionparquecordillera.cl\/#website"},"primaryImageOfPage":{"@id":"https:\/\/asociacionparquecordillera.cl\/talleres-duocuc-2\/#primaryimage"},"image":{"@id":"https:\/\/asociacionparquecordillera.cl\/talleres-duocuc-2\/#primaryimage"},"thumbnailUrl":"https:\/\/asociacionparquecordillera.cl\/wp-content\/uploads\/2023\/08\/imagen_2025-06-30_155812306.png","datePublished":"2023-08-25T13:38:18+00:00","dateModified":"2025-06-30T20:13:47+00:00","description":"Actividades aniversario | 30 a\u00f1os Asociaci\u00f3n Parque Cordillera. En alianza con la Fundaci\u00f3n Instituto Profesional DuocUC por el marco de los 30 A\u00f1os de","breadcrumb":{"@id":"https:\/\/asociacionparquecordillera.cl\/talleres-duocuc-2\/#breadcrumb"},"inLanguage":"en-US","potentialAction":[{"@type":"ReadAction","target":["https:\/\/asociacionparquecordillera.cl\/talleres-duocuc-2\/"]}]},{"@type":"ImageObject","inLanguage":"en-US","@id":"https:\/\/asociacionparquecordillera.cl\/talleres-duocuc-2\/#primaryimage","url":"https:\/\/asociacionparquecordillera.cl\/wp-content\/uploads\/2023\/08\/imagen_2025-06-30_155812306.png","contentUrl":"https:\/\/asociacionparquecordillera.cl\/wp-content\/uploads\/2023\/08\/imagen_2025-06-30_155812306.png","width":595,"height":444,"caption":"Grupo de personas en taller impartido por Parque Cordillera para DuocUC en Parque Natural Aguas de Ram\u00f3n"},{"@type":"BreadcrumbList","@id":"https:\/\/asociacionparquecordillera.cl\/talleres-duocuc-2\/#breadcrumb","itemListElement":[{"@type":"ListItem","position":1,"name":"Home","item":"https:\/\/asociacionparquecordillera.cl\/"},{"@type":"ListItem","position":2,"name":"Talleres DuocUC"}]},{"@type":"WebSite","@id":"https:\/\/asociacionparquecordillera.cl\/#website","url":"https:\/\/asociacionparquecordillera.cl\/","name":"Asociaci\u00f3n Parque Cordillera - Parques Regi\u00f3n Metropolitana","description":"Asociaci\u00f3n Parque Cordillera promueve la conservaci\u00f3n de la precordillera de Santiago mediante la administraci\u00f3n de parques naturales y el fomento de la educaci\u00f3n ambiental y el turismo sustentable.","publisher":{"@id":"https:\/\/asociacionparquecordillera.cl\/#organization"},"alternateName":"Parque Cordillera","potentialAction":[{"@type":"SearchAction","target":{"@type":"EntryPoint","urlTemplate":"https:\/\/asociacionparquecordillera.cl\/?s={search_term_string}"},"query-input":{"@type":"PropertyValueSpecification","valueRequired":true,"valueName":"search_term_string"}}],"inLanguage":"en-US"},{"@type":"Organization","@id":"https:\/\/asociacionparquecordillera.cl\/#organization","name":"Asociaci\u00f3n Parque Cordillera - Parques Regi\u00f3n Metropolitana","alternateName":"Parque Cordillera","url":"https:\/\/asociacionparquecordillera.cl\/","logo":{"@type":"ImageObject","inLanguage":"en-US","@id":"https:\/\/asociacionparquecordillera.cl\/#\/schema\/logo\/image\/","url":"https:\/\/asociacionparquecordillera.cl\/wp-content\/uploads\/2023\/01\/logo-apc-white-2.svg","contentUrl":"https:\/\/asociacionparquecordillera.cl\/wp-content\/uploads\/2023\/01\/logo-apc-white-2.svg","width":240.789999999999992041921359486877918243408203125,"height":80.969999999999998863131622783839702606201171875,"caption":"Asociaci\u00f3n Parque Cordillera - Parques Regi\u00f3n Metropolitana"},"image":{"@id":"https:\/\/asociacionparquecordillera.cl\/#\/schema\/logo\/image\/"}},{"@type":"Person","@id":"https:\/\/asociacionparquecordillera.cl\/#\/schema\/person\/84abb02e974de94d1bd95b5883a31b12","name":"Yennifer Molina","image":{"@type":"ImageObject","inLanguage":"en-US","@id":"https:\/\/asociacionparquecordillera.cl\/#\/schema\/person\/image\/","url":"https:\/\/secure.gravatar.com\/avatar\/9d4ce91ad33ede9592889da648713117096f3d229e872ce04c097f73fb5c4aec?s=96&d=mm&r=g","contentUrl":"https:\/\/secure.gravatar.com\/avatar\/9d4ce91ad33ede9592889da648713117096f3d229e872ce04c097f73fb5c4aec?s=96&d=mm&r=g","caption":"Yennifer Molina"},"url":"https:\/\/asociacionparquecordillera.cl\/en\/author\/ymolina\/"}]}},"_links":{"self":[{"href":"https:\/\/asociacionparquecordillera.cl\/en\/wp-json\/wp\/v2\/posts\/3222","targetHints":{"allow":["GET"]}}],"collection":[{"href":"https:\/\/asociacionparquecordillera.cl\/en\/wp-json\/wp\/v2\/posts"}],"about":[{"href":"https:\/\/asociacionparquecordillera.cl\/en\/wp-json\/wp\/v2\/types\/post"}],"author":[{"embeddable":true,"href":"https:\/\/asociacionparquecordillera.cl\/en\/wp-json\/wp\/v2\/users\/12"}],"replies":[{"embeddable":true,"href":"https:\/\/asociacionparquecordillera.cl\/en\/wp-json\/wp\/v2\/comments?post=3222"}],"version-history":[{"count":7,"href":"https:\/\/asociacionparquecordillera.cl\/en\/wp-json\/wp\/v2\/posts\/3222\/revisions"}],"predecessor-version":[{"id":5762,"href":"https:\/\/asociacionparquecordillera.cl\/en\/wp-json\/wp\/v2\/posts\/3222\/revisions\/5762"}],"wp:featuredmedia":[{"embeddable":true,"href":"https:\/\/asociacionparquecordillera.cl\/en\/wp-json\/wp\/v2\/media\/5753"}],"wp:attachment":[{"href":"https:\/\/asociacionparquecordillera.cl\/en\/wp-json\/wp\/v2\/media?parent=3222"}],"wp:term":[{"taxonomy":"category","embeddable":true,"href":"https:\/\/asociacionparquecordillera.cl\/en\/wp-json\/wp\/v2\/categories?post=3222"},{"taxonomy":"post_tag","embeddable":true,"href":"https:\/\/asociacionparquecordillera.cl\/en\/wp-json\/wp\/v2\/tags?post=3222"},{"taxonomy":"slider-category","embeddable":true,"href":"https:\/\/asociacionparquecordillera.cl\/en\/wp-json\/wp\/v2\/slider-category?post=3222"}],"curies":[{"name":"wp","href":"https:\/\/api.w.org\/{rel}","templated":true}]}}