{"id":3226,"date":"2023-08-28T10:33:18","date_gmt":"2023-08-28T13:33:18","guid":{"rendered":"https:\/\/asociacionparquecordillera.cl\/?p=3226"},"modified":"2025-06-30T16:16:49","modified_gmt":"2025-06-30T20:16:49","slug":"visita-liceo-eugenio-maria-de-hostos","status":"publish","type":"post","link":"https:\/\/asociacionparquecordillera.cl\/en\/visita-liceo-eugenio-maria-de-hostos\/","title":{"rendered":"Visita Liceo Eugenio Maria de Hostos"},"content":{"rendered":"<table>\n<tbody>\n<tr>\n<td><strong>Actividades aniversario | 30 a\u00f1os Asociaci\u00f3n Parque Cordillera.<\/strong><\/p>\n<p>En esta instancia de conmemoraci\u00f3n por los 30 a\u00f1os de Asociaci\u00f3n Parque Cordillera, el Liceo Eugenio Mar\u00eda de Hostos fue invitado a realizar un trekking donde los alumnos recorrieron el Sendero Los Peumos del parque Aguas de Ram\u00f3n.<\/p>\n<p>Los alumnos tuvieron la oportunidad de conocer el lugar y aprendieron sobre temas tales como flora y fauna, t\u00e9cnicas de marcha en el trekking, prevenci\u00f3n de incendios, formaci\u00f3n geol\u00f3gica del valle, entre otros.<\/p>\n<p><strong>\u00a1Todo esto guiado por nuestros monitores ambientales especializados!<\/strong><\/p>\n<p>Estamos muy felices, ya que en conjunto se logr\u00f3 nutrir los conocimientos de los alumnos y se foment\u00f3 la protecci\u00f3n del patrimonio natural pre cordillerano.<\/p>\n<p><strong>\u00a1Juntos somos cordillera!<\/strong><\/p>\n<p>&nbsp;<\/td>\n<\/tr>\n<\/tbody>\n<\/table>","protected":false},"excerpt":{"rendered":"<p>Actividades aniversario | 30 a\u00f1os Asociaci\u00f3n Parque Cordillera. En esta instancia de conmemoraci\u00f3n por los 30 a\u00f1os de Asociaci\u00f3n Parque Cordillera, el Liceo Eugenio Mar\u00eda de Hostos fue invitado a realizar un trekking donde los alumnos recorrieron el Sendero Los Peumos del parque Aguas de Ram\u00f3n. Los alumnos tuvieron la oportunidad de conocer el lugar [&hellip;]<\/p>","protected":false},"author":12,"featured_media":5763,"comment_status":"closed","ping_status":"closed","sticky":false,"template":"","format":"standard","meta":{"site-sidebar-layout":"default","site-content-layout":"default","ast-site-content-layout":"default","site-content-style":"default","site-sidebar-style":"default","ast-global-header-display":"","ast-banner-title-visibility":"","ast-main-header-display":"","ast-hfb-above-header-display":"","ast-hfb-below-header-display":"","ast-hfb-mobile-header-display":"","site-post-title":"","ast-breadcrumbs-content":"","ast-featured-img":"","footer-sml-layout":"","theme-transparent-header-meta":"default","adv-header-id-meta":"","stick-header-meta":"default","header-above-stick-meta":"","header-main-stick-meta":"","header-below-stick-meta":"","astra-migrate-meta-layouts":"set","ast-page-background-enabled":"default","ast-page-background-meta":{"desktop":{"background-color":"var(--ast-global-color-4)","background-image":"","background-repeat":"repeat","background-position":"center center","background-size":"auto","background-attachment":"scroll","background-type":"","background-media":"","overlay-type":"","overlay-color":"","overlay-opacity":"","overlay-gradient":""},"tablet":{"background-color":"","background-image":"","background-repeat":"repeat","background-position":"center center","background-size":"auto","background-attachment":"scroll","background-type":"","background-media":"","overlay-type":"","overlay-color":"","overlay-opacity":"","overlay-gradient":""},"mobile":{"background-color":"","background-image":"","background-repeat":"repeat","background-position":"center center","background-size":"auto","background-attachment":"scroll","background-type":"","background-media":"","overlay-type":"","overlay-color":"","overlay-opacity":"","overlay-gradient":""}},"ast-content-background-meta":{"desktop":{"background-color":"var(--ast-global-color-5)","background-image":"","background-repeat":"repeat","background-position":"center center","background-size":"auto","background-attachment":"scroll","background-type":"","background-media":"","overlay-type":"","overlay-color":"","overlay-opacity":"","overlay-gradient":""},"tablet":{"background-color":"var(--ast-global-color-5)","background-image":"","background-repeat":"repeat","background-position":"center center","background-size":"auto","background-attachment":"scroll","background-type":"","background-media":"","overlay-type":"","overlay-color":"","overlay-opacity":"","overlay-gradient":""},"mobile":{"background-color":"var(--ast-global-color-5)","background-image":"","background-repeat":"repeat","background-position":"center center","background-size":"auto","background-attachment":"scroll","background-type":"","background-media":"","overlay-type":"","overlay-color":"","overlay-opacity":"","overlay-gradient":""}},"footnotes":""},"categories":[23],"tags":[],"slider-category":[],"class_list":["post-3226","post","type-post","status-publish","format-standard","has-post-thumbnail","hentry","category-educacion-ambiental"],"yoast_head":"<!-- This site is optimized with the Yoast SEO Premium plugin v22.9 (Yoast SEO v23.9) - https:\/\/yoast.com\/wordpress\/plugins\/seo\/ -->\n<title>Visita Liceo Eugenio Maria de Hostos - Asociaci\u00f3n Parque Cordillera - Parques Regi\u00f3n Metropolitana<\/title>\n<meta name=\"description\" content=\"Actividades aniversario | 30 a\u00f1os Asociaci\u00f3n Parque Cordillera. En esta instancia de conmemoraci\u00f3n por los 30 a\u00f1os de Asociaci\u00f3n Parque Cordillera, el\" \/>\n<meta name=\"robots\" content=\"index, follow, max-snippet:-1, max-image-preview:large, max-video-preview:-1\" \/>\n<link rel=\"canonical\" href=\"https:\/\/asociacionparquecordillera.cl\/en\/visita-liceo-eugenio-maria-de-hostos\/\" \/>\n<meta property=\"og:locale\" content=\"en_US\" \/>\n<meta property=\"og:type\" content=\"article\" \/>\n<meta property=\"og:title\" content=\"Visita Liceo Eugenio Maria de Hostos\" \/>\n<meta property=\"og:description\" content=\"Actividades aniversario | 30 a\u00f1os Asociaci\u00f3n Parque Cordillera. En esta instancia de conmemoraci\u00f3n por los 30 a\u00f1os de Asociaci\u00f3n Parque Cordillera, el\" \/>\n<meta property=\"og:url\" content=\"https:\/\/asociacionparquecordillera.cl\/en\/visita-liceo-eugenio-maria-de-hostos\/\" \/>\n<meta property=\"og:site_name\" content=\"Asociaci\u00f3n Parque Cordillera - Parques Regi\u00f3n Metropolitana\" \/>\n<meta property=\"article:published_time\" content=\"2023-08-28T13:33:18+00:00\" \/>\n<meta property=\"article:modified_time\" content=\"2025-06-30T20:16:49+00:00\" \/>\n<meta property=\"og:image\" content=\"https:\/\/asociacionparquecordillera.cl\/wp-content\/uploads\/2023\/08\/imagen_2025-06-30_161523265.png\" \/>\n\t<meta property=\"og:image:width\" content=\"596\" \/>\n\t<meta property=\"og:image:height\" content=\"447\" \/>\n\t<meta property=\"og:image:type\" content=\"image\/png\" \/>\n<meta name=\"author\" content=\"Yennifer Molina\" \/>\n<meta name=\"twitter:card\" content=\"summary_large_image\" \/>\n<meta name=\"twitter:label1\" content=\"Written by\" \/>\n\t<meta name=\"twitter:data1\" content=\"Yennifer Molina\" \/>\n\t<meta name=\"twitter:label2\" content=\"Est. reading time\" \/>\n\t<meta name=\"twitter:data2\" content=\"1 minute\" \/>\n<script type=\"application\/ld+json\" class=\"yoast-schema-graph\">{\"@context\":\"https:\/\/schema.org\",\"@graph\":[{\"@type\":\"Article\",\"@id\":\"https:\/\/asociacionparquecordillera.cl\/visita-liceo-eugenio-maria-de-hostos\/#article\",\"isPartOf\":{\"@id\":\"https:\/\/asociacionparquecordillera.cl\/visita-liceo-eugenio-maria-de-hostos\/\"},\"author\":{\"name\":\"Yennifer Molina\",\"@id\":\"https:\/\/asociacionparquecordillera.cl\/#\/schema\/person\/84abb02e974de94d1bd95b5883a31b12\"},\"headline\":\"Visita Liceo Eugenio Maria de Hostos\",\"datePublished\":\"2023-08-28T13:33:18+00:00\",\"dateModified\":\"2025-06-30T20:16:49+00:00\",\"mainEntityOfPage\":{\"@id\":\"https:\/\/asociacionparquecordillera.cl\/visita-liceo-eugenio-maria-de-hostos\/\"},\"wordCount\":131,\"publisher\":{\"@id\":\"https:\/\/asociacionparquecordillera.cl\/#organization\"},\"image\":{\"@id\":\"https:\/\/asociacionparquecordillera.cl\/visita-liceo-eugenio-maria-de-hostos\/#primaryimage\"},\"thumbnailUrl\":\"https:\/\/asociacionparquecordillera.cl\/wp-content\/uploads\/2023\/08\/imagen_2025-06-30_161523265.png\",\"articleSection\":[\"Educaci\u00f3n ambiental\"],\"inLanguage\":\"en-US\"},{\"@type\":\"WebPage\",\"@id\":\"https:\/\/asociacionparquecordillera.cl\/visita-liceo-eugenio-maria-de-hostos\/\",\"url\":\"https:\/\/asociacionparquecordillera.cl\/visita-liceo-eugenio-maria-de-hostos\/\",\"name\":\"Visita Liceo Eugenio Maria de Hostos - Asociaci\u00f3n Parque Cordillera - Parques Regi\u00f3n Metropolitana\",\"isPartOf\":{\"@id\":\"https:\/\/asociacionparquecordillera.cl\/#website\"},\"primaryImageOfPage\":{\"@id\":\"https:\/\/asociacionparquecordillera.cl\/visita-liceo-eugenio-maria-de-hostos\/#primaryimage\"},\"image\":{\"@id\":\"https:\/\/asociacionparquecordillera.cl\/visita-liceo-eugenio-maria-de-hostos\/#primaryimage\"},\"thumbnailUrl\":\"https:\/\/asociacionparquecordillera.cl\/wp-content\/uploads\/2023\/08\/imagen_2025-06-30_161523265.png\",\"datePublished\":\"2023-08-28T13:33:18+00:00\",\"dateModified\":\"2025-06-30T20:16:49+00:00\",\"description\":\"Actividades aniversario | 30 a\u00f1os Asociaci\u00f3n Parque Cordillera. En esta instancia de conmemoraci\u00f3n por los 30 a\u00f1os de Asociaci\u00f3n Parque Cordillera, el\",\"breadcrumb\":{\"@id\":\"https:\/\/asociacionparquecordillera.cl\/visita-liceo-eugenio-maria-de-hostos\/#breadcrumb\"},\"inLanguage\":\"en-US\",\"potentialAction\":[{\"@type\":\"ReadAction\",\"target\":[\"https:\/\/asociacionparquecordillera.cl\/visita-liceo-eugenio-maria-de-hostos\/\"]}]},{\"@type\":\"ImageObject\",\"inLanguage\":\"en-US\",\"@id\":\"https:\/\/asociacionparquecordillera.cl\/visita-liceo-eugenio-maria-de-hostos\/#primaryimage\",\"url\":\"https:\/\/asociacionparquecordillera.cl\/wp-content\/uploads\/2023\/08\/imagen_2025-06-30_161523265.png\",\"contentUrl\":\"https:\/\/asociacionparquecordillera.cl\/wp-content\/uploads\/2023\/08\/imagen_2025-06-30_161523265.png\",\"width\":596,\"height\":447,\"caption\":\"Grupo de estudiantes preparandose para iniciar un trekking por el sendero Los Peumos\"},{\"@type\":\"BreadcrumbList\",\"@id\":\"https:\/\/asociacionparquecordillera.cl\/visita-liceo-eugenio-maria-de-hostos\/#breadcrumb\",\"itemListElement\":[{\"@type\":\"ListItem\",\"position\":1,\"name\":\"Home\",\"item\":\"https:\/\/asociacionparquecordillera.cl\/\"},{\"@type\":\"ListItem\",\"position\":2,\"name\":\"Visita Liceo Eugenio Maria de Hostos\"}]},{\"@type\":\"WebSite\",\"@id\":\"https:\/\/asociacionparquecordillera.cl\/#website\",\"url\":\"https:\/\/asociacionparquecordillera.cl\/\",\"name\":\"Asociaci\u00f3n Parque Cordillera - Parques Regi\u00f3n Metropolitana\",\"description\":\"Asociaci\u00f3n Parque Cordillera promueve la conservaci\u00f3n de la precordillera de Santiago mediante la administraci\u00f3n de parques naturales y el fomento de la educaci\u00f3n ambiental y el turismo sustentable.\",\"publisher\":{\"@id\":\"https:\/\/asociacionparquecordillera.cl\/#organization\"},\"alternateName\":\"Parque Cordillera\",\"potentialAction\":[{\"@type\":\"SearchAction\",\"target\":{\"@type\":\"EntryPoint\",\"urlTemplate\":\"https:\/\/asociacionparquecordillera.cl\/?s={search_term_string}\"},\"query-input\":{\"@type\":\"PropertyValueSpecification\",\"valueRequired\":true,\"valueName\":\"search_term_string\"}}],\"inLanguage\":\"en-US\"},{\"@type\":\"Organization\",\"@id\":\"https:\/\/asociacionparquecordillera.cl\/#organization\",\"name\":\"Asociaci\u00f3n Parque Cordillera - Parques Regi\u00f3n Metropolitana\",\"alternateName\":\"Parque Cordillera\",\"url\":\"https:\/\/asociacionparquecordillera.cl\/\",\"logo\":{\"@type\":\"ImageObject\",\"inLanguage\":\"en-US\",\"@id\":\"https:\/\/asociacionparquecordillera.cl\/#\/schema\/logo\/image\/\",\"url\":\"https:\/\/asociacionparquecordillera.cl\/wp-content\/uploads\/2023\/01\/logo-apc-white-2.svg\",\"contentUrl\":\"https:\/\/asociacionparquecordillera.cl\/wp-content\/uploads\/2023\/01\/logo-apc-white-2.svg\",\"width\":240.789999999999992041921359486877918243408203125,\"height\":80.969999999999998863131622783839702606201171875,\"caption\":\"Asociaci\u00f3n Parque Cordillera - Parques Regi\u00f3n Metropolitana\"},\"image\":{\"@id\":\"https:\/\/asociacionparquecordillera.cl\/#\/schema\/logo\/image\/\"}},{\"@type\":\"Person\",\"@id\":\"https:\/\/asociacionparquecordillera.cl\/#\/schema\/person\/84abb02e974de94d1bd95b5883a31b12\",\"name\":\"Yennifer Molina\",\"image\":{\"@type\":\"ImageObject\",\"inLanguage\":\"en-US\",\"@id\":\"https:\/\/asociacionparquecordillera.cl\/#\/schema\/person\/image\/\",\"url\":\"https:\/\/secure.gravatar.com\/avatar\/9d4ce91ad33ede9592889da648713117096f3d229e872ce04c097f73fb5c4aec?s=96&d=mm&r=g\",\"contentUrl\":\"https:\/\/secure.gravatar.com\/avatar\/9d4ce91ad33ede9592889da648713117096f3d229e872ce04c097f73fb5c4aec?s=96&d=mm&r=g\",\"caption\":\"Yennifer Molina\"},\"url\":\"https:\/\/asociacionparquecordillera.cl\/en\/author\/ymolina\/\"}]}<\/script>\n<!-- \/ Yoast SEO Premium plugin. -->","yoast_head_json":{"title":"Visita Liceo Eugenio Maria de Hostos - Asociaci\u00f3n Parque Cordillera - Parques Regi\u00f3n Metropolitana","description":"Actividades aniversario | 30 a\u00f1os Asociaci\u00f3n Parque Cordillera. En esta instancia de conmemoraci\u00f3n por los 30 a\u00f1os de Asociaci\u00f3n Parque Cordillera, el","robots":{"index":"index","follow":"follow","max-snippet":"max-snippet:-1","max-image-preview":"max-image-preview:large","max-video-preview":"max-video-preview:-1"},"canonical":"https:\/\/asociacionparquecordillera.cl\/en\/visita-liceo-eugenio-maria-de-hostos\/","og_locale":"en_US","og_type":"article","og_title":"Visita Liceo Eugenio Maria de Hostos","og_description":"Actividades aniversario | 30 a\u00f1os Asociaci\u00f3n Parque Cordillera. En esta instancia de conmemoraci\u00f3n por los 30 a\u00f1os de Asociaci\u00f3n Parque Cordillera, el","og_url":"https:\/\/asociacionparquecordillera.cl\/en\/visita-liceo-eugenio-maria-de-hostos\/","og_site_name":"Asociaci\u00f3n Parque Cordillera - Parques Regi\u00f3n Metropolitana","article_published_time":"2023-08-28T13:33:18+00:00","article_modified_time":"2025-06-30T20:16:49+00:00","og_image":[{"width":596,"height":447,"url":"https:\/\/asociacionparquecordillera.cl\/wp-content\/uploads\/2023\/08\/imagen_2025-06-30_161523265.png","type":"image\/png"}],"author":"Yennifer Molina","twitter_card":"summary_large_image","twitter_misc":{"Written by":"Yennifer Molina","Est. reading time":"1 minute"},"schema":{"@context":"https:\/\/schema.org","@graph":[{"@type":"Article","@id":"https:\/\/asociacionparquecordillera.cl\/visita-liceo-eugenio-maria-de-hostos\/#article","isPartOf":{"@id":"https:\/\/asociacionparquecordillera.cl\/visita-liceo-eugenio-maria-de-hostos\/"},"author":{"name":"Yennifer Molina","@id":"https:\/\/asociacionparquecordillera.cl\/#\/schema\/person\/84abb02e974de94d1bd95b5883a31b12"},"headline":"Visita Liceo Eugenio Maria de Hostos","datePublished":"2023-08-28T13:33:18+00:00","dateModified":"2025-06-30T20:16:49+00:00","mainEntityOfPage":{"@id":"https:\/\/asociacionparquecordillera.cl\/visita-liceo-eugenio-maria-de-hostos\/"},"wordCount":131,"publisher":{"@id":"https:\/\/asociacionparquecordillera.cl\/#organization"},"image":{"@id":"https:\/\/asociacionparquecordillera.cl\/visita-liceo-eugenio-maria-de-hostos\/#primaryimage"},"thumbnailUrl":"https:\/\/asociacionparquecordillera.cl\/wp-content\/uploads\/2023\/08\/imagen_2025-06-30_161523265.png","articleSection":["Educaci\u00f3n ambiental"],"inLanguage":"en-US"},{"@type":"WebPage","@id":"https:\/\/asociacionparquecordillera.cl\/visita-liceo-eugenio-maria-de-hostos\/","url":"https:\/\/asociacionparquecordillera.cl\/visita-liceo-eugenio-maria-de-hostos\/","name":"Visita Liceo Eugenio Maria de Hostos - Asociaci\u00f3n Parque Cordillera - Parques Regi\u00f3n Metropolitana","isPartOf":{"@id":"https:\/\/asociacionparquecordillera.cl\/#website"},"primaryImageOfPage":{"@id":"https:\/\/asociacionparquecordillera.cl\/visita-liceo-eugenio-maria-de-hostos\/#primaryimage"},"image":{"@id":"https:\/\/asociacionparquecordillera.cl\/visita-liceo-eugenio-maria-de-hostos\/#primaryimage"},"thumbnailUrl":"https:\/\/asociacionparquecordillera.cl\/wp-content\/uploads\/2023\/08\/imagen_2025-06-30_161523265.png","datePublished":"2023-08-28T13:33:18+00:00","dateModified":"2025-06-30T20:16:49+00:00","description":"Actividades aniversario | 30 a\u00f1os Asociaci\u00f3n Parque Cordillera. En esta instancia de conmemoraci\u00f3n por los 30 a\u00f1os de Asociaci\u00f3n Parque Cordillera, el","breadcrumb":{"@id":"https:\/\/asociacionparquecordillera.cl\/visita-liceo-eugenio-maria-de-hostos\/#breadcrumb"},"inLanguage":"en-US","potentialAction":[{"@type":"ReadAction","target":["https:\/\/asociacionparquecordillera.cl\/visita-liceo-eugenio-maria-de-hostos\/"]}]},{"@type":"ImageObject","inLanguage":"en-US","@id":"https:\/\/asociacionparquecordillera.cl\/visita-liceo-eugenio-maria-de-hostos\/#primaryimage","url":"https:\/\/asociacionparquecordillera.cl\/wp-content\/uploads\/2023\/08\/imagen_2025-06-30_161523265.png","contentUrl":"https:\/\/asociacionparquecordillera.cl\/wp-content\/uploads\/2023\/08\/imagen_2025-06-30_161523265.png","width":596,"height":447,"caption":"Grupo de estudiantes preparandose para iniciar un trekking por el sendero Los Peumos"},{"@type":"BreadcrumbList","@id":"https:\/\/asociacionparquecordillera.cl\/visita-liceo-eugenio-maria-de-hostos\/#breadcrumb","itemListElement":[{"@type":"ListItem","position":1,"name":"Home","item":"https:\/\/asociacionparquecordillera.cl\/"},{"@type":"ListItem","position":2,"name":"Visita Liceo Eugenio Maria de Hostos"}]},{"@type":"WebSite","@id":"https:\/\/asociacionparquecordillera.cl\/#website","url":"https:\/\/asociacionparquecordillera.cl\/","name":"Asociaci\u00f3n Parque Cordillera - Parques Regi\u00f3n Metropolitana","description":"Asociaci\u00f3n Parque Cordillera promueve la conservaci\u00f3n de la precordillera de Santiago mediante la administraci\u00f3n de parques naturales y el fomento de la educaci\u00f3n ambiental y el turismo sustentable.","publisher":{"@id":"https:\/\/asociacionparquecordillera.cl\/#organization"},"alternateName":"Parque Cordillera","potentialAction":[{"@type":"SearchAction","target":{"@type":"EntryPoint","urlTemplate":"https:\/\/asociacionparquecordillera.cl\/?s={search_term_string}"},"query-input":{"@type":"PropertyValueSpecification","valueRequired":true,"valueName":"search_term_string"}}],"inLanguage":"en-US"},{"@type":"Organization","@id":"https:\/\/asociacionparquecordillera.cl\/#organization","name":"Asociaci\u00f3n Parque Cordillera - Parques Regi\u00f3n Metropolitana","alternateName":"Parque Cordillera","url":"https:\/\/asociacionparquecordillera.cl\/","logo":{"@type":"ImageObject","inLanguage":"en-US","@id":"https:\/\/asociacionparquecordillera.cl\/#\/schema\/logo\/image\/","url":"https:\/\/asociacionparquecordillera.cl\/wp-content\/uploads\/2023\/01\/logo-apc-white-2.svg","contentUrl":"https:\/\/asociacionparquecordillera.cl\/wp-content\/uploads\/2023\/01\/logo-apc-white-2.svg","width":240.789999999999992041921359486877918243408203125,"height":80.969999999999998863131622783839702606201171875,"caption":"Asociaci\u00f3n Parque Cordillera - Parques Regi\u00f3n Metropolitana"},"image":{"@id":"https:\/\/asociacionparquecordillera.cl\/#\/schema\/logo\/image\/"}},{"@type":"Person","@id":"https:\/\/asociacionparquecordillera.cl\/#\/schema\/person\/84abb02e974de94d1bd95b5883a31b12","name":"Yennifer Molina","image":{"@type":"ImageObject","inLanguage":"en-US","@id":"https:\/\/asociacionparquecordillera.cl\/#\/schema\/person\/image\/","url":"https:\/\/secure.gravatar.com\/avatar\/9d4ce91ad33ede9592889da648713117096f3d229e872ce04c097f73fb5c4aec?s=96&d=mm&r=g","contentUrl":"https:\/\/secure.gravatar.com\/avatar\/9d4ce91ad33ede9592889da648713117096f3d229e872ce04c097f73fb5c4aec?s=96&d=mm&r=g","caption":"Yennifer Molina"},"url":"https:\/\/asociacionparquecordillera.cl\/en\/author\/ymolina\/"}]}},"_links":{"self":[{"href":"https:\/\/asociacionparquecordillera.cl\/en\/wp-json\/wp\/v2\/posts\/3226","targetHints":{"allow":["GET"]}}],"collection":[{"href":"https:\/\/asociacionparquecordillera.cl\/en\/wp-json\/wp\/v2\/posts"}],"about":[{"href":"https:\/\/asociacionparquecordillera.cl\/en\/wp-json\/wp\/v2\/types\/post"}],"author":[{"embeddable":true,"href":"https:\/\/asociacionparquecordillera.cl\/en\/wp-json\/wp\/v2\/users\/12"}],"replies":[{"embeddable":true,"href":"https:\/\/asociacionparquecordillera.cl\/en\/wp-json\/wp\/v2\/comments?post=3226"}],"version-history":[{"count":6,"href":"https:\/\/asociacionparquecordillera.cl\/en\/wp-json\/wp\/v2\/posts\/3226\/revisions"}],"predecessor-version":[{"id":3625,"href":"https:\/\/asociacionparquecordillera.cl\/en\/wp-json\/wp\/v2\/posts\/3226\/revisions\/3625"}],"wp:featuredmedia":[{"embeddable":true,"href":"https:\/\/asociacionparquecordillera.cl\/en\/wp-json\/wp\/v2\/media\/5763"}],"wp:attachment":[{"href":"https:\/\/asociacionparquecordillera.cl\/en\/wp-json\/wp\/v2\/media?parent=3226"}],"wp:term":[{"taxonomy":"category","embeddable":true,"href":"https:\/\/asociacionparquecordillera.cl\/en\/wp-json\/wp\/v2\/categories?post=3226"},{"taxonomy":"post_tag","embeddable":true,"href":"https:\/\/asociacionparquecordillera.cl\/en\/wp-json\/wp\/v2\/tags?post=3226"},{"taxonomy":"slider-category","embeddable":true,"href":"https:\/\/asociacionparquecordillera.cl\/en\/wp-json\/wp\/v2\/slider-category?post=3226"}],"curies":[{"name":"wp","href":"https:\/\/api.w.org\/{rel}","templated":true}]}}