{"id":3489,"date":"2023-12-06T18:35:53","date_gmt":"2023-12-06T21:35:53","guid":{"rendered":"https:\/\/asociacionparquecordillera.cl\/?p=3489"},"modified":"2025-06-16T17:18:33","modified_gmt":"2025-06-16T21:18:33","slug":"remodelacion-banos-parque-aguas-de-ramon-2","status":"publish","type":"post","link":"https:\/\/asociacionparquecordillera.cl\/en\/remodelacion-banos-parque-aguas-de-ramon-2\/","title":{"rendered":"Capacitaci\u00f3n Monitores"},"content":{"rendered":"<p><b>\u00a1M\u00e1s preparados y capacitados!<\/b><\/p>\n<p>Como parte del programa de capacitaci\u00f3n del a\u00f1o 2023 orientado al fortalecimiento y desarrollo de las capacidades de los Monitores Ambientales, es que se ha generado una alianza celebrada entre Geo-NIX SpA y la Asociaci\u00f3n Parque Cordillera.<\/p>\n<p>Durante el mes de octubre se llev\u00f3 a cabo un Curso de Primeros Auxilios en Lugares Remotos, donde se abordaron contenidos como Anatom\u00eda y fisiolog\u00eda B\u00e1sica; Sistema de Evaluaci\u00f3n del Paciente &#8211; SEP; Signos Vitales; Obstrucci\u00f3n de v\u00eda A\u00e9rea; RCP; Movimiento en Bloque con uso de la tabla espinal; Postura de collar cervical; Hemorragias y heridas; Lesiones osteomusculares; Principios de traslado mediante tabla espinal, entre otros.<\/p>\n<p>Adem\u00e1s de nuestros colaboradores, \u00a1en esta instancia se capacitaron tambi\u00e9n a otras personas del \u00e1rea del turismo aventura!<\/p>\n<p><img decoding=\"async\" class=\"alignnone wp-image-5444 size-medium\" src=\"https:\/\/asociacionparquecordillera.cl\/wp-content\/uploads\/2023\/12\/Capacitacion-Monitores-de-Parque-Cordillera-300x133.png\" alt=\"Monitores de Parque Cordillera en capacitaci\u00f3n\" width=\"300\" height=\"133\" srcset=\"https:\/\/asociacionparquecordillera.cl\/wp-content\/uploads\/2023\/12\/Capacitacion-Monitores-de-Parque-Cordillera-300x133.png 300w, https:\/\/asociacionparquecordillera.cl\/wp-content\/uploads\/2023\/12\/Capacitacion-Monitores-de-Parque-Cordillera-18x8.png 18w, https:\/\/asociacionparquecordillera.cl\/wp-content\/uploads\/2023\/12\/Capacitacion-Monitores-de-Parque-Cordillera.png 598w\" sizes=\"(max-width: 300px) 100vw, 300px\" \/> <img decoding=\"async\" class=\"alignnone wp-image-3491 size-medium\" src=\"https:\/\/asociacionparquecordillera.cl\/wp-content\/uploads\/2023\/12\/capacitacion-monitores-2-300x135.jpg\" alt=\"Monitores de Parque Cordillera haciendo una evaluaci\u00f3n de salud a un paciente por capacitaci\u00f3n\" width=\"300\" height=\"135\" srcset=\"https:\/\/asociacionparquecordillera.cl\/wp-content\/uploads\/2023\/12\/capacitacion-monitores-2-300x135.jpg 300w, https:\/\/asociacionparquecordillera.cl\/wp-content\/uploads\/2023\/12\/capacitacion-monitores-2-1024x461.jpg 1024w, https:\/\/asociacionparquecordillera.cl\/wp-content\/uploads\/2023\/12\/capacitacion-monitores-2-768x346.jpg 768w, https:\/\/asociacionparquecordillera.cl\/wp-content\/uploads\/2023\/12\/capacitacion-monitores-2-18x8.jpg 18w, https:\/\/asociacionparquecordillera.cl\/wp-content\/uploads\/2023\/12\/capacitacion-monitores-2.jpg 1280w\" sizes=\"(max-width: 300px) 100vw, 300px\" \/><\/p>\n<p>&nbsp;<\/p>","protected":false},"excerpt":{"rendered":"<p>\u00a1M\u00e1s preparados y capacitados! Como parte del programa de capacitaci\u00f3n del a\u00f1o 2023 orientado al fortalecimiento y desarrollo de las capacidades de los Monitores Ambientales, es que se ha generado una alianza celebrada entre Geo-NIX SpA y la Asociaci\u00f3n Parque Cordillera. Durante el mes de octubre se llev\u00f3 a cabo un Curso de Primeros Auxilios [&hellip;]<\/p>","protected":false},"author":12,"featured_media":5444,"comment_status":"closed","ping_status":"closed","sticky":false,"template":"","format":"standard","meta":{"site-sidebar-layout":"default","site-content-layout":"","ast-site-content-layout":"default","site-content-style":"default","site-sidebar-style":"default","ast-global-header-display":"","ast-banner-title-visibility":"","ast-main-header-display":"","ast-hfb-above-header-display":"","ast-hfb-below-header-display":"","ast-hfb-mobile-header-display":"","site-post-title":"","ast-breadcrumbs-content":"","ast-featured-img":"","footer-sml-layout":"","theme-transparent-header-meta":"default","adv-header-id-meta":"","stick-header-meta":"default","header-above-stick-meta":"","header-main-stick-meta":"","header-below-stick-meta":"","astra-migrate-meta-layouts":"set","ast-page-background-enabled":"default","ast-page-background-meta":{"desktop":{"background-color":"var(--ast-global-color-4)","background-image":"","background-repeat":"repeat","background-position":"center center","background-size":"auto","background-attachment":"scroll","background-type":"","background-media":"","overlay-type":"","overlay-color":"","overlay-opacity":"","overlay-gradient":""},"tablet":{"background-color":"","background-image":"","background-repeat":"repeat","background-position":"center center","background-size":"auto","background-attachment":"scroll","background-type":"","background-media":"","overlay-type":"","overlay-color":"","overlay-opacity":"","overlay-gradient":""},"mobile":{"background-color":"","background-image":"","background-repeat":"repeat","background-position":"center center","background-size":"auto","background-attachment":"scroll","background-type":"","background-media":"","overlay-type":"","overlay-color":"","overlay-opacity":"","overlay-gradient":""}},"ast-content-background-meta":{"desktop":{"background-color":"var(--ast-global-color-5)","background-image":"","background-repeat":"repeat","background-position":"center center","background-size":"auto","background-attachment":"scroll","background-type":"","background-media":"","overlay-type":"","overlay-color":"","overlay-opacity":"","overlay-gradient":""},"tablet":{"background-color":"var(--ast-global-color-5)","background-image":"","background-repeat":"repeat","background-position":"center center","background-size":"auto","background-attachment":"scroll","background-type":"","background-media":"","overlay-type":"","overlay-color":"","overlay-opacity":"","overlay-gradient":""},"mobile":{"background-color":"var(--ast-global-color-5)","background-image":"","background-repeat":"repeat","background-position":"center center","background-size":"auto","background-attachment":"scroll","background-type":"","background-media":"","overlay-type":"","overlay-color":"","overlay-opacity":"","overlay-gradient":""}},"footnotes":""},"categories":[24],"tags":[],"slider-category":[],"class_list":["post-3489","post","type-post","status-publish","format-standard","has-post-thumbnail","hentry","category-instalaciones"],"yoast_head":"<!-- This site is optimized with the Yoast SEO Premium plugin v22.9 (Yoast SEO v23.9) - https:\/\/yoast.com\/wordpress\/plugins\/seo\/ -->\n<title>Capacitaci\u00f3n Monitores - Asociaci\u00f3n Parque Cordillera - Parques Regi\u00f3n Metropolitana<\/title>\n<meta name=\"description\" content=\"\u00a1M\u00e1s preparados y capacitados! Como parte del programa de capacitaci\u00f3n del a\u00f1o 2023 orientado al fortalecimiento y desarrollo de las capacidades de los\" \/>\n<meta name=\"robots\" content=\"index, follow, max-snippet:-1, max-image-preview:large, max-video-preview:-1\" \/>\n<link rel=\"canonical\" href=\"https:\/\/asociacionparquecordillera.cl\/en\/remodelacion-banos-parque-aguas-de-ramon-2\/\" \/>\n<meta property=\"og:locale\" content=\"en_US\" \/>\n<meta property=\"og:type\" content=\"article\" \/>\n<meta property=\"og:title\" content=\"Capacitaci\u00f3n Monitores\" \/>\n<meta property=\"og:description\" content=\"\u00a1M\u00e1s preparados y capacitados! Como parte del programa de capacitaci\u00f3n del a\u00f1o 2023 orientado al fortalecimiento y desarrollo de las capacidades de los\" \/>\n<meta property=\"og:url\" content=\"https:\/\/asociacionparquecordillera.cl\/en\/remodelacion-banos-parque-aguas-de-ramon-2\/\" \/>\n<meta property=\"og:site_name\" content=\"Asociaci\u00f3n Parque Cordillera - Parques Regi\u00f3n Metropolitana\" \/>\n<meta property=\"article:published_time\" content=\"2023-12-06T21:35:53+00:00\" \/>\n<meta property=\"article:modified_time\" content=\"2025-06-16T21:18:33+00:00\" \/>\n<meta property=\"og:image\" content=\"https:\/\/asociacionparquecordillera.cl\/wp-content\/uploads\/2023\/12\/Capacitacion-Monitores-de-Parque-Cordillera.png\" \/>\n\t<meta property=\"og:image:width\" content=\"598\" \/>\n\t<meta property=\"og:image:height\" content=\"266\" \/>\n\t<meta property=\"og:image:type\" content=\"image\/png\" \/>\n<meta name=\"author\" content=\"Yennifer Molina\" \/>\n<meta name=\"twitter:card\" content=\"summary_large_image\" \/>\n<meta name=\"twitter:label1\" content=\"Written by\" \/>\n\t<meta name=\"twitter:data1\" content=\"Yennifer Molina\" \/>\n\t<meta name=\"twitter:label2\" content=\"Est. reading time\" \/>\n\t<meta name=\"twitter:data2\" content=\"2 minutes\" \/>\n<script type=\"application\/ld+json\" class=\"yoast-schema-graph\">{\"@context\":\"https:\/\/schema.org\",\"@graph\":[{\"@type\":\"Article\",\"@id\":\"https:\/\/asociacionparquecordillera.cl\/remodelacion-banos-parque-aguas-de-ramon-2\/#article\",\"isPartOf\":{\"@id\":\"https:\/\/asociacionparquecordillera.cl\/remodelacion-banos-parque-aguas-de-ramon-2\/\"},\"author\":{\"name\":\"Yennifer Molina\",\"@id\":\"https:\/\/asociacionparquecordillera.cl\/#\/schema\/person\/84abb02e974de94d1bd95b5883a31b12\"},\"headline\":\"Capacitaci\u00f3n Monitores\",\"datePublished\":\"2023-12-06T21:35:53+00:00\",\"dateModified\":\"2025-06-16T21:18:33+00:00\",\"mainEntityOfPage\":{\"@id\":\"https:\/\/asociacionparquecordillera.cl\/remodelacion-banos-parque-aguas-de-ramon-2\/\"},\"wordCount\":141,\"publisher\":{\"@id\":\"https:\/\/asociacionparquecordillera.cl\/#organization\"},\"image\":{\"@id\":\"https:\/\/asociacionparquecordillera.cl\/remodelacion-banos-parque-aguas-de-ramon-2\/#primaryimage\"},\"thumbnailUrl\":\"https:\/\/asociacionparquecordillera.cl\/wp-content\/uploads\/2023\/12\/Capacitacion-Monitores-de-Parque-Cordillera.png\",\"articleSection\":[\"Instalaciones\"],\"inLanguage\":\"en-US\"},{\"@type\":\"WebPage\",\"@id\":\"https:\/\/asociacionparquecordillera.cl\/remodelacion-banos-parque-aguas-de-ramon-2\/\",\"url\":\"https:\/\/asociacionparquecordillera.cl\/remodelacion-banos-parque-aguas-de-ramon-2\/\",\"name\":\"Capacitaci\u00f3n Monitores - Asociaci\u00f3n Parque Cordillera - Parques Regi\u00f3n Metropolitana\",\"isPartOf\":{\"@id\":\"https:\/\/asociacionparquecordillera.cl\/#website\"},\"primaryImageOfPage\":{\"@id\":\"https:\/\/asociacionparquecordillera.cl\/remodelacion-banos-parque-aguas-de-ramon-2\/#primaryimage\"},\"image\":{\"@id\":\"https:\/\/asociacionparquecordillera.cl\/remodelacion-banos-parque-aguas-de-ramon-2\/#primaryimage\"},\"thumbnailUrl\":\"https:\/\/asociacionparquecordillera.cl\/wp-content\/uploads\/2023\/12\/Capacitacion-Monitores-de-Parque-Cordillera.png\",\"datePublished\":\"2023-12-06T21:35:53+00:00\",\"dateModified\":\"2025-06-16T21:18:33+00:00\",\"description\":\"\u00a1M\u00e1s preparados y capacitados! Como parte del programa de capacitaci\u00f3n del a\u00f1o 2023 orientado al fortalecimiento y desarrollo de las capacidades de los\",\"breadcrumb\":{\"@id\":\"https:\/\/asociacionparquecordillera.cl\/remodelacion-banos-parque-aguas-de-ramon-2\/#breadcrumb\"},\"inLanguage\":\"en-US\",\"potentialAction\":[{\"@type\":\"ReadAction\",\"target\":[\"https:\/\/asociacionparquecordillera.cl\/remodelacion-banos-parque-aguas-de-ramon-2\/\"]}]},{\"@type\":\"ImageObject\",\"inLanguage\":\"en-US\",\"@id\":\"https:\/\/asociacionparquecordillera.cl\/remodelacion-banos-parque-aguas-de-ramon-2\/#primaryimage\",\"url\":\"https:\/\/asociacionparquecordillera.cl\/wp-content\/uploads\/2023\/12\/Capacitacion-Monitores-de-Parque-Cordillera.png\",\"contentUrl\":\"https:\/\/asociacionparquecordillera.cl\/wp-content\/uploads\/2023\/12\/Capacitacion-Monitores-de-Parque-Cordillera.png\",\"width\":598,\"height\":266,\"caption\":\"Monitores de Parque Cordillera en capacitaci\u00f3n\"},{\"@type\":\"BreadcrumbList\",\"@id\":\"https:\/\/asociacionparquecordillera.cl\/remodelacion-banos-parque-aguas-de-ramon-2\/#breadcrumb\",\"itemListElement\":[{\"@type\":\"ListItem\",\"position\":1,\"name\":\"Home\",\"item\":\"https:\/\/asociacionparquecordillera.cl\/\"},{\"@type\":\"ListItem\",\"position\":2,\"name\":\"Capacitaci\u00f3n Monitores\"}]},{\"@type\":\"WebSite\",\"@id\":\"https:\/\/asociacionparquecordillera.cl\/#website\",\"url\":\"https:\/\/asociacionparquecordillera.cl\/\",\"name\":\"Asociaci\u00f3n Parque Cordillera - Parques Regi\u00f3n Metropolitana\",\"description\":\"Asociaci\u00f3n Parque Cordillera promueve la conservaci\u00f3n de la precordillera de Santiago mediante la administraci\u00f3n de parques naturales y el fomento de la educaci\u00f3n ambiental y el turismo sustentable.\",\"publisher\":{\"@id\":\"https:\/\/asociacionparquecordillera.cl\/#organization\"},\"alternateName\":\"Parque Cordillera\",\"potentialAction\":[{\"@type\":\"SearchAction\",\"target\":{\"@type\":\"EntryPoint\",\"urlTemplate\":\"https:\/\/asociacionparquecordillera.cl\/?s={search_term_string}\"},\"query-input\":{\"@type\":\"PropertyValueSpecification\",\"valueRequired\":true,\"valueName\":\"search_term_string\"}}],\"inLanguage\":\"en-US\"},{\"@type\":\"Organization\",\"@id\":\"https:\/\/asociacionparquecordillera.cl\/#organization\",\"name\":\"Asociaci\u00f3n Parque Cordillera - Parques Regi\u00f3n Metropolitana\",\"alternateName\":\"Parque Cordillera\",\"url\":\"https:\/\/asociacionparquecordillera.cl\/\",\"logo\":{\"@type\":\"ImageObject\",\"inLanguage\":\"en-US\",\"@id\":\"https:\/\/asociacionparquecordillera.cl\/#\/schema\/logo\/image\/\",\"url\":\"https:\/\/asociacionparquecordillera.cl\/wp-content\/uploads\/2023\/01\/logo-apc-white-2.svg\",\"contentUrl\":\"https:\/\/asociacionparquecordillera.cl\/wp-content\/uploads\/2023\/01\/logo-apc-white-2.svg\",\"width\":240.789999999999992041921359486877918243408203125,\"height\":80.969999999999998863131622783839702606201171875,\"caption\":\"Asociaci\u00f3n Parque Cordillera - Parques Regi\u00f3n Metropolitana\"},\"image\":{\"@id\":\"https:\/\/asociacionparquecordillera.cl\/#\/schema\/logo\/image\/\"}},{\"@type\":\"Person\",\"@id\":\"https:\/\/asociacionparquecordillera.cl\/#\/schema\/person\/84abb02e974de94d1bd95b5883a31b12\",\"name\":\"Yennifer Molina\",\"image\":{\"@type\":\"ImageObject\",\"inLanguage\":\"en-US\",\"@id\":\"https:\/\/asociacionparquecordillera.cl\/#\/schema\/person\/image\/\",\"url\":\"https:\/\/secure.gravatar.com\/avatar\/9d4ce91ad33ede9592889da648713117096f3d229e872ce04c097f73fb5c4aec?s=96&d=mm&r=g\",\"contentUrl\":\"https:\/\/secure.gravatar.com\/avatar\/9d4ce91ad33ede9592889da648713117096f3d229e872ce04c097f73fb5c4aec?s=96&d=mm&r=g\",\"caption\":\"Yennifer Molina\"},\"url\":\"https:\/\/asociacionparquecordillera.cl\/en\/author\/ymolina\/\"}]}<\/script>\n<!-- \/ Yoast SEO Premium plugin. -->","yoast_head_json":{"title":"Capacitaci\u00f3n Monitores - Asociaci\u00f3n Parque Cordillera - Parques Regi\u00f3n Metropolitana","description":"\u00a1M\u00e1s preparados y capacitados! Como parte del programa de capacitaci\u00f3n del a\u00f1o 2023 orientado al fortalecimiento y desarrollo de las capacidades de los","robots":{"index":"index","follow":"follow","max-snippet":"max-snippet:-1","max-image-preview":"max-image-preview:large","max-video-preview":"max-video-preview:-1"},"canonical":"https:\/\/asociacionparquecordillera.cl\/en\/remodelacion-banos-parque-aguas-de-ramon-2\/","og_locale":"en_US","og_type":"article","og_title":"Capacitaci\u00f3n Monitores","og_description":"\u00a1M\u00e1s preparados y capacitados! Como parte del programa de capacitaci\u00f3n del a\u00f1o 2023 orientado al fortalecimiento y desarrollo de las capacidades de los","og_url":"https:\/\/asociacionparquecordillera.cl\/en\/remodelacion-banos-parque-aguas-de-ramon-2\/","og_site_name":"Asociaci\u00f3n Parque Cordillera - Parques Regi\u00f3n Metropolitana","article_published_time":"2023-12-06T21:35:53+00:00","article_modified_time":"2025-06-16T21:18:33+00:00","og_image":[{"width":598,"height":266,"url":"https:\/\/asociacionparquecordillera.cl\/wp-content\/uploads\/2023\/12\/Capacitacion-Monitores-de-Parque-Cordillera.png","type":"image\/png"}],"author":"Yennifer Molina","twitter_card":"summary_large_image","twitter_misc":{"Written by":"Yennifer Molina","Est. reading time":"2 minutes"},"schema":{"@context":"https:\/\/schema.org","@graph":[{"@type":"Article","@id":"https:\/\/asociacionparquecordillera.cl\/remodelacion-banos-parque-aguas-de-ramon-2\/#article","isPartOf":{"@id":"https:\/\/asociacionparquecordillera.cl\/remodelacion-banos-parque-aguas-de-ramon-2\/"},"author":{"name":"Yennifer Molina","@id":"https:\/\/asociacionparquecordillera.cl\/#\/schema\/person\/84abb02e974de94d1bd95b5883a31b12"},"headline":"Capacitaci\u00f3n Monitores","datePublished":"2023-12-06T21:35:53+00:00","dateModified":"2025-06-16T21:18:33+00:00","mainEntityOfPage":{"@id":"https:\/\/asociacionparquecordillera.cl\/remodelacion-banos-parque-aguas-de-ramon-2\/"},"wordCount":141,"publisher":{"@id":"https:\/\/asociacionparquecordillera.cl\/#organization"},"image":{"@id":"https:\/\/asociacionparquecordillera.cl\/remodelacion-banos-parque-aguas-de-ramon-2\/#primaryimage"},"thumbnailUrl":"https:\/\/asociacionparquecordillera.cl\/wp-content\/uploads\/2023\/12\/Capacitacion-Monitores-de-Parque-Cordillera.png","articleSection":["Instalaciones"],"inLanguage":"en-US"},{"@type":"WebPage","@id":"https:\/\/asociacionparquecordillera.cl\/remodelacion-banos-parque-aguas-de-ramon-2\/","url":"https:\/\/asociacionparquecordillera.cl\/remodelacion-banos-parque-aguas-de-ramon-2\/","name":"Capacitaci\u00f3n Monitores - Asociaci\u00f3n Parque Cordillera - Parques Regi\u00f3n Metropolitana","isPartOf":{"@id":"https:\/\/asociacionparquecordillera.cl\/#website"},"primaryImageOfPage":{"@id":"https:\/\/asociacionparquecordillera.cl\/remodelacion-banos-parque-aguas-de-ramon-2\/#primaryimage"},"image":{"@id":"https:\/\/asociacionparquecordillera.cl\/remodelacion-banos-parque-aguas-de-ramon-2\/#primaryimage"},"thumbnailUrl":"https:\/\/asociacionparquecordillera.cl\/wp-content\/uploads\/2023\/12\/Capacitacion-Monitores-de-Parque-Cordillera.png","datePublished":"2023-12-06T21:35:53+00:00","dateModified":"2025-06-16T21:18:33+00:00","description":"\u00a1M\u00e1s preparados y capacitados! Como parte del programa de capacitaci\u00f3n del a\u00f1o 2023 orientado al fortalecimiento y desarrollo de las capacidades de los","breadcrumb":{"@id":"https:\/\/asociacionparquecordillera.cl\/remodelacion-banos-parque-aguas-de-ramon-2\/#breadcrumb"},"inLanguage":"en-US","potentialAction":[{"@type":"ReadAction","target":["https:\/\/asociacionparquecordillera.cl\/remodelacion-banos-parque-aguas-de-ramon-2\/"]}]},{"@type":"ImageObject","inLanguage":"en-US","@id":"https:\/\/asociacionparquecordillera.cl\/remodelacion-banos-parque-aguas-de-ramon-2\/#primaryimage","url":"https:\/\/asociacionparquecordillera.cl\/wp-content\/uploads\/2023\/12\/Capacitacion-Monitores-de-Parque-Cordillera.png","contentUrl":"https:\/\/asociacionparquecordillera.cl\/wp-content\/uploads\/2023\/12\/Capacitacion-Monitores-de-Parque-Cordillera.png","width":598,"height":266,"caption":"Monitores de Parque Cordillera en capacitaci\u00f3n"},{"@type":"BreadcrumbList","@id":"https:\/\/asociacionparquecordillera.cl\/remodelacion-banos-parque-aguas-de-ramon-2\/#breadcrumb","itemListElement":[{"@type":"ListItem","position":1,"name":"Home","item":"https:\/\/asociacionparquecordillera.cl\/"},{"@type":"ListItem","position":2,"name":"Capacitaci\u00f3n Monitores"}]},{"@type":"WebSite","@id":"https:\/\/asociacionparquecordillera.cl\/#website","url":"https:\/\/asociacionparquecordillera.cl\/","name":"Asociaci\u00f3n Parque Cordillera - Parques Regi\u00f3n Metropolitana","description":"Asociaci\u00f3n Parque Cordillera promueve la conservaci\u00f3n de la precordillera de Santiago mediante la administraci\u00f3n de parques naturales y el fomento de la educaci\u00f3n ambiental y el turismo sustentable.","publisher":{"@id":"https:\/\/asociacionparquecordillera.cl\/#organization"},"alternateName":"Parque Cordillera","potentialAction":[{"@type":"SearchAction","target":{"@type":"EntryPoint","urlTemplate":"https:\/\/asociacionparquecordillera.cl\/?s={search_term_string}"},"query-input":{"@type":"PropertyValueSpecification","valueRequired":true,"valueName":"search_term_string"}}],"inLanguage":"en-US"},{"@type":"Organization","@id":"https:\/\/asociacionparquecordillera.cl\/#organization","name":"Asociaci\u00f3n Parque Cordillera - Parques Regi\u00f3n Metropolitana","alternateName":"Parque Cordillera","url":"https:\/\/asociacionparquecordillera.cl\/","logo":{"@type":"ImageObject","inLanguage":"en-US","@id":"https:\/\/asociacionparquecordillera.cl\/#\/schema\/logo\/image\/","url":"https:\/\/asociacionparquecordillera.cl\/wp-content\/uploads\/2023\/01\/logo-apc-white-2.svg","contentUrl":"https:\/\/asociacionparquecordillera.cl\/wp-content\/uploads\/2023\/01\/logo-apc-white-2.svg","width":240.789999999999992041921359486877918243408203125,"height":80.969999999999998863131622783839702606201171875,"caption":"Asociaci\u00f3n Parque Cordillera - Parques Regi\u00f3n Metropolitana"},"image":{"@id":"https:\/\/asociacionparquecordillera.cl\/#\/schema\/logo\/image\/"}},{"@type":"Person","@id":"https:\/\/asociacionparquecordillera.cl\/#\/schema\/person\/84abb02e974de94d1bd95b5883a31b12","name":"Yennifer Molina","image":{"@type":"ImageObject","inLanguage":"en-US","@id":"https:\/\/asociacionparquecordillera.cl\/#\/schema\/person\/image\/","url":"https:\/\/secure.gravatar.com\/avatar\/9d4ce91ad33ede9592889da648713117096f3d229e872ce04c097f73fb5c4aec?s=96&d=mm&r=g","contentUrl":"https:\/\/secure.gravatar.com\/avatar\/9d4ce91ad33ede9592889da648713117096f3d229e872ce04c097f73fb5c4aec?s=96&d=mm&r=g","caption":"Yennifer Molina"},"url":"https:\/\/asociacionparquecordillera.cl\/en\/author\/ymolina\/"}]}},"_links":{"self":[{"href":"https:\/\/asociacionparquecordillera.cl\/en\/wp-json\/wp\/v2\/posts\/3489","targetHints":{"allow":["GET"]}}],"collection":[{"href":"https:\/\/asociacionparquecordillera.cl\/en\/wp-json\/wp\/v2\/posts"}],"about":[{"href":"https:\/\/asociacionparquecordillera.cl\/en\/wp-json\/wp\/v2\/types\/post"}],"author":[{"embeddable":true,"href":"https:\/\/asociacionparquecordillera.cl\/en\/wp-json\/wp\/v2\/users\/12"}],"replies":[{"embeddable":true,"href":"https:\/\/asociacionparquecordillera.cl\/en\/wp-json\/wp\/v2\/comments?post=3489"}],"version-history":[{"count":5,"href":"https:\/\/asociacionparquecordillera.cl\/en\/wp-json\/wp\/v2\/posts\/3489\/revisions"}],"predecessor-version":[{"id":3494,"href":"https:\/\/asociacionparquecordillera.cl\/en\/wp-json\/wp\/v2\/posts\/3489\/revisions\/3494"}],"wp:featuredmedia":[{"embeddable":true,"href":"https:\/\/asociacionparquecordillera.cl\/en\/wp-json\/wp\/v2\/media\/5444"}],"wp:attachment":[{"href":"https:\/\/asociacionparquecordillera.cl\/en\/wp-json\/wp\/v2\/media?parent=3489"}],"wp:term":[{"taxonomy":"category","embeddable":true,"href":"https:\/\/asociacionparquecordillera.cl\/en\/wp-json\/wp\/v2\/categories?post=3489"},{"taxonomy":"post_tag","embeddable":true,"href":"https:\/\/asociacionparquecordillera.cl\/en\/wp-json\/wp\/v2\/tags?post=3489"},{"taxonomy":"slider-category","embeddable":true,"href":"https:\/\/asociacionparquecordillera.cl\/en\/wp-json\/wp\/v2\/slider-category?post=3489"}],"curies":[{"name":"wp","href":"https:\/\/api.w.org\/{rel}","templated":true}]}}