{"id":3495,"date":"2023-12-06T18:41:28","date_gmt":"2023-12-06T21:41:28","guid":{"rendered":"https:\/\/asociacionparquecordillera.cl\/?p=3495"},"modified":"2025-07-02T13:02:31","modified_gmt":"2025-07-02T17:02:31","slug":"cuidado-senaleticas","status":"publish","type":"post","link":"https:\/\/asociacionparquecordillera.cl\/en\/cuidado-senaleticas\/","title":{"rendered":"Cuidado Se\u00f1al\u00e9ticas"},"content":{"rendered":"<p><b>\u00a1Cuidar el parque es tarea de todos!<\/b><\/p>\n<p>Lamentablemente, hemos sido testigos del vandalismo que se est\u00e1 generando nuevamente en algunas se\u00f1al\u00e9ticas de los parques de la Asociaci\u00f3n Parque Cordillera. Estos son elementos que se instalan en los parques para mantener la seguridad de los visitantes, de manera de orientarlos a lo largo de las rutas. Por eso hacemos un llamado a cuidar de la se\u00f1al\u00e9tica y de los parques.<\/p>\n<p>Si eres testigo o ves alg\u00fan tipo de acto vand\u00e1lico, por favor dar aviso a los guardaparques de inmediato.<\/p>\n<p><img fetchpriority=\"high\" decoding=\"async\" class=\"alignnone wp-image-3496 size-medium\" src=\"https:\/\/asociacionparquecordillera.cl\/wp-content\/uploads\/2023\/12\/Cuidado-sen\u0303aletica-1-225x300.jpeg\" alt=\"\" width=\"225\" height=\"300\" srcset=\"https:\/\/asociacionparquecordillera.cl\/wp-content\/uploads\/2023\/12\/Cuidado-sen\u0303aletica-1-225x300.jpeg 225w, https:\/\/asociacionparquecordillera.cl\/wp-content\/uploads\/2023\/12\/Cuidado-sen\u0303aletica-1-768x1024.jpeg 768w, https:\/\/asociacionparquecordillera.cl\/wp-content\/uploads\/2023\/12\/Cuidado-sen\u0303aletica-1-9x12.jpeg 9w, https:\/\/asociacionparquecordillera.cl\/wp-content\/uploads\/2023\/12\/Cuidado-sen\u0303aletica-1.jpeg 960w\" sizes=\"(max-width: 225px) 100vw, 225px\" \/> <img decoding=\"async\" class=\"alignnone wp-image-3497 size-medium\" src=\"https:\/\/asociacionparquecordillera.cl\/wp-content\/uploads\/2023\/12\/Cuidado-sen\u0303aletica-2-169x300.jpeg\" alt=\"\" width=\"169\" height=\"300\" srcset=\"https:\/\/asociacionparquecordillera.cl\/wp-content\/uploads\/2023\/12\/Cuidado-sen\u0303aletica-2-169x300.jpeg 169w, https:\/\/asociacionparquecordillera.cl\/wp-content\/uploads\/2023\/12\/Cuidado-sen\u0303aletica-2-577x1024.jpeg 577w, https:\/\/asociacionparquecordillera.cl\/wp-content\/uploads\/2023\/12\/Cuidado-sen\u0303aletica-2-7x12.jpeg 7w, https:\/\/asociacionparquecordillera.cl\/wp-content\/uploads\/2023\/12\/Cuidado-sen\u0303aletica-2.jpeg 721w\" sizes=\"(max-width: 169px) 100vw, 169px\" \/><\/p>\n<p>&nbsp;<\/p>","protected":false},"excerpt":{"rendered":"<p>\u00a1Cuidar el parque es tarea de todos! Lamentablemente, hemos sido testigos del vandalismo que se est\u00e1 generando nuevamente en algunas se\u00f1al\u00e9ticas de los parques de la Asociaci\u00f3n Parque Cordillera. Estos son elementos que se instalan en los parques para mantener la seguridad de los visitantes, de manera de orientarlos a lo largo de las rutas. [&hellip;]<\/p>","protected":false},"author":12,"featured_media":3496,"comment_status":"closed","ping_status":"closed","sticky":false,"template":"","format":"standard","meta":{"site-sidebar-layout":"default","site-content-layout":"","ast-site-content-layout":"default","site-content-style":"default","site-sidebar-style":"default","ast-global-header-display":"","ast-banner-title-visibility":"","ast-main-header-display":"","ast-hfb-above-header-display":"","ast-hfb-below-header-display":"","ast-hfb-mobile-header-display":"","site-post-title":"","ast-breadcrumbs-content":"","ast-featured-img":"","footer-sml-layout":"","theme-transparent-header-meta":"default","adv-header-id-meta":"","stick-header-meta":"default","header-above-stick-meta":"","header-main-stick-meta":"","header-below-stick-meta":"","astra-migrate-meta-layouts":"set","ast-page-background-enabled":"default","ast-page-background-meta":{"desktop":{"background-color":"var(--ast-global-color-4)","background-image":"","background-repeat":"repeat","background-position":"center center","background-size":"auto","background-attachment":"scroll","background-type":"","background-media":"","overlay-type":"","overlay-color":"","overlay-opacity":"","overlay-gradient":""},"tablet":{"background-color":"","background-image":"","background-repeat":"repeat","background-position":"center center","background-size":"auto","background-attachment":"scroll","background-type":"","background-media":"","overlay-type":"","overlay-color":"","overlay-opacity":"","overlay-gradient":""},"mobile":{"background-color":"","background-image":"","background-repeat":"repeat","background-position":"center center","background-size":"auto","background-attachment":"scroll","background-type":"","background-media":"","overlay-type":"","overlay-color":"","overlay-opacity":"","overlay-gradient":""}},"ast-content-background-meta":{"desktop":{"background-color":"var(--ast-global-color-5)","background-image":"","background-repeat":"repeat","background-position":"center center","background-size":"auto","background-attachment":"scroll","background-type":"","background-media":"","overlay-type":"","overlay-color":"","overlay-opacity":"","overlay-gradient":""},"tablet":{"background-color":"var(--ast-global-color-5)","background-image":"","background-repeat":"repeat","background-position":"center center","background-size":"auto","background-attachment":"scroll","background-type":"","background-media":"","overlay-type":"","overlay-color":"","overlay-opacity":"","overlay-gradient":""},"mobile":{"background-color":"var(--ast-global-color-5)","background-image":"","background-repeat":"repeat","background-position":"center center","background-size":"auto","background-attachment":"scroll","background-type":"","background-media":"","overlay-type":"","overlay-color":"","overlay-opacity":"","overlay-gradient":""}},"footnotes":""},"categories":[24],"tags":[],"slider-category":[],"class_list":["post-3495","post","type-post","status-publish","format-standard","has-post-thumbnail","hentry","category-instalaciones"],"yoast_head":"<!-- This site is optimized with the Yoast SEO Premium plugin v22.9 (Yoast SEO v23.9) - https:\/\/yoast.com\/wordpress\/plugins\/seo\/ -->\n<title>Cuidado Se\u00f1al\u00e9ticas - Asociaci\u00f3n Parque Cordillera - Parques Regi\u00f3n Metropolitana<\/title>\n<meta name=\"description\" content=\"\u00a1Cuidar el parque es tarea de todos! Lamentablemente, hemos sido testigos del vandalismo que se est\u00e1 generando nuevamente en algunas se\u00f1al\u00e9ticas de los\" \/>\n<meta name=\"robots\" content=\"index, follow, max-snippet:-1, max-image-preview:large, max-video-preview:-1\" \/>\n<link rel=\"canonical\" href=\"https:\/\/asociacionparquecordillera.cl\/en\/cuidado-senaleticas\/\" \/>\n<meta property=\"og:locale\" content=\"en_US\" \/>\n<meta property=\"og:type\" content=\"article\" \/>\n<meta property=\"og:title\" content=\"Cuidado Se\u00f1al\u00e9ticas\" \/>\n<meta property=\"og:description\" content=\"\u00a1Cuidar el parque es tarea de todos! Lamentablemente, hemos sido testigos del vandalismo que se est\u00e1 generando nuevamente en algunas se\u00f1al\u00e9ticas de los\" \/>\n<meta property=\"og:url\" content=\"https:\/\/asociacionparquecordillera.cl\/en\/cuidado-senaleticas\/\" \/>\n<meta property=\"og:site_name\" content=\"Asociaci\u00f3n Parque Cordillera - Parques Regi\u00f3n Metropolitana\" \/>\n<meta property=\"article:published_time\" content=\"2023-12-06T21:41:28+00:00\" \/>\n<meta property=\"article:modified_time\" content=\"2025-07-02T17:02:31+00:00\" \/>\n<meta property=\"og:image\" content=\"https:\/\/asociacionparquecordillera.cl\/wp-content\/uploads\/2023\/12\/Cuidado-sen\u0303aletica-1.jpeg\" \/>\n\t<meta property=\"og:image:width\" content=\"960\" \/>\n\t<meta property=\"og:image:height\" content=\"1280\" \/>\n\t<meta property=\"og:image:type\" content=\"image\/jpeg\" \/>\n<meta name=\"author\" content=\"Yennifer Molina\" \/>\n<meta name=\"twitter:card\" content=\"summary_large_image\" \/>\n<meta name=\"twitter:label1\" content=\"Written by\" \/>\n\t<meta name=\"twitter:data1\" content=\"Yennifer Molina\" \/>\n\t<meta name=\"twitter:label2\" content=\"Est. reading time\" \/>\n\t<meta name=\"twitter:data2\" content=\"2 minutes\" \/>\n<script type=\"application\/ld+json\" class=\"yoast-schema-graph\">{\"@context\":\"https:\/\/schema.org\",\"@graph\":[{\"@type\":\"Article\",\"@id\":\"https:\/\/asociacionparquecordillera.cl\/cuidado-senaleticas\/#article\",\"isPartOf\":{\"@id\":\"https:\/\/asociacionparquecordillera.cl\/cuidado-senaleticas\/\"},\"author\":{\"name\":\"Yennifer Molina\",\"@id\":\"https:\/\/asociacionparquecordillera.cl\/#\/schema\/person\/84abb02e974de94d1bd95b5883a31b12\"},\"headline\":\"Cuidado Se\u00f1al\u00e9ticas\",\"datePublished\":\"2023-12-06T21:41:28+00:00\",\"dateModified\":\"2025-07-02T17:02:31+00:00\",\"mainEntityOfPage\":{\"@id\":\"https:\/\/asociacionparquecordillera.cl\/cuidado-senaleticas\/\"},\"wordCount\":100,\"publisher\":{\"@id\":\"https:\/\/asociacionparquecordillera.cl\/#organization\"},\"image\":{\"@id\":\"https:\/\/asociacionparquecordillera.cl\/cuidado-senaleticas\/#primaryimage\"},\"thumbnailUrl\":\"https:\/\/asociacionparquecordillera.cl\/wp-content\/uploads\/2023\/12\/Cuidado-sen\u0303aletica-1.jpeg\",\"articleSection\":[\"Instalaciones\"],\"inLanguage\":\"en-US\"},{\"@type\":\"WebPage\",\"@id\":\"https:\/\/asociacionparquecordillera.cl\/cuidado-senaleticas\/\",\"url\":\"https:\/\/asociacionparquecordillera.cl\/cuidado-senaleticas\/\",\"name\":\"Cuidado Se\u00f1al\u00e9ticas - Asociaci\u00f3n Parque Cordillera - Parques Regi\u00f3n Metropolitana\",\"isPartOf\":{\"@id\":\"https:\/\/asociacionparquecordillera.cl\/#website\"},\"primaryImageOfPage\":{\"@id\":\"https:\/\/asociacionparquecordillera.cl\/cuidado-senaleticas\/#primaryimage\"},\"image\":{\"@id\":\"https:\/\/asociacionparquecordillera.cl\/cuidado-senaleticas\/#primaryimage\"},\"thumbnailUrl\":\"https:\/\/asociacionparquecordillera.cl\/wp-content\/uploads\/2023\/12\/Cuidado-sen\u0303aletica-1.jpeg\",\"datePublished\":\"2023-12-06T21:41:28+00:00\",\"dateModified\":\"2025-07-02T17:02:31+00:00\",\"description\":\"\u00a1Cuidar el parque es tarea de todos! Lamentablemente, hemos sido testigos del vandalismo que se est\u00e1 generando nuevamente en algunas se\u00f1al\u00e9ticas de los\",\"breadcrumb\":{\"@id\":\"https:\/\/asociacionparquecordillera.cl\/cuidado-senaleticas\/#breadcrumb\"},\"inLanguage\":\"en-US\",\"potentialAction\":[{\"@type\":\"ReadAction\",\"target\":[\"https:\/\/asociacionparquecordillera.cl\/cuidado-senaleticas\/\"]}]},{\"@type\":\"ImageObject\",\"inLanguage\":\"en-US\",\"@id\":\"https:\/\/asociacionparquecordillera.cl\/cuidado-senaleticas\/#primaryimage\",\"url\":\"https:\/\/asociacionparquecordillera.cl\/wp-content\/uploads\/2023\/12\/Cuidado-sen\u0303aletica-1.jpeg\",\"contentUrl\":\"https:\/\/asociacionparquecordillera.cl\/wp-content\/uploads\/2023\/12\/Cuidado-sen\u0303aletica-1.jpeg\",\"width\":960,\"height\":1280},{\"@type\":\"BreadcrumbList\",\"@id\":\"https:\/\/asociacionparquecordillera.cl\/cuidado-senaleticas\/#breadcrumb\",\"itemListElement\":[{\"@type\":\"ListItem\",\"position\":1,\"name\":\"Home\",\"item\":\"https:\/\/asociacionparquecordillera.cl\/\"},{\"@type\":\"ListItem\",\"position\":2,\"name\":\"Cuidado Se\u00f1al\u00e9ticas\"}]},{\"@type\":\"WebSite\",\"@id\":\"https:\/\/asociacionparquecordillera.cl\/#website\",\"url\":\"https:\/\/asociacionparquecordillera.cl\/\",\"name\":\"Asociaci\u00f3n Parque Cordillera - Parques Regi\u00f3n Metropolitana\",\"description\":\"Asociaci\u00f3n Parque Cordillera promueve la conservaci\u00f3n de la precordillera de Santiago mediante la administraci\u00f3n de parques naturales y el fomento de la educaci\u00f3n ambiental y el turismo sustentable.\",\"publisher\":{\"@id\":\"https:\/\/asociacionparquecordillera.cl\/#organization\"},\"alternateName\":\"Parque Cordillera\",\"potentialAction\":[{\"@type\":\"SearchAction\",\"target\":{\"@type\":\"EntryPoint\",\"urlTemplate\":\"https:\/\/asociacionparquecordillera.cl\/?s={search_term_string}\"},\"query-input\":{\"@type\":\"PropertyValueSpecification\",\"valueRequired\":true,\"valueName\":\"search_term_string\"}}],\"inLanguage\":\"en-US\"},{\"@type\":\"Organization\",\"@id\":\"https:\/\/asociacionparquecordillera.cl\/#organization\",\"name\":\"Asociaci\u00f3n Parque Cordillera - Parques Regi\u00f3n Metropolitana\",\"alternateName\":\"Parque Cordillera\",\"url\":\"https:\/\/asociacionparquecordillera.cl\/\",\"logo\":{\"@type\":\"ImageObject\",\"inLanguage\":\"en-US\",\"@id\":\"https:\/\/asociacionparquecordillera.cl\/#\/schema\/logo\/image\/\",\"url\":\"https:\/\/asociacionparquecordillera.cl\/wp-content\/uploads\/2023\/01\/logo-apc-white-2.svg\",\"contentUrl\":\"https:\/\/asociacionparquecordillera.cl\/wp-content\/uploads\/2023\/01\/logo-apc-white-2.svg\",\"width\":240.789999999999992041921359486877918243408203125,\"height\":80.969999999999998863131622783839702606201171875,\"caption\":\"Asociaci\u00f3n Parque Cordillera - Parques Regi\u00f3n Metropolitana\"},\"image\":{\"@id\":\"https:\/\/asociacionparquecordillera.cl\/#\/schema\/logo\/image\/\"}},{\"@type\":\"Person\",\"@id\":\"https:\/\/asociacionparquecordillera.cl\/#\/schema\/person\/84abb02e974de94d1bd95b5883a31b12\",\"name\":\"Yennifer Molina\",\"image\":{\"@type\":\"ImageObject\",\"inLanguage\":\"en-US\",\"@id\":\"https:\/\/asociacionparquecordillera.cl\/#\/schema\/person\/image\/\",\"url\":\"https:\/\/secure.gravatar.com\/avatar\/9d4ce91ad33ede9592889da648713117096f3d229e872ce04c097f73fb5c4aec?s=96&d=mm&r=g\",\"contentUrl\":\"https:\/\/secure.gravatar.com\/avatar\/9d4ce91ad33ede9592889da648713117096f3d229e872ce04c097f73fb5c4aec?s=96&d=mm&r=g\",\"caption\":\"Yennifer Molina\"},\"url\":\"https:\/\/asociacionparquecordillera.cl\/en\/author\/ymolina\/\"}]}<\/script>\n<!-- \/ Yoast SEO Premium plugin. -->","yoast_head_json":{"title":"Cuidado Se\u00f1al\u00e9ticas - Asociaci\u00f3n Parque Cordillera - Parques Regi\u00f3n Metropolitana","description":"\u00a1Cuidar el parque es tarea de todos! Lamentablemente, hemos sido testigos del vandalismo que se est\u00e1 generando nuevamente en algunas se\u00f1al\u00e9ticas de los","robots":{"index":"index","follow":"follow","max-snippet":"max-snippet:-1","max-image-preview":"max-image-preview:large","max-video-preview":"max-video-preview:-1"},"canonical":"https:\/\/asociacionparquecordillera.cl\/en\/cuidado-senaleticas\/","og_locale":"en_US","og_type":"article","og_title":"Cuidado Se\u00f1al\u00e9ticas","og_description":"\u00a1Cuidar el parque es tarea de todos! Lamentablemente, hemos sido testigos del vandalismo que se est\u00e1 generando nuevamente en algunas se\u00f1al\u00e9ticas de los","og_url":"https:\/\/asociacionparquecordillera.cl\/en\/cuidado-senaleticas\/","og_site_name":"Asociaci\u00f3n Parque Cordillera - Parques Regi\u00f3n Metropolitana","article_published_time":"2023-12-06T21:41:28+00:00","article_modified_time":"2025-07-02T17:02:31+00:00","og_image":[{"width":960,"height":1280,"url":"https:\/\/asociacionparquecordillera.cl\/wp-content\/uploads\/2023\/12\/Cuidado-sen\u0303aletica-1.jpeg","type":"image\/jpeg"}],"author":"Yennifer Molina","twitter_card":"summary_large_image","twitter_misc":{"Written by":"Yennifer Molina","Est. reading time":"2 minutes"},"schema":{"@context":"https:\/\/schema.org","@graph":[{"@type":"Article","@id":"https:\/\/asociacionparquecordillera.cl\/cuidado-senaleticas\/#article","isPartOf":{"@id":"https:\/\/asociacionparquecordillera.cl\/cuidado-senaleticas\/"},"author":{"name":"Yennifer Molina","@id":"https:\/\/asociacionparquecordillera.cl\/#\/schema\/person\/84abb02e974de94d1bd95b5883a31b12"},"headline":"Cuidado Se\u00f1al\u00e9ticas","datePublished":"2023-12-06T21:41:28+00:00","dateModified":"2025-07-02T17:02:31+00:00","mainEntityOfPage":{"@id":"https:\/\/asociacionparquecordillera.cl\/cuidado-senaleticas\/"},"wordCount":100,"publisher":{"@id":"https:\/\/asociacionparquecordillera.cl\/#organization"},"image":{"@id":"https:\/\/asociacionparquecordillera.cl\/cuidado-senaleticas\/#primaryimage"},"thumbnailUrl":"https:\/\/asociacionparquecordillera.cl\/wp-content\/uploads\/2023\/12\/Cuidado-sen\u0303aletica-1.jpeg","articleSection":["Instalaciones"],"inLanguage":"en-US"},{"@type":"WebPage","@id":"https:\/\/asociacionparquecordillera.cl\/cuidado-senaleticas\/","url":"https:\/\/asociacionparquecordillera.cl\/cuidado-senaleticas\/","name":"Cuidado Se\u00f1al\u00e9ticas - Asociaci\u00f3n Parque Cordillera - Parques Regi\u00f3n Metropolitana","isPartOf":{"@id":"https:\/\/asociacionparquecordillera.cl\/#website"},"primaryImageOfPage":{"@id":"https:\/\/asociacionparquecordillera.cl\/cuidado-senaleticas\/#primaryimage"},"image":{"@id":"https:\/\/asociacionparquecordillera.cl\/cuidado-senaleticas\/#primaryimage"},"thumbnailUrl":"https:\/\/asociacionparquecordillera.cl\/wp-content\/uploads\/2023\/12\/Cuidado-sen\u0303aletica-1.jpeg","datePublished":"2023-12-06T21:41:28+00:00","dateModified":"2025-07-02T17:02:31+00:00","description":"\u00a1Cuidar el parque es tarea de todos! Lamentablemente, hemos sido testigos del vandalismo que se est\u00e1 generando nuevamente en algunas se\u00f1al\u00e9ticas de los","breadcrumb":{"@id":"https:\/\/asociacionparquecordillera.cl\/cuidado-senaleticas\/#breadcrumb"},"inLanguage":"en-US","potentialAction":[{"@type":"ReadAction","target":["https:\/\/asociacionparquecordillera.cl\/cuidado-senaleticas\/"]}]},{"@type":"ImageObject","inLanguage":"en-US","@id":"https:\/\/asociacionparquecordillera.cl\/cuidado-senaleticas\/#primaryimage","url":"https:\/\/asociacionparquecordillera.cl\/wp-content\/uploads\/2023\/12\/Cuidado-sen\u0303aletica-1.jpeg","contentUrl":"https:\/\/asociacionparquecordillera.cl\/wp-content\/uploads\/2023\/12\/Cuidado-sen\u0303aletica-1.jpeg","width":960,"height":1280},{"@type":"BreadcrumbList","@id":"https:\/\/asociacionparquecordillera.cl\/cuidado-senaleticas\/#breadcrumb","itemListElement":[{"@type":"ListItem","position":1,"name":"Home","item":"https:\/\/asociacionparquecordillera.cl\/"},{"@type":"ListItem","position":2,"name":"Cuidado Se\u00f1al\u00e9ticas"}]},{"@type":"WebSite","@id":"https:\/\/asociacionparquecordillera.cl\/#website","url":"https:\/\/asociacionparquecordillera.cl\/","name":"Asociaci\u00f3n Parque Cordillera - Parques Regi\u00f3n Metropolitana","description":"Asociaci\u00f3n Parque Cordillera promueve la conservaci\u00f3n de la precordillera de Santiago mediante la administraci\u00f3n de parques naturales y el fomento de la educaci\u00f3n ambiental y el turismo sustentable.","publisher":{"@id":"https:\/\/asociacionparquecordillera.cl\/#organization"},"alternateName":"Parque Cordillera","potentialAction":[{"@type":"SearchAction","target":{"@type":"EntryPoint","urlTemplate":"https:\/\/asociacionparquecordillera.cl\/?s={search_term_string}"},"query-input":{"@type":"PropertyValueSpecification","valueRequired":true,"valueName":"search_term_string"}}],"inLanguage":"en-US"},{"@type":"Organization","@id":"https:\/\/asociacionparquecordillera.cl\/#organization","name":"Asociaci\u00f3n Parque Cordillera - Parques Regi\u00f3n Metropolitana","alternateName":"Parque Cordillera","url":"https:\/\/asociacionparquecordillera.cl\/","logo":{"@type":"ImageObject","inLanguage":"en-US","@id":"https:\/\/asociacionparquecordillera.cl\/#\/schema\/logo\/image\/","url":"https:\/\/asociacionparquecordillera.cl\/wp-content\/uploads\/2023\/01\/logo-apc-white-2.svg","contentUrl":"https:\/\/asociacionparquecordillera.cl\/wp-content\/uploads\/2023\/01\/logo-apc-white-2.svg","width":240.789999999999992041921359486877918243408203125,"height":80.969999999999998863131622783839702606201171875,"caption":"Asociaci\u00f3n Parque Cordillera - Parques Regi\u00f3n Metropolitana"},"image":{"@id":"https:\/\/asociacionparquecordillera.cl\/#\/schema\/logo\/image\/"}},{"@type":"Person","@id":"https:\/\/asociacionparquecordillera.cl\/#\/schema\/person\/84abb02e974de94d1bd95b5883a31b12","name":"Yennifer Molina","image":{"@type":"ImageObject","inLanguage":"en-US","@id":"https:\/\/asociacionparquecordillera.cl\/#\/schema\/person\/image\/","url":"https:\/\/secure.gravatar.com\/avatar\/9d4ce91ad33ede9592889da648713117096f3d229e872ce04c097f73fb5c4aec?s=96&d=mm&r=g","contentUrl":"https:\/\/secure.gravatar.com\/avatar\/9d4ce91ad33ede9592889da648713117096f3d229e872ce04c097f73fb5c4aec?s=96&d=mm&r=g","caption":"Yennifer Molina"},"url":"https:\/\/asociacionparquecordillera.cl\/en\/author\/ymolina\/"}]}},"_links":{"self":[{"href":"https:\/\/asociacionparquecordillera.cl\/en\/wp-json\/wp\/v2\/posts\/3495","targetHints":{"allow":["GET"]}}],"collection":[{"href":"https:\/\/asociacionparquecordillera.cl\/en\/wp-json\/wp\/v2\/posts"}],"about":[{"href":"https:\/\/asociacionparquecordillera.cl\/en\/wp-json\/wp\/v2\/types\/post"}],"author":[{"embeddable":true,"href":"https:\/\/asociacionparquecordillera.cl\/en\/wp-json\/wp\/v2\/users\/12"}],"replies":[{"embeddable":true,"href":"https:\/\/asociacionparquecordillera.cl\/en\/wp-json\/wp\/v2\/comments?post=3495"}],"version-history":[{"count":3,"href":"https:\/\/asociacionparquecordillera.cl\/en\/wp-json\/wp\/v2\/posts\/3495\/revisions"}],"predecessor-version":[{"id":5447,"href":"https:\/\/asociacionparquecordillera.cl\/en\/wp-json\/wp\/v2\/posts\/3495\/revisions\/5447"}],"wp:featuredmedia":[{"embeddable":true,"href":"https:\/\/asociacionparquecordillera.cl\/en\/wp-json\/wp\/v2\/media\/3496"}],"wp:attachment":[{"href":"https:\/\/asociacionparquecordillera.cl\/en\/wp-json\/wp\/v2\/media?parent=3495"}],"wp:term":[{"taxonomy":"category","embeddable":true,"href":"https:\/\/asociacionparquecordillera.cl\/en\/wp-json\/wp\/v2\/categories?post=3495"},{"taxonomy":"post_tag","embeddable":true,"href":"https:\/\/asociacionparquecordillera.cl\/en\/wp-json\/wp\/v2\/tags?post=3495"},{"taxonomy":"slider-category","embeddable":true,"href":"https:\/\/asociacionparquecordillera.cl\/en\/wp-json\/wp\/v2\/slider-category?post=3495"}],"curies":[{"name":"wp","href":"https:\/\/api.w.org\/{rel}","templated":true}]}}