{"id":3499,"date":"2023-12-06T18:44:11","date_gmt":"2023-12-06T21:44:11","guid":{"rendered":"https:\/\/asociacionparquecordillera.cl\/?p=3499"},"modified":"2025-07-02T13:05:36","modified_gmt":"2025-07-02T17:05:36","slug":"precaucion-temporada-de-montana","status":"publish","type":"post","link":"https:\/\/asociacionparquecordillera.cl\/en\/precaucion-temporada-de-montana\/","title":{"rendered":"Precauci\u00f3n Temporada de Monta\u00f1a"},"content":{"rendered":"<p><b>\u00a1Evitemos los accidentes!<\/b><\/p>\n<p>La temporada de Monta\u00f1a ya es un hecho, pero para que puedas disfrutar de la naturaleza sin imprevistos es necesario tomar las medidas necesarias.<\/p>\n<p>En los \u00faltimos d\u00edas, hemos registrado un aumento en las incidencias de los parques principalmente por falta de hidrataci\u00f3n, lesiones traumatol\u00f3gicas por no hacer un descenso adecuado y falta de condiciones f\u00edsicas para hacer determinadas rutas de exigencia alta.<\/p>\n<p>En este sentido te recordamos que el autocuidado y las medidas de seguridad o precauci\u00f3n para prevenir estos eventos son fundamentales. As\u00ed como tambi\u00e9n el respetar los horarios de ingreso y salida de cada sendero.<\/p>\n<p>Algunos consejos: lleva la suficiente agua, usa un calzado t\u00e9cnico, utiliza anteojos, jockey y protector solar, lleva siempre un snack saludable, prefiere ropa ligera, adecuada y c\u00f3moda.<\/p>\n<p><b>\u00a1Escoge la ruta adecuada y prep\u00e1rate para enfrentarla correctamente!<\/b><\/p>\n<p><img fetchpriority=\"high\" decoding=\"async\" class=\"alignnone wp-image-5769 size-medium\" src=\"https:\/\/asociacionparquecordillera.cl\/wp-content\/uploads\/2023\/12\/imagen_2025-07-02_130358708-200x300.png\" alt=\"Persona colocandose una venda alrededor de la rodilla\" width=\"200\" height=\"300\" srcset=\"https:\/\/asociacionparquecordillera.cl\/wp-content\/uploads\/2023\/12\/imagen_2025-07-02_130358708-200x300.png 200w, https:\/\/asociacionparquecordillera.cl\/wp-content\/uploads\/2023\/12\/imagen_2025-07-02_130358708-8x12.png 8w, https:\/\/asociacionparquecordillera.cl\/wp-content\/uploads\/2023\/12\/imagen_2025-07-02_130358708.png 396w\" sizes=\"(max-width: 200px) 100vw, 200px\" \/> <img decoding=\"async\" class=\"alignnone wp-image-3502 size-medium\" src=\"https:\/\/asociacionparquecordillera.cl\/wp-content\/uploads\/2023\/12\/temporada-de-montan\u0303a-1-de-taman\u0303o-grande-300x200.jpeg\" alt=\"Persona con un yeso en la pierna\" width=\"300\" height=\"200\" srcset=\"https:\/\/asociacionparquecordillera.cl\/wp-content\/uploads\/2023\/12\/temporada-de-montan\u0303a-1-de-taman\u0303o-grande-300x200.jpeg 300w, https:\/\/asociacionparquecordillera.cl\/wp-content\/uploads\/2023\/12\/temporada-de-montan\u0303a-1-de-taman\u0303o-grande-1024x682.jpeg 1024w, https:\/\/asociacionparquecordillera.cl\/wp-content\/uploads\/2023\/12\/temporada-de-montan\u0303a-1-de-taman\u0303o-grande-768x511.jpeg 768w, https:\/\/asociacionparquecordillera.cl\/wp-content\/uploads\/2023\/12\/temporada-de-montan\u0303a-1-de-taman\u0303o-grande-18x12.jpeg 18w, https:\/\/asociacionparquecordillera.cl\/wp-content\/uploads\/2023\/12\/temporada-de-montan\u0303a-1-de-taman\u0303o-grande.jpeg 1280w\" sizes=\"(max-width: 300px) 100vw, 300px\" \/><\/p>","protected":false},"excerpt":{"rendered":"<p>\u00a1Evitemos los accidentes! La temporada de Monta\u00f1a ya es un hecho, pero para que puedas disfrutar de la naturaleza sin imprevistos es necesario tomar las medidas necesarias. En los \u00faltimos d\u00edas, hemos registrado un aumento en las incidencias de los parques principalmente por falta de hidrataci\u00f3n, lesiones traumatol\u00f3gicas por no hacer un descenso adecuado y [&hellip;]<\/p>","protected":false},"author":12,"featured_media":5769,"comment_status":"closed","ping_status":"closed","sticky":false,"template":"","format":"standard","meta":{"site-sidebar-layout":"default","site-content-layout":"","ast-site-content-layout":"default","site-content-style":"default","site-sidebar-style":"default","ast-global-header-display":"","ast-banner-title-visibility":"","ast-main-header-display":"","ast-hfb-above-header-display":"","ast-hfb-below-header-display":"","ast-hfb-mobile-header-display":"","site-post-title":"","ast-breadcrumbs-content":"","ast-featured-img":"","footer-sml-layout":"","theme-transparent-header-meta":"default","adv-header-id-meta":"","stick-header-meta":"default","header-above-stick-meta":"","header-main-stick-meta":"","header-below-stick-meta":"","astra-migrate-meta-layouts":"set","ast-page-background-enabled":"default","ast-page-background-meta":{"desktop":{"background-color":"var(--ast-global-color-4)","background-image":"","background-repeat":"repeat","background-position":"center center","background-size":"auto","background-attachment":"scroll","background-type":"","background-media":"","overlay-type":"","overlay-color":"","overlay-opacity":"","overlay-gradient":""},"tablet":{"background-color":"","background-image":"","background-repeat":"repeat","background-position":"center center","background-size":"auto","background-attachment":"scroll","background-type":"","background-media":"","overlay-type":"","overlay-color":"","overlay-opacity":"","overlay-gradient":""},"mobile":{"background-color":"","background-image":"","background-repeat":"repeat","background-position":"center center","background-size":"auto","background-attachment":"scroll","background-type":"","background-media":"","overlay-type":"","overlay-color":"","overlay-opacity":"","overlay-gradient":""}},"ast-content-background-meta":{"desktop":{"background-color":"var(--ast-global-color-5)","background-image":"","background-repeat":"repeat","background-position":"center center","background-size":"auto","background-attachment":"scroll","background-type":"","background-media":"","overlay-type":"","overlay-color":"","overlay-opacity":"","overlay-gradient":""},"tablet":{"background-color":"var(--ast-global-color-5)","background-image":"","background-repeat":"repeat","background-position":"center center","background-size":"auto","background-attachment":"scroll","background-type":"","background-media":"","overlay-type":"","overlay-color":"","overlay-opacity":"","overlay-gradient":""},"mobile":{"background-color":"var(--ast-global-color-5)","background-image":"","background-repeat":"repeat","background-position":"center center","background-size":"auto","background-attachment":"scroll","background-type":"","background-media":"","overlay-type":"","overlay-color":"","overlay-opacity":"","overlay-gradient":""}},"footnotes":""},"categories":[1],"tags":[],"slider-category":[],"class_list":["post-3499","post","type-post","status-publish","format-standard","has-post-thumbnail","hentry","category-prevencion"],"yoast_head":"<!-- This site is optimized with the Yoast SEO Premium plugin v22.9 (Yoast SEO v23.9) - https:\/\/yoast.com\/wordpress\/plugins\/seo\/ -->\n<title>Precauci\u00f3n Temporada de Monta\u00f1a - Asociaci\u00f3n Parque Cordillera - Parques Regi\u00f3n Metropolitana<\/title>\n<meta name=\"description\" content=\"\u00a1Evitemos los accidentes! La temporada de Monta\u00f1a ya es un hecho, pero para que puedas disfrutar de la naturaleza sin imprevistos es necesario tomar las\" \/>\n<meta name=\"robots\" content=\"index, follow, max-snippet:-1, max-image-preview:large, max-video-preview:-1\" \/>\n<link rel=\"canonical\" href=\"https:\/\/asociacionparquecordillera.cl\/en\/precaucion-temporada-de-montana\/\" \/>\n<meta property=\"og:locale\" content=\"en_US\" \/>\n<meta property=\"og:type\" content=\"article\" \/>\n<meta property=\"og:title\" content=\"Precauci\u00f3n Temporada de Monta\u00f1a\" \/>\n<meta property=\"og:description\" content=\"\u00a1Evitemos los accidentes! La temporada de Monta\u00f1a ya es un hecho, pero para que puedas disfrutar de la naturaleza sin imprevistos es necesario tomar las\" \/>\n<meta property=\"og:url\" content=\"https:\/\/asociacionparquecordillera.cl\/en\/precaucion-temporada-de-montana\/\" \/>\n<meta property=\"og:site_name\" content=\"Asociaci\u00f3n Parque Cordillera - Parques Regi\u00f3n Metropolitana\" \/>\n<meta property=\"article:published_time\" content=\"2023-12-06T21:44:11+00:00\" \/>\n<meta property=\"article:modified_time\" content=\"2025-07-02T17:05:36+00:00\" \/>\n<meta property=\"og:image\" content=\"https:\/\/asociacionparquecordillera.cl\/wp-content\/uploads\/2023\/12\/imagen_2025-07-02_130358708.png\" \/>\n\t<meta property=\"og:image:width\" content=\"396\" \/>\n\t<meta property=\"og:image:height\" content=\"594\" \/>\n\t<meta property=\"og:image:type\" content=\"image\/png\" \/>\n<meta name=\"author\" content=\"Yennifer Molina\" \/>\n<meta name=\"twitter:card\" content=\"summary_large_image\" \/>\n<meta name=\"twitter:label1\" content=\"Written by\" \/>\n\t<meta name=\"twitter:data1\" content=\"Yennifer Molina\" \/>\n\t<meta name=\"twitter:label2\" content=\"Est. reading time\" \/>\n\t<meta name=\"twitter:data2\" content=\"2 minutes\" \/>\n<script type=\"application\/ld+json\" class=\"yoast-schema-graph\">{\"@context\":\"https:\/\/schema.org\",\"@graph\":[{\"@type\":\"Article\",\"@id\":\"https:\/\/asociacionparquecordillera.cl\/precaucion-temporada-de-montana\/#article\",\"isPartOf\":{\"@id\":\"https:\/\/asociacionparquecordillera.cl\/precaucion-temporada-de-montana\/\"},\"author\":{\"name\":\"Yennifer Molina\",\"@id\":\"https:\/\/asociacionparquecordillera.cl\/#\/schema\/person\/84abb02e974de94d1bd95b5883a31b12\"},\"headline\":\"Precauci\u00f3n Temporada de Monta\u00f1a\",\"datePublished\":\"2023-12-06T21:44:11+00:00\",\"dateModified\":\"2025-07-02T17:05:36+00:00\",\"mainEntityOfPage\":{\"@id\":\"https:\/\/asociacionparquecordillera.cl\/precaucion-temporada-de-montana\/\"},\"wordCount\":153,\"publisher\":{\"@id\":\"https:\/\/asociacionparquecordillera.cl\/#organization\"},\"image\":{\"@id\":\"https:\/\/asociacionparquecordillera.cl\/precaucion-temporada-de-montana\/#primaryimage\"},\"thumbnailUrl\":\"https:\/\/asociacionparquecordillera.cl\/wp-content\/uploads\/2023\/12\/imagen_2025-07-02_130358708.png\",\"articleSection\":[\"Prevenci\u00f3n\"],\"inLanguage\":\"en-US\"},{\"@type\":\"WebPage\",\"@id\":\"https:\/\/asociacionparquecordillera.cl\/precaucion-temporada-de-montana\/\",\"url\":\"https:\/\/asociacionparquecordillera.cl\/precaucion-temporada-de-montana\/\",\"name\":\"Precauci\u00f3n Temporada de Monta\u00f1a - Asociaci\u00f3n Parque Cordillera - Parques Regi\u00f3n Metropolitana\",\"isPartOf\":{\"@id\":\"https:\/\/asociacionparquecordillera.cl\/#website\"},\"primaryImageOfPage\":{\"@id\":\"https:\/\/asociacionparquecordillera.cl\/precaucion-temporada-de-montana\/#primaryimage\"},\"image\":{\"@id\":\"https:\/\/asociacionparquecordillera.cl\/precaucion-temporada-de-montana\/#primaryimage\"},\"thumbnailUrl\":\"https:\/\/asociacionparquecordillera.cl\/wp-content\/uploads\/2023\/12\/imagen_2025-07-02_130358708.png\",\"datePublished\":\"2023-12-06T21:44:11+00:00\",\"dateModified\":\"2025-07-02T17:05:36+00:00\",\"description\":\"\u00a1Evitemos los accidentes! La temporada de Monta\u00f1a ya es un hecho, pero para que puedas disfrutar de la naturaleza sin imprevistos es necesario tomar las\",\"breadcrumb\":{\"@id\":\"https:\/\/asociacionparquecordillera.cl\/precaucion-temporada-de-montana\/#breadcrumb\"},\"inLanguage\":\"en-US\",\"potentialAction\":[{\"@type\":\"ReadAction\",\"target\":[\"https:\/\/asociacionparquecordillera.cl\/precaucion-temporada-de-montana\/\"]}]},{\"@type\":\"ImageObject\",\"inLanguage\":\"en-US\",\"@id\":\"https:\/\/asociacionparquecordillera.cl\/precaucion-temporada-de-montana\/#primaryimage\",\"url\":\"https:\/\/asociacionparquecordillera.cl\/wp-content\/uploads\/2023\/12\/imagen_2025-07-02_130358708.png\",\"contentUrl\":\"https:\/\/asociacionparquecordillera.cl\/wp-content\/uploads\/2023\/12\/imagen_2025-07-02_130358708.png\",\"width\":396,\"height\":594,\"caption\":\"Persona colocandose una venda alrededor de la rodilla\"},{\"@type\":\"BreadcrumbList\",\"@id\":\"https:\/\/asociacionparquecordillera.cl\/precaucion-temporada-de-montana\/#breadcrumb\",\"itemListElement\":[{\"@type\":\"ListItem\",\"position\":1,\"name\":\"Home\",\"item\":\"https:\/\/asociacionparquecordillera.cl\/\"},{\"@type\":\"ListItem\",\"position\":2,\"name\":\"Precauci\u00f3n Temporada de Monta\u00f1a\"}]},{\"@type\":\"WebSite\",\"@id\":\"https:\/\/asociacionparquecordillera.cl\/#website\",\"url\":\"https:\/\/asociacionparquecordillera.cl\/\",\"name\":\"Asociaci\u00f3n Parque Cordillera - Parques Regi\u00f3n Metropolitana\",\"description\":\"Asociaci\u00f3n Parque Cordillera promueve la conservaci\u00f3n de la precordillera de Santiago mediante la administraci\u00f3n de parques naturales y el fomento de la educaci\u00f3n ambiental y el turismo sustentable.\",\"publisher\":{\"@id\":\"https:\/\/asociacionparquecordillera.cl\/#organization\"},\"alternateName\":\"Parque Cordillera\",\"potentialAction\":[{\"@type\":\"SearchAction\",\"target\":{\"@type\":\"EntryPoint\",\"urlTemplate\":\"https:\/\/asociacionparquecordillera.cl\/?s={search_term_string}\"},\"query-input\":{\"@type\":\"PropertyValueSpecification\",\"valueRequired\":true,\"valueName\":\"search_term_string\"}}],\"inLanguage\":\"en-US\"},{\"@type\":\"Organization\",\"@id\":\"https:\/\/asociacionparquecordillera.cl\/#organization\",\"name\":\"Asociaci\u00f3n Parque Cordillera - Parques Regi\u00f3n Metropolitana\",\"alternateName\":\"Parque Cordillera\",\"url\":\"https:\/\/asociacionparquecordillera.cl\/\",\"logo\":{\"@type\":\"ImageObject\",\"inLanguage\":\"en-US\",\"@id\":\"https:\/\/asociacionparquecordillera.cl\/#\/schema\/logo\/image\/\",\"url\":\"https:\/\/asociacionparquecordillera.cl\/wp-content\/uploads\/2023\/01\/logo-apc-white-2.svg\",\"contentUrl\":\"https:\/\/asociacionparquecordillera.cl\/wp-content\/uploads\/2023\/01\/logo-apc-white-2.svg\",\"width\":240.789999999999992041921359486877918243408203125,\"height\":80.969999999999998863131622783839702606201171875,\"caption\":\"Asociaci\u00f3n Parque Cordillera - Parques Regi\u00f3n Metropolitana\"},\"image\":{\"@id\":\"https:\/\/asociacionparquecordillera.cl\/#\/schema\/logo\/image\/\"}},{\"@type\":\"Person\",\"@id\":\"https:\/\/asociacionparquecordillera.cl\/#\/schema\/person\/84abb02e974de94d1bd95b5883a31b12\",\"name\":\"Yennifer Molina\",\"image\":{\"@type\":\"ImageObject\",\"inLanguage\":\"en-US\",\"@id\":\"https:\/\/asociacionparquecordillera.cl\/#\/schema\/person\/image\/\",\"url\":\"https:\/\/secure.gravatar.com\/avatar\/9d4ce91ad33ede9592889da648713117096f3d229e872ce04c097f73fb5c4aec?s=96&d=mm&r=g\",\"contentUrl\":\"https:\/\/secure.gravatar.com\/avatar\/9d4ce91ad33ede9592889da648713117096f3d229e872ce04c097f73fb5c4aec?s=96&d=mm&r=g\",\"caption\":\"Yennifer Molina\"},\"url\":\"https:\/\/asociacionparquecordillera.cl\/en\/author\/ymolina\/\"}]}<\/script>\n<!-- \/ Yoast SEO Premium plugin. -->","yoast_head_json":{"title":"Precauci\u00f3n Temporada de Monta\u00f1a - Asociaci\u00f3n Parque Cordillera - Parques Regi\u00f3n Metropolitana","description":"\u00a1Evitemos los accidentes! La temporada de Monta\u00f1a ya es un hecho, pero para que puedas disfrutar de la naturaleza sin imprevistos es necesario tomar las","robots":{"index":"index","follow":"follow","max-snippet":"max-snippet:-1","max-image-preview":"max-image-preview:large","max-video-preview":"max-video-preview:-1"},"canonical":"https:\/\/asociacionparquecordillera.cl\/en\/precaucion-temporada-de-montana\/","og_locale":"en_US","og_type":"article","og_title":"Precauci\u00f3n Temporada de Monta\u00f1a","og_description":"\u00a1Evitemos los accidentes! La temporada de Monta\u00f1a ya es un hecho, pero para que puedas disfrutar de la naturaleza sin imprevistos es necesario tomar las","og_url":"https:\/\/asociacionparquecordillera.cl\/en\/precaucion-temporada-de-montana\/","og_site_name":"Asociaci\u00f3n Parque Cordillera - Parques Regi\u00f3n Metropolitana","article_published_time":"2023-12-06T21:44:11+00:00","article_modified_time":"2025-07-02T17:05:36+00:00","og_image":[{"width":396,"height":594,"url":"https:\/\/asociacionparquecordillera.cl\/wp-content\/uploads\/2023\/12\/imagen_2025-07-02_130358708.png","type":"image\/png"}],"author":"Yennifer Molina","twitter_card":"summary_large_image","twitter_misc":{"Written by":"Yennifer Molina","Est. reading time":"2 minutes"},"schema":{"@context":"https:\/\/schema.org","@graph":[{"@type":"Article","@id":"https:\/\/asociacionparquecordillera.cl\/precaucion-temporada-de-montana\/#article","isPartOf":{"@id":"https:\/\/asociacionparquecordillera.cl\/precaucion-temporada-de-montana\/"},"author":{"name":"Yennifer Molina","@id":"https:\/\/asociacionparquecordillera.cl\/#\/schema\/person\/84abb02e974de94d1bd95b5883a31b12"},"headline":"Precauci\u00f3n Temporada de Monta\u00f1a","datePublished":"2023-12-06T21:44:11+00:00","dateModified":"2025-07-02T17:05:36+00:00","mainEntityOfPage":{"@id":"https:\/\/asociacionparquecordillera.cl\/precaucion-temporada-de-montana\/"},"wordCount":153,"publisher":{"@id":"https:\/\/asociacionparquecordillera.cl\/#organization"},"image":{"@id":"https:\/\/asociacionparquecordillera.cl\/precaucion-temporada-de-montana\/#primaryimage"},"thumbnailUrl":"https:\/\/asociacionparquecordillera.cl\/wp-content\/uploads\/2023\/12\/imagen_2025-07-02_130358708.png","articleSection":["Prevenci\u00f3n"],"inLanguage":"en-US"},{"@type":"WebPage","@id":"https:\/\/asociacionparquecordillera.cl\/precaucion-temporada-de-montana\/","url":"https:\/\/asociacionparquecordillera.cl\/precaucion-temporada-de-montana\/","name":"Precauci\u00f3n Temporada de Monta\u00f1a - Asociaci\u00f3n Parque Cordillera - Parques Regi\u00f3n Metropolitana","isPartOf":{"@id":"https:\/\/asociacionparquecordillera.cl\/#website"},"primaryImageOfPage":{"@id":"https:\/\/asociacionparquecordillera.cl\/precaucion-temporada-de-montana\/#primaryimage"},"image":{"@id":"https:\/\/asociacionparquecordillera.cl\/precaucion-temporada-de-montana\/#primaryimage"},"thumbnailUrl":"https:\/\/asociacionparquecordillera.cl\/wp-content\/uploads\/2023\/12\/imagen_2025-07-02_130358708.png","datePublished":"2023-12-06T21:44:11+00:00","dateModified":"2025-07-02T17:05:36+00:00","description":"\u00a1Evitemos los accidentes! La temporada de Monta\u00f1a ya es un hecho, pero para que puedas disfrutar de la naturaleza sin imprevistos es necesario tomar las","breadcrumb":{"@id":"https:\/\/asociacionparquecordillera.cl\/precaucion-temporada-de-montana\/#breadcrumb"},"inLanguage":"en-US","potentialAction":[{"@type":"ReadAction","target":["https:\/\/asociacionparquecordillera.cl\/precaucion-temporada-de-montana\/"]}]},{"@type":"ImageObject","inLanguage":"en-US","@id":"https:\/\/asociacionparquecordillera.cl\/precaucion-temporada-de-montana\/#primaryimage","url":"https:\/\/asociacionparquecordillera.cl\/wp-content\/uploads\/2023\/12\/imagen_2025-07-02_130358708.png","contentUrl":"https:\/\/asociacionparquecordillera.cl\/wp-content\/uploads\/2023\/12\/imagen_2025-07-02_130358708.png","width":396,"height":594,"caption":"Persona colocandose una venda alrededor de la rodilla"},{"@type":"BreadcrumbList","@id":"https:\/\/asociacionparquecordillera.cl\/precaucion-temporada-de-montana\/#breadcrumb","itemListElement":[{"@type":"ListItem","position":1,"name":"Home","item":"https:\/\/asociacionparquecordillera.cl\/"},{"@type":"ListItem","position":2,"name":"Precauci\u00f3n Temporada de Monta\u00f1a"}]},{"@type":"WebSite","@id":"https:\/\/asociacionparquecordillera.cl\/#website","url":"https:\/\/asociacionparquecordillera.cl\/","name":"Asociaci\u00f3n Parque Cordillera - Parques Regi\u00f3n Metropolitana","description":"Asociaci\u00f3n Parque Cordillera promueve la conservaci\u00f3n de la precordillera de Santiago mediante la administraci\u00f3n de parques naturales y el fomento de la educaci\u00f3n ambiental y el turismo sustentable.","publisher":{"@id":"https:\/\/asociacionparquecordillera.cl\/#organization"},"alternateName":"Parque Cordillera","potentialAction":[{"@type":"SearchAction","target":{"@type":"EntryPoint","urlTemplate":"https:\/\/asociacionparquecordillera.cl\/?s={search_term_string}"},"query-input":{"@type":"PropertyValueSpecification","valueRequired":true,"valueName":"search_term_string"}}],"inLanguage":"en-US"},{"@type":"Organization","@id":"https:\/\/asociacionparquecordillera.cl\/#organization","name":"Asociaci\u00f3n Parque Cordillera - Parques Regi\u00f3n Metropolitana","alternateName":"Parque Cordillera","url":"https:\/\/asociacionparquecordillera.cl\/","logo":{"@type":"ImageObject","inLanguage":"en-US","@id":"https:\/\/asociacionparquecordillera.cl\/#\/schema\/logo\/image\/","url":"https:\/\/asociacionparquecordillera.cl\/wp-content\/uploads\/2023\/01\/logo-apc-white-2.svg","contentUrl":"https:\/\/asociacionparquecordillera.cl\/wp-content\/uploads\/2023\/01\/logo-apc-white-2.svg","width":240.789999999999992041921359486877918243408203125,"height":80.969999999999998863131622783839702606201171875,"caption":"Asociaci\u00f3n Parque Cordillera - Parques Regi\u00f3n Metropolitana"},"image":{"@id":"https:\/\/asociacionparquecordillera.cl\/#\/schema\/logo\/image\/"}},{"@type":"Person","@id":"https:\/\/asociacionparquecordillera.cl\/#\/schema\/person\/84abb02e974de94d1bd95b5883a31b12","name":"Yennifer Molina","image":{"@type":"ImageObject","inLanguage":"en-US","@id":"https:\/\/asociacionparquecordillera.cl\/#\/schema\/person\/image\/","url":"https:\/\/secure.gravatar.com\/avatar\/9d4ce91ad33ede9592889da648713117096f3d229e872ce04c097f73fb5c4aec?s=96&d=mm&r=g","contentUrl":"https:\/\/secure.gravatar.com\/avatar\/9d4ce91ad33ede9592889da648713117096f3d229e872ce04c097f73fb5c4aec?s=96&d=mm&r=g","caption":"Yennifer Molina"},"url":"https:\/\/asociacionparquecordillera.cl\/en\/author\/ymolina\/"}]}},"_links":{"self":[{"href":"https:\/\/asociacionparquecordillera.cl\/en\/wp-json\/wp\/v2\/posts\/3499","targetHints":{"allow":["GET"]}}],"collection":[{"href":"https:\/\/asociacionparquecordillera.cl\/en\/wp-json\/wp\/v2\/posts"}],"about":[{"href":"https:\/\/asociacionparquecordillera.cl\/en\/wp-json\/wp\/v2\/types\/post"}],"author":[{"embeddable":true,"href":"https:\/\/asociacionparquecordillera.cl\/en\/wp-json\/wp\/v2\/users\/12"}],"replies":[{"embeddable":true,"href":"https:\/\/asociacionparquecordillera.cl\/en\/wp-json\/wp\/v2\/comments?post=3499"}],"version-history":[{"count":6,"href":"https:\/\/asociacionparquecordillera.cl\/en\/wp-json\/wp\/v2\/posts\/3499\/revisions"}],"predecessor-version":[{"id":5770,"href":"https:\/\/asociacionparquecordillera.cl\/en\/wp-json\/wp\/v2\/posts\/3499\/revisions\/5770"}],"wp:featuredmedia":[{"embeddable":true,"href":"https:\/\/asociacionparquecordillera.cl\/en\/wp-json\/wp\/v2\/media\/5769"}],"wp:attachment":[{"href":"https:\/\/asociacionparquecordillera.cl\/en\/wp-json\/wp\/v2\/media?parent=3499"}],"wp:term":[{"taxonomy":"category","embeddable":true,"href":"https:\/\/asociacionparquecordillera.cl\/en\/wp-json\/wp\/v2\/categories?post=3499"},{"taxonomy":"post_tag","embeddable":true,"href":"https:\/\/asociacionparquecordillera.cl\/en\/wp-json\/wp\/v2\/tags?post=3499"},{"taxonomy":"slider-category","embeddable":true,"href":"https:\/\/asociacionparquecordillera.cl\/en\/wp-json\/wp\/v2\/slider-category?post=3499"}],"curies":[{"name":"wp","href":"https:\/\/api.w.org\/{rel}","templated":true}]}}