{"id":3711,"date":"2024-02-15T16:23:46","date_gmt":"2024-02-15T19:23:46","guid":{"rendered":"https:\/\/asociacionparquecordillera.cl\/?p=3711"},"modified":"2025-06-16T17:33:30","modified_gmt":"2025-06-16T21:33:30","slug":"licitacion-trabajos-de-habilitacion-y-mejoras-de-senderos-en-el-parque-natural-bulnes-correa","status":"publish","type":"post","link":"https:\/\/asociacionparquecordillera.cl\/en\/licitacion-trabajos-de-habilitacion-y-mejoras-de-senderos-en-el-parque-natural-bulnes-correa\/","title":{"rendered":"Licitaci\u00f3n \u00abTrabajos de habilitaci\u00f3n y mejoras de senderos en el Parque Natural Bulnes Correa\u00bb"},"content":{"rendered":"<p>La Asociaci\u00f3n de Municipalidades Parque Cordillera actualmente se encuentra trabajando en la consolidaci\u00f3n de una nueva \u00e1rea natural de conservaci\u00f3n y recreaci\u00f3n abierta a la comunidad en la comuna de Las Condes, en parte de lo que se denomina como el Fundo Santa Rosa. Con esta nueva \u00e1rea se estar\u00edan incorporando aproximadamente 438 hect\u00e1reas a la red de parques, logrando interconectar la Plaza Sur con el Parque Natural Aguas de Ram\u00f3n. En este sentido la Asociaci\u00f3n requiere contratar los servicios de un proveedor para realizar trabajos de habilitaci\u00f3n y mejoras de 5,14 Km de senderos en el Parque Natural Bulnes Correa \u2013 Comuna Las Condes, los cuales permitir\u00e1n instaurar una oferta de rutas de trekking para esta nueva \u00e1rea y consolidar las conexiones con los Parques Aguas de Ram\u00f3n y La Plaza Sur, y con otros hitos naturales ubicados dentro del parque. Para el desarrollo de estos trabajos, ser\u00e1 necesario ejecutar obras relacionadas a la rectificaci\u00f3n, conformaci\u00f3n y mejoras de la carpeta superficial (despeje, corte, nivelaci\u00f3n, compactaci\u00f3n, rastrillado, limpieza, delimitaci\u00f3n), en distintos tramos de los senderos; estabilizaci\u00f3n de taludes (contenci\u00f3n cerro abajo y contenci\u00f3n cerro arriba); construcci\u00f3n de escaleras\/ pelda\u00f1os; instalaci\u00f3n de barandas; suministro e instalaci\u00f3n de se\u00f1al\u00e9ticas (mapa de rutas, t\u00f3tems, tablas flechadas, pilotes de ubicaci\u00f3n).<\/p>\n<p>Teniendo esto en cuenta, a partir de hoy jueves 15 de febrero, se abre el proceso de licitaci\u00f3n de trabajos de habilitaci\u00f3n y mejoras de senderos en el Parque Natural Bulnes Correa \u2013 Comuna Las Condes. A continuaci\u00f3n se podr\u00e1n descargar los archivos de la licitaci\u00f3n:<\/p>\n<p><a href=\"https:\/\/asociacionparquecordillera.cl\/wp-content\/uploads\/2024\/02\/BASES.zip\"><b>Descargar aqu\u00ed las bases de licitaci\u00f3n<\/b><\/a><\/p>\n<p class=\"p1\"><a href=\"https:\/\/asociacionparquecordillera.cl\/wp-content\/uploads\/2024\/02\/Preguntas-y-Respuestas-LP-APC01-2024-Senderos-BC.pdf\"><strong>Descargar aqu\u00ed Respuestas a Preguntas de Licitaci\u00f3n<\/strong><\/a><\/p>\n<p><a href=\"https:\/\/asociacionparquecordillera.cl\/wp-content\/uploads\/2024\/03\/RESULTADOS-DE-LICITACIO\u0301N.zip\"><strong>Descargar aqu\u00ed Resultados Licitaci\u00f3n<\/strong><\/a><\/p>","protected":false},"excerpt":{"rendered":"<p>La Asociaci\u00f3n de Municipalidades Parque Cordillera actualmente se encuentra trabajando en la consolidaci\u00f3n de una nueva \u00e1rea natural de conservaci\u00f3n y recreaci\u00f3n abierta a la comunidad en la comuna de Las Condes, en parte de lo que se denomina como el Fundo Santa Rosa. Con esta nueva \u00e1rea se estar\u00edan incorporando aproximadamente 438 hect\u00e1reas a [&hellip;]<\/p>","protected":false},"author":12,"featured_media":5456,"comment_status":"closed","ping_status":"closed","sticky":false,"template":"","format":"standard","meta":{"site-sidebar-layout":"default","site-content-layout":"","ast-site-content-layout":"default","site-content-style":"default","site-sidebar-style":"default","ast-global-header-display":"","ast-banner-title-visibility":"","ast-main-header-display":"","ast-hfb-above-header-display":"","ast-hfb-below-header-display":"","ast-hfb-mobile-header-display":"","site-post-title":"","ast-breadcrumbs-content":"","ast-featured-img":"","footer-sml-layout":"","theme-transparent-header-meta":"default","adv-header-id-meta":"","stick-header-meta":"default","header-above-stick-meta":"","header-main-stick-meta":"","header-below-stick-meta":"","astra-migrate-meta-layouts":"set","ast-page-background-enabled":"default","ast-page-background-meta":{"desktop":{"background-color":"var(--ast-global-color-4)","background-image":"","background-repeat":"repeat","background-position":"center center","background-size":"auto","background-attachment":"scroll","background-type":"","background-media":"","overlay-type":"","overlay-color":"","overlay-opacity":"","overlay-gradient":""},"tablet":{"background-color":"","background-image":"","background-repeat":"repeat","background-position":"center center","background-size":"auto","background-attachment":"scroll","background-type":"","background-media":"","overlay-type":"","overlay-color":"","overlay-opacity":"","overlay-gradient":""},"mobile":{"background-color":"","background-image":"","background-repeat":"repeat","background-position":"center center","background-size":"auto","background-attachment":"scroll","background-type":"","background-media":"","overlay-type":"","overlay-color":"","overlay-opacity":"","overlay-gradient":""}},"ast-content-background-meta":{"desktop":{"background-color":"var(--ast-global-color-5)","background-image":"","background-repeat":"repeat","background-position":"center center","background-size":"auto","background-attachment":"scroll","background-type":"","background-media":"","overlay-type":"","overlay-color":"","overlay-opacity":"","overlay-gradient":""},"tablet":{"background-color":"var(--ast-global-color-5)","background-image":"","background-repeat":"repeat","background-position":"center center","background-size":"auto","background-attachment":"scroll","background-type":"","background-media":"","overlay-type":"","overlay-color":"","overlay-opacity":"","overlay-gradient":""},"mobile":{"background-color":"var(--ast-global-color-5)","background-image":"","background-repeat":"repeat","background-position":"center center","background-size":"auto","background-attachment":"scroll","background-type":"","background-media":"","overlay-type":"","overlay-color":"","overlay-opacity":"","overlay-gradient":""}},"footnotes":""},"categories":[25],"tags":[],"slider-category":[27],"class_list":["post-3711","post","type-post","status-publish","format-standard","has-post-thumbnail","hentry","category-licitacion","slider-category-home-slider"],"yoast_head":"<!-- This site is optimized with the Yoast SEO Premium plugin v22.9 (Yoast SEO v23.9) - https:\/\/yoast.com\/wordpress\/plugins\/seo\/ -->\n<title>Licitaci\u00f3n &quot;Trabajos de habilitaci\u00f3n y mejoras de senderos en el Parque Natural Bulnes Correa&quot; - Asociaci\u00f3n Parque Cordillera - Parques Regi\u00f3n Metropolitana<\/title>\n<meta name=\"description\" content=\"La Asociaci\u00f3n de Municipalidades Parque Cordillera actualmente se encuentra trabajando en la consolidaci\u00f3n de una nueva \u00e1rea natural de conservaci\u00f3n y\" \/>\n<meta name=\"robots\" content=\"index, follow, max-snippet:-1, max-image-preview:large, max-video-preview:-1\" \/>\n<link rel=\"canonical\" href=\"https:\/\/asociacionparquecordillera.cl\/en\/licitacion-trabajos-de-habilitacion-y-mejoras-de-senderos-en-el-parque-natural-bulnes-correa\/\" \/>\n<meta property=\"og:locale\" content=\"en_US\" \/>\n<meta property=\"og:type\" content=\"article\" \/>\n<meta property=\"og:title\" content=\"Licitaci\u00f3n &quot;Trabajos de habilitaci\u00f3n y mejoras de senderos en el Parque Natural Bulnes Correa&quot;\" \/>\n<meta property=\"og:description\" content=\"La Asociaci\u00f3n de Municipalidades Parque Cordillera actualmente se encuentra trabajando en la consolidaci\u00f3n de una nueva \u00e1rea natural de conservaci\u00f3n y\" \/>\n<meta property=\"og:url\" content=\"https:\/\/asociacionparquecordillera.cl\/en\/licitacion-trabajos-de-habilitacion-y-mejoras-de-senderos-en-el-parque-natural-bulnes-correa\/\" \/>\n<meta property=\"og:site_name\" content=\"Asociaci\u00f3n Parque Cordillera - Parques Regi\u00f3n Metropolitana\" \/>\n<meta property=\"article:published_time\" content=\"2024-02-15T19:23:46+00:00\" \/>\n<meta property=\"article:modified_time\" content=\"2025-06-16T21:33:30+00:00\" \/>\n<meta property=\"og:image\" content=\"https:\/\/asociacionparquecordillera.cl\/wp-content\/uploads\/2024\/02\/Parque-Natural-Bulnes-Correa.png\" \/>\n\t<meta property=\"og:image:width\" content=\"595\" \/>\n\t<meta property=\"og:image:height\" content=\"265\" \/>\n\t<meta property=\"og:image:type\" content=\"image\/png\" \/>\n<meta name=\"author\" content=\"Yennifer Molina\" \/>\n<meta name=\"twitter:card\" content=\"summary_large_image\" \/>\n<meta name=\"twitter:label1\" content=\"Written by\" \/>\n\t<meta name=\"twitter:data1\" content=\"Yennifer Molina\" \/>\n\t<meta name=\"twitter:label2\" content=\"Est. reading time\" \/>\n\t<meta name=\"twitter:data2\" content=\"2 minutes\" \/>\n<script type=\"application\/ld+json\" class=\"yoast-schema-graph\">{\"@context\":\"https:\/\/schema.org\",\"@graph\":[{\"@type\":\"Article\",\"@id\":\"https:\/\/asociacionparquecordillera.cl\/licitacion-trabajos-de-habilitacion-y-mejoras-de-senderos-en-el-parque-natural-bulnes-correa\/#article\",\"isPartOf\":{\"@id\":\"https:\/\/asociacionparquecordillera.cl\/licitacion-trabajos-de-habilitacion-y-mejoras-de-senderos-en-el-parque-natural-bulnes-correa\/\"},\"author\":{\"name\":\"Yennifer Molina\",\"@id\":\"https:\/\/asociacionparquecordillera.cl\/#\/schema\/person\/84abb02e974de94d1bd95b5883a31b12\"},\"headline\":\"Licitaci\u00f3n \u00abTrabajos de habilitaci\u00f3n y mejoras de senderos en el Parque Natural Bulnes Correa\u00bb\",\"datePublished\":\"2024-02-15T19:23:46+00:00\",\"dateModified\":\"2025-06-16T21:33:30+00:00\",\"mainEntityOfPage\":{\"@id\":\"https:\/\/asociacionparquecordillera.cl\/licitacion-trabajos-de-habilitacion-y-mejoras-de-senderos-en-el-parque-natural-bulnes-correa\/\"},\"wordCount\":316,\"publisher\":{\"@id\":\"https:\/\/asociacionparquecordillera.cl\/#organization\"},\"image\":{\"@id\":\"https:\/\/asociacionparquecordillera.cl\/licitacion-trabajos-de-habilitacion-y-mejoras-de-senderos-en-el-parque-natural-bulnes-correa\/#primaryimage\"},\"thumbnailUrl\":\"https:\/\/asociacionparquecordillera.cl\/wp-content\/uploads\/2024\/02\/Parque-Natural-Bulnes-Correa.png\",\"articleSection\":[\"Licitaci\u00f3n\"],\"inLanguage\":\"en-US\"},{\"@type\":\"WebPage\",\"@id\":\"https:\/\/asociacionparquecordillera.cl\/licitacion-trabajos-de-habilitacion-y-mejoras-de-senderos-en-el-parque-natural-bulnes-correa\/\",\"url\":\"https:\/\/asociacionparquecordillera.cl\/licitacion-trabajos-de-habilitacion-y-mejoras-de-senderos-en-el-parque-natural-bulnes-correa\/\",\"name\":\"Licitaci\u00f3n \\\"Trabajos de habilitaci\u00f3n y mejoras de senderos en el Parque Natural Bulnes Correa\\\" - Asociaci\u00f3n Parque Cordillera - Parques Regi\u00f3n Metropolitana\",\"isPartOf\":{\"@id\":\"https:\/\/asociacionparquecordillera.cl\/#website\"},\"primaryImageOfPage\":{\"@id\":\"https:\/\/asociacionparquecordillera.cl\/licitacion-trabajos-de-habilitacion-y-mejoras-de-senderos-en-el-parque-natural-bulnes-correa\/#primaryimage\"},\"image\":{\"@id\":\"https:\/\/asociacionparquecordillera.cl\/licitacion-trabajos-de-habilitacion-y-mejoras-de-senderos-en-el-parque-natural-bulnes-correa\/#primaryimage\"},\"thumbnailUrl\":\"https:\/\/asociacionparquecordillera.cl\/wp-content\/uploads\/2024\/02\/Parque-Natural-Bulnes-Correa.png\",\"datePublished\":\"2024-02-15T19:23:46+00:00\",\"dateModified\":\"2025-06-16T21:33:30+00:00\",\"description\":\"La Asociaci\u00f3n de Municipalidades Parque Cordillera actualmente se encuentra trabajando en la consolidaci\u00f3n de una nueva \u00e1rea natural de conservaci\u00f3n y\",\"breadcrumb\":{\"@id\":\"https:\/\/asociacionparquecordillera.cl\/licitacion-trabajos-de-habilitacion-y-mejoras-de-senderos-en-el-parque-natural-bulnes-correa\/#breadcrumb\"},\"inLanguage\":\"en-US\",\"potentialAction\":[{\"@type\":\"ReadAction\",\"target\":[\"https:\/\/asociacionparquecordillera.cl\/licitacion-trabajos-de-habilitacion-y-mejoras-de-senderos-en-el-parque-natural-bulnes-correa\/\"]}]},{\"@type\":\"ImageObject\",\"inLanguage\":\"en-US\",\"@id\":\"https:\/\/asociacionparquecordillera.cl\/licitacion-trabajos-de-habilitacion-y-mejoras-de-senderos-en-el-parque-natural-bulnes-correa\/#primaryimage\",\"url\":\"https:\/\/asociacionparquecordillera.cl\/wp-content\/uploads\/2024\/02\/Parque-Natural-Bulnes-Correa.png\",\"contentUrl\":\"https:\/\/asociacionparquecordillera.cl\/wp-content\/uploads\/2024\/02\/Parque-Natural-Bulnes-Correa.png\",\"width\":595,\"height\":265,\"caption\":\"Paisaje en la tarde del Parque Natural Bulnes Correa\"},{\"@type\":\"BreadcrumbList\",\"@id\":\"https:\/\/asociacionparquecordillera.cl\/licitacion-trabajos-de-habilitacion-y-mejoras-de-senderos-en-el-parque-natural-bulnes-correa\/#breadcrumb\",\"itemListElement\":[{\"@type\":\"ListItem\",\"position\":1,\"name\":\"Home\",\"item\":\"https:\/\/asociacionparquecordillera.cl\/\"},{\"@type\":\"ListItem\",\"position\":2,\"name\":\"Licitaci\u00f3n \u00abTrabajos de habilitaci\u00f3n y mejoras de senderos en el Parque Natural Bulnes Correa\u00bb\"}]},{\"@type\":\"WebSite\",\"@id\":\"https:\/\/asociacionparquecordillera.cl\/#website\",\"url\":\"https:\/\/asociacionparquecordillera.cl\/\",\"name\":\"Asociaci\u00f3n Parque Cordillera - Parques Regi\u00f3n Metropolitana\",\"description\":\"Asociaci\u00f3n Parque Cordillera promueve la conservaci\u00f3n de la precordillera de Santiago mediante la administraci\u00f3n de parques naturales y el fomento de la educaci\u00f3n ambiental y el turismo sustentable.\",\"publisher\":{\"@id\":\"https:\/\/asociacionparquecordillera.cl\/#organization\"},\"alternateName\":\"Parque Cordillera\",\"potentialAction\":[{\"@type\":\"SearchAction\",\"target\":{\"@type\":\"EntryPoint\",\"urlTemplate\":\"https:\/\/asociacionparquecordillera.cl\/?s={search_term_string}\"},\"query-input\":{\"@type\":\"PropertyValueSpecification\",\"valueRequired\":true,\"valueName\":\"search_term_string\"}}],\"inLanguage\":\"en-US\"},{\"@type\":\"Organization\",\"@id\":\"https:\/\/asociacionparquecordillera.cl\/#organization\",\"name\":\"Asociaci\u00f3n Parque Cordillera - Parques Regi\u00f3n Metropolitana\",\"alternateName\":\"Parque Cordillera\",\"url\":\"https:\/\/asociacionparquecordillera.cl\/\",\"logo\":{\"@type\":\"ImageObject\",\"inLanguage\":\"en-US\",\"@id\":\"https:\/\/asociacionparquecordillera.cl\/#\/schema\/logo\/image\/\",\"url\":\"https:\/\/asociacionparquecordillera.cl\/wp-content\/uploads\/2023\/01\/logo-apc-white-2.svg\",\"contentUrl\":\"https:\/\/asociacionparquecordillera.cl\/wp-content\/uploads\/2023\/01\/logo-apc-white-2.svg\",\"width\":240.789999999999992041921359486877918243408203125,\"height\":80.969999999999998863131622783839702606201171875,\"caption\":\"Asociaci\u00f3n Parque Cordillera - Parques Regi\u00f3n Metropolitana\"},\"image\":{\"@id\":\"https:\/\/asociacionparquecordillera.cl\/#\/schema\/logo\/image\/\"}},{\"@type\":\"Person\",\"@id\":\"https:\/\/asociacionparquecordillera.cl\/#\/schema\/person\/84abb02e974de94d1bd95b5883a31b12\",\"name\":\"Yennifer Molina\",\"image\":{\"@type\":\"ImageObject\",\"inLanguage\":\"en-US\",\"@id\":\"https:\/\/asociacionparquecordillera.cl\/#\/schema\/person\/image\/\",\"url\":\"https:\/\/secure.gravatar.com\/avatar\/9d4ce91ad33ede9592889da648713117096f3d229e872ce04c097f73fb5c4aec?s=96&d=mm&r=g\",\"contentUrl\":\"https:\/\/secure.gravatar.com\/avatar\/9d4ce91ad33ede9592889da648713117096f3d229e872ce04c097f73fb5c4aec?s=96&d=mm&r=g\",\"caption\":\"Yennifer Molina\"},\"url\":\"https:\/\/asociacionparquecordillera.cl\/en\/author\/ymolina\/\"}]}<\/script>\n<!-- \/ Yoast SEO Premium plugin. -->","yoast_head_json":{"title":"Licitaci\u00f3n \"Trabajos de habilitaci\u00f3n y mejoras de senderos en el Parque Natural Bulnes Correa\" - Asociaci\u00f3n Parque Cordillera - Parques Regi\u00f3n Metropolitana","description":"La Asociaci\u00f3n de Municipalidades Parque Cordillera actualmente se encuentra trabajando en la consolidaci\u00f3n de una nueva \u00e1rea natural de conservaci\u00f3n y","robots":{"index":"index","follow":"follow","max-snippet":"max-snippet:-1","max-image-preview":"max-image-preview:large","max-video-preview":"max-video-preview:-1"},"canonical":"https:\/\/asociacionparquecordillera.cl\/en\/licitacion-trabajos-de-habilitacion-y-mejoras-de-senderos-en-el-parque-natural-bulnes-correa\/","og_locale":"en_US","og_type":"article","og_title":"Licitaci\u00f3n \"Trabajos de habilitaci\u00f3n y mejoras de senderos en el Parque Natural Bulnes Correa\"","og_description":"La Asociaci\u00f3n de Municipalidades Parque Cordillera actualmente se encuentra trabajando en la consolidaci\u00f3n de una nueva \u00e1rea natural de conservaci\u00f3n y","og_url":"https:\/\/asociacionparquecordillera.cl\/en\/licitacion-trabajos-de-habilitacion-y-mejoras-de-senderos-en-el-parque-natural-bulnes-correa\/","og_site_name":"Asociaci\u00f3n Parque Cordillera - Parques Regi\u00f3n Metropolitana","article_published_time":"2024-02-15T19:23:46+00:00","article_modified_time":"2025-06-16T21:33:30+00:00","og_image":[{"width":595,"height":265,"url":"https:\/\/asociacionparquecordillera.cl\/wp-content\/uploads\/2024\/02\/Parque-Natural-Bulnes-Correa.png","type":"image\/png"}],"author":"Yennifer Molina","twitter_card":"summary_large_image","twitter_misc":{"Written by":"Yennifer Molina","Est. reading time":"2 minutes"},"schema":{"@context":"https:\/\/schema.org","@graph":[{"@type":"Article","@id":"https:\/\/asociacionparquecordillera.cl\/licitacion-trabajos-de-habilitacion-y-mejoras-de-senderos-en-el-parque-natural-bulnes-correa\/#article","isPartOf":{"@id":"https:\/\/asociacionparquecordillera.cl\/licitacion-trabajos-de-habilitacion-y-mejoras-de-senderos-en-el-parque-natural-bulnes-correa\/"},"author":{"name":"Yennifer Molina","@id":"https:\/\/asociacionparquecordillera.cl\/#\/schema\/person\/84abb02e974de94d1bd95b5883a31b12"},"headline":"Licitaci\u00f3n \u00abTrabajos de habilitaci\u00f3n y mejoras de senderos en el Parque Natural Bulnes Correa\u00bb","datePublished":"2024-02-15T19:23:46+00:00","dateModified":"2025-06-16T21:33:30+00:00","mainEntityOfPage":{"@id":"https:\/\/asociacionparquecordillera.cl\/licitacion-trabajos-de-habilitacion-y-mejoras-de-senderos-en-el-parque-natural-bulnes-correa\/"},"wordCount":316,"publisher":{"@id":"https:\/\/asociacionparquecordillera.cl\/#organization"},"image":{"@id":"https:\/\/asociacionparquecordillera.cl\/licitacion-trabajos-de-habilitacion-y-mejoras-de-senderos-en-el-parque-natural-bulnes-correa\/#primaryimage"},"thumbnailUrl":"https:\/\/asociacionparquecordillera.cl\/wp-content\/uploads\/2024\/02\/Parque-Natural-Bulnes-Correa.png","articleSection":["Licitaci\u00f3n"],"inLanguage":"en-US"},{"@type":"WebPage","@id":"https:\/\/asociacionparquecordillera.cl\/licitacion-trabajos-de-habilitacion-y-mejoras-de-senderos-en-el-parque-natural-bulnes-correa\/","url":"https:\/\/asociacionparquecordillera.cl\/licitacion-trabajos-de-habilitacion-y-mejoras-de-senderos-en-el-parque-natural-bulnes-correa\/","name":"Licitaci\u00f3n \"Trabajos de habilitaci\u00f3n y mejoras de senderos en el Parque Natural Bulnes Correa\" - Asociaci\u00f3n Parque Cordillera - Parques Regi\u00f3n Metropolitana","isPartOf":{"@id":"https:\/\/asociacionparquecordillera.cl\/#website"},"primaryImageOfPage":{"@id":"https:\/\/asociacionparquecordillera.cl\/licitacion-trabajos-de-habilitacion-y-mejoras-de-senderos-en-el-parque-natural-bulnes-correa\/#primaryimage"},"image":{"@id":"https:\/\/asociacionparquecordillera.cl\/licitacion-trabajos-de-habilitacion-y-mejoras-de-senderos-en-el-parque-natural-bulnes-correa\/#primaryimage"},"thumbnailUrl":"https:\/\/asociacionparquecordillera.cl\/wp-content\/uploads\/2024\/02\/Parque-Natural-Bulnes-Correa.png","datePublished":"2024-02-15T19:23:46+00:00","dateModified":"2025-06-16T21:33:30+00:00","description":"La Asociaci\u00f3n de Municipalidades Parque Cordillera actualmente se encuentra trabajando en la consolidaci\u00f3n de una nueva \u00e1rea natural de conservaci\u00f3n y","breadcrumb":{"@id":"https:\/\/asociacionparquecordillera.cl\/licitacion-trabajos-de-habilitacion-y-mejoras-de-senderos-en-el-parque-natural-bulnes-correa\/#breadcrumb"},"inLanguage":"en-US","potentialAction":[{"@type":"ReadAction","target":["https:\/\/asociacionparquecordillera.cl\/licitacion-trabajos-de-habilitacion-y-mejoras-de-senderos-en-el-parque-natural-bulnes-correa\/"]}]},{"@type":"ImageObject","inLanguage":"en-US","@id":"https:\/\/asociacionparquecordillera.cl\/licitacion-trabajos-de-habilitacion-y-mejoras-de-senderos-en-el-parque-natural-bulnes-correa\/#primaryimage","url":"https:\/\/asociacionparquecordillera.cl\/wp-content\/uploads\/2024\/02\/Parque-Natural-Bulnes-Correa.png","contentUrl":"https:\/\/asociacionparquecordillera.cl\/wp-content\/uploads\/2024\/02\/Parque-Natural-Bulnes-Correa.png","width":595,"height":265,"caption":"Paisaje en la tarde del Parque Natural Bulnes Correa"},{"@type":"BreadcrumbList","@id":"https:\/\/asociacionparquecordillera.cl\/licitacion-trabajos-de-habilitacion-y-mejoras-de-senderos-en-el-parque-natural-bulnes-correa\/#breadcrumb","itemListElement":[{"@type":"ListItem","position":1,"name":"Home","item":"https:\/\/asociacionparquecordillera.cl\/"},{"@type":"ListItem","position":2,"name":"Licitaci\u00f3n \u00abTrabajos de habilitaci\u00f3n y mejoras de senderos en el Parque Natural Bulnes Correa\u00bb"}]},{"@type":"WebSite","@id":"https:\/\/asociacionparquecordillera.cl\/#website","url":"https:\/\/asociacionparquecordillera.cl\/","name":"Asociaci\u00f3n Parque Cordillera - Parques Regi\u00f3n Metropolitana","description":"Asociaci\u00f3n Parque Cordillera promueve la conservaci\u00f3n de la precordillera de Santiago mediante la administraci\u00f3n de parques naturales y el fomento de la educaci\u00f3n ambiental y el turismo sustentable.","publisher":{"@id":"https:\/\/asociacionparquecordillera.cl\/#organization"},"alternateName":"Parque Cordillera","potentialAction":[{"@type":"SearchAction","target":{"@type":"EntryPoint","urlTemplate":"https:\/\/asociacionparquecordillera.cl\/?s={search_term_string}"},"query-input":{"@type":"PropertyValueSpecification","valueRequired":true,"valueName":"search_term_string"}}],"inLanguage":"en-US"},{"@type":"Organization","@id":"https:\/\/asociacionparquecordillera.cl\/#organization","name":"Asociaci\u00f3n Parque Cordillera - Parques Regi\u00f3n Metropolitana","alternateName":"Parque Cordillera","url":"https:\/\/asociacionparquecordillera.cl\/","logo":{"@type":"ImageObject","inLanguage":"en-US","@id":"https:\/\/asociacionparquecordillera.cl\/#\/schema\/logo\/image\/","url":"https:\/\/asociacionparquecordillera.cl\/wp-content\/uploads\/2023\/01\/logo-apc-white-2.svg","contentUrl":"https:\/\/asociacionparquecordillera.cl\/wp-content\/uploads\/2023\/01\/logo-apc-white-2.svg","width":240.789999999999992041921359486877918243408203125,"height":80.969999999999998863131622783839702606201171875,"caption":"Asociaci\u00f3n Parque Cordillera - Parques Regi\u00f3n Metropolitana"},"image":{"@id":"https:\/\/asociacionparquecordillera.cl\/#\/schema\/logo\/image\/"}},{"@type":"Person","@id":"https:\/\/asociacionparquecordillera.cl\/#\/schema\/person\/84abb02e974de94d1bd95b5883a31b12","name":"Yennifer Molina","image":{"@type":"ImageObject","inLanguage":"en-US","@id":"https:\/\/asociacionparquecordillera.cl\/#\/schema\/person\/image\/","url":"https:\/\/secure.gravatar.com\/avatar\/9d4ce91ad33ede9592889da648713117096f3d229e872ce04c097f73fb5c4aec?s=96&d=mm&r=g","contentUrl":"https:\/\/secure.gravatar.com\/avatar\/9d4ce91ad33ede9592889da648713117096f3d229e872ce04c097f73fb5c4aec?s=96&d=mm&r=g","caption":"Yennifer Molina"},"url":"https:\/\/asociacionparquecordillera.cl\/en\/author\/ymolina\/"}]}},"_links":{"self":[{"href":"https:\/\/asociacionparquecordillera.cl\/en\/wp-json\/wp\/v2\/posts\/3711","targetHints":{"allow":["GET"]}}],"collection":[{"href":"https:\/\/asociacionparquecordillera.cl\/en\/wp-json\/wp\/v2\/posts"}],"about":[{"href":"https:\/\/asociacionparquecordillera.cl\/en\/wp-json\/wp\/v2\/types\/post"}],"author":[{"embeddable":true,"href":"https:\/\/asociacionparquecordillera.cl\/en\/wp-json\/wp\/v2\/users\/12"}],"replies":[{"embeddable":true,"href":"https:\/\/asociacionparquecordillera.cl\/en\/wp-json\/wp\/v2\/comments?post=3711"}],"version-history":[{"count":13,"href":"https:\/\/asociacionparquecordillera.cl\/en\/wp-json\/wp\/v2\/posts\/3711\/revisions"}],"predecessor-version":[{"id":4182,"href":"https:\/\/asociacionparquecordillera.cl\/en\/wp-json\/wp\/v2\/posts\/3711\/revisions\/4182"}],"wp:featuredmedia":[{"embeddable":true,"href":"https:\/\/asociacionparquecordillera.cl\/en\/wp-json\/wp\/v2\/media\/5456"}],"wp:attachment":[{"href":"https:\/\/asociacionparquecordillera.cl\/en\/wp-json\/wp\/v2\/media?parent=3711"}],"wp:term":[{"taxonomy":"category","embeddable":true,"href":"https:\/\/asociacionparquecordillera.cl\/en\/wp-json\/wp\/v2\/categories?post=3711"},{"taxonomy":"post_tag","embeddable":true,"href":"https:\/\/asociacionparquecordillera.cl\/en\/wp-json\/wp\/v2\/tags?post=3711"},{"taxonomy":"slider-category","embeddable":true,"href":"https:\/\/asociacionparquecordillera.cl\/en\/wp-json\/wp\/v2\/slider-category?post=3711"}],"curies":[{"name":"wp","href":"https:\/\/api.w.org\/{rel}","templated":true}]}}