{"id":4541,"date":"2024-08-16T10:18:13","date_gmt":"2024-08-16T14:18:13","guid":{"rendered":"https:\/\/asociacionparquecordillera.cl\/?p=4541"},"modified":"2025-06-17T14:08:09","modified_gmt":"2025-06-17T18:08:09","slug":"apertura-de-concurso-publico-encargado-de-compras","status":"publish","type":"post","link":"https:\/\/asociacionparquecordillera.cl\/en\/apertura-de-concurso-publico-encargado-de-compras\/","title":{"rendered":"Apertura de Concurso P\u00fablico: Encargado de Compras"},"content":{"rendered":"<div>La Asociaci\u00f3n Parque Cordillera se complace en anunciar la apertura de un concurso p\u00fablico para la contrataci\u00f3n de un Encargado de Compras. Esta es una oportunidad \u00fanica para formar parte de nuestro equipo, contribuyendo al desarrollo y preservaci\u00f3n de nuestros parques y \u00e1reas protegidas.<\/div>\n<div><\/div>\n<div><b>Requisitos del cargo:<\/b><\/div>\n<ul>\n<li>\n<div>T\u00edtulo universitario u otro t\u00edtulo t\u00e9cnico af\u00edn al \u00e1rea.<\/div>\n<\/li>\n<li>\n<div>Conocimiento de la Ley y Reglamento de Compras P\u00fablicas 19.886.<\/div>\n<\/li>\n<li>\n<div>Experiencia laboral m\u00ednima de 1 a\u00f1o en la gesti\u00f3n de compras o abastecimiento.<\/div>\n<\/li>\n<\/ul>\n<div><b>C\u00f3mo postular:<\/b>\u00a0Los interesados deben descargar las bases del concurso y llenar la ficha de postulaci\u00f3n disponible en el siguiente enlace:<\/div>\n<div><strong><a href=\"https:\/\/asociacionparquecordillera.cl\/wp-content\/uploads\/2024\/08\/Base_Encargado-de-Compras.docx\">&#8211; Descargar Bases<\/a><\/strong><\/div>\n<div><a href=\"https:\/\/asociacionparquecordillera.cl\/wp-content\/uploads\/2024\/08\/Ficha_Postulacion.docx\"><strong>&#8211; Ficha de Postulaci\u00f3n<\/strong><\/a><\/div>\n<div><\/div>\n<div><\/div>\n<div><b>Fecha l\u00edmite de postulaci\u00f3n:<\/b>\u00a025 de agosto de 2024 hasta las 23:59 horas.<\/div>\n<div><\/div>\n<div>\u00danete a nuestro equipo y contribuye al cuidado y preservaci\u00f3n de la naturaleza.<\/div>","protected":false},"excerpt":{"rendered":"<p>La Asociaci\u00f3n Parque Cordillera se complace en anunciar la apertura de un concurso p\u00fablico para la contrataci\u00f3n de un Encargado de Compras. Esta es una oportunidad \u00fanica para formar parte de nuestro equipo, contribuyendo al desarrollo y preservaci\u00f3n de nuestros parques y \u00e1reas protegidas. Requisitos del cargo: T\u00edtulo universitario u otro t\u00edtulo t\u00e9cnico af\u00edn al [&hellip;]<\/p>","protected":false},"author":7,"featured_media":5465,"comment_status":"closed","ping_status":"closed","sticky":false,"template":"","format":"standard","meta":{"site-sidebar-layout":"default","site-content-layout":"","ast-site-content-layout":"default","site-content-style":"default","site-sidebar-style":"default","ast-global-header-display":"","ast-banner-title-visibility":"","ast-main-header-display":"","ast-hfb-above-header-display":"","ast-hfb-below-header-display":"","ast-hfb-mobile-header-display":"","site-post-title":"","ast-breadcrumbs-content":"","ast-featured-img":"","footer-sml-layout":"","theme-transparent-header-meta":"default","adv-header-id-meta":"","stick-header-meta":"default","header-above-stick-meta":"","header-main-stick-meta":"","header-below-stick-meta":"","astra-migrate-meta-layouts":"set","ast-page-background-enabled":"default","ast-page-background-meta":{"desktop":{"background-color":"var(--ast-global-color-4)","background-image":"","background-repeat":"repeat","background-position":"center center","background-size":"auto","background-attachment":"scroll","background-type":"","background-media":"","overlay-type":"","overlay-color":"","overlay-opacity":"","overlay-gradient":""},"tablet":{"background-color":"","background-image":"","background-repeat":"repeat","background-position":"center center","background-size":"auto","background-attachment":"scroll","background-type":"","background-media":"","overlay-type":"","overlay-color":"","overlay-opacity":"","overlay-gradient":""},"mobile":{"background-color":"","background-image":"","background-repeat":"repeat","background-position":"center center","background-size":"auto","background-attachment":"scroll","background-type":"","background-media":"","overlay-type":"","overlay-color":"","overlay-opacity":"","overlay-gradient":""}},"ast-content-background-meta":{"desktop":{"background-color":"var(--ast-global-color-5)","background-image":"","background-repeat":"repeat","background-position":"center center","background-size":"auto","background-attachment":"scroll","background-type":"","background-media":"","overlay-type":"","overlay-color":"","overlay-opacity":"","overlay-gradient":""},"tablet":{"background-color":"var(--ast-global-color-5)","background-image":"","background-repeat":"repeat","background-position":"center center","background-size":"auto","background-attachment":"scroll","background-type":"","background-media":"","overlay-type":"","overlay-color":"","overlay-opacity":"","overlay-gradient":""},"mobile":{"background-color":"var(--ast-global-color-5)","background-image":"","background-repeat":"repeat","background-position":"center center","background-size":"auto","background-attachment":"scroll","background-type":"","background-media":"","overlay-type":"","overlay-color":"","overlay-opacity":"","overlay-gradient":""}},"footnotes":""},"categories":[29],"tags":[],"slider-category":[],"class_list":["post-4541","post","type-post","status-publish","format-standard","has-post-thumbnail","hentry","category-concurso-publico"],"yoast_head":"<!-- This site is optimized with the Yoast SEO Premium plugin v22.9 (Yoast SEO v23.9) - https:\/\/yoast.com\/wordpress\/plugins\/seo\/ -->\n<title>Apertura de Concurso P\u00fablico: Encargado de Compras - Asociaci\u00f3n Parque Cordillera - Parques Regi\u00f3n Metropolitana<\/title>\n<meta name=\"description\" content=\"La Asociaci\u00f3n Parque Cordillera se complace en anunciar la apertura de un concurso p\u00fablico para la contrataci\u00f3n de un Encargado de Compras. Esta es una\" \/>\n<meta name=\"robots\" content=\"index, follow, max-snippet:-1, max-image-preview:large, max-video-preview:-1\" \/>\n<link rel=\"canonical\" href=\"https:\/\/asociacionparquecordillera.cl\/en\/apertura-de-concurso-publico-encargado-de-compras\/\" \/>\n<meta property=\"og:locale\" content=\"en_US\" \/>\n<meta property=\"og:type\" content=\"article\" \/>\n<meta property=\"og:title\" content=\"Apertura de Concurso P\u00fablico: Encargado de Compras\" \/>\n<meta property=\"og:description\" content=\"La Asociaci\u00f3n Parque Cordillera se complace en anunciar la apertura de un concurso p\u00fablico para la contrataci\u00f3n de un Encargado de Compras. Esta es una\" \/>\n<meta property=\"og:url\" content=\"https:\/\/asociacionparquecordillera.cl\/en\/apertura-de-concurso-publico-encargado-de-compras\/\" \/>\n<meta property=\"og:site_name\" content=\"Asociaci\u00f3n Parque Cordillera - Parques Regi\u00f3n Metropolitana\" \/>\n<meta property=\"article:published_time\" content=\"2024-08-16T14:18:13+00:00\" \/>\n<meta property=\"article:modified_time\" content=\"2025-06-17T18:08:09+00:00\" \/>\n<meta property=\"og:image\" content=\"https:\/\/asociacionparquecordillera.cl\/wp-content\/uploads\/2024\/08\/imagen_2025-06-16_175237792.png\" \/>\n\t<meta property=\"og:image:width\" content=\"592\" \/>\n\t<meta property=\"og:image:height\" content=\"330\" \/>\n\t<meta property=\"og:image:type\" content=\"image\/png\" \/>\n<meta name=\"author\" content=\"comunicaciones@asociacionparquecordillera.cl\" \/>\n<meta name=\"twitter:card\" content=\"summary_large_image\" \/>\n<meta name=\"twitter:label1\" content=\"Written by\" \/>\n\t<meta name=\"twitter:data1\" content=\"comunicaciones@asociacionparquecordillera.cl\" \/>\n\t<meta name=\"twitter:label2\" content=\"Est. reading time\" \/>\n\t<meta name=\"twitter:data2\" content=\"1 minute\" \/>\n<script type=\"application\/ld+json\" class=\"yoast-schema-graph\">{\"@context\":\"https:\/\/schema.org\",\"@graph\":[{\"@type\":\"Article\",\"@id\":\"https:\/\/asociacionparquecordillera.cl\/apertura-de-concurso-publico-encargado-de-compras\/#article\",\"isPartOf\":{\"@id\":\"https:\/\/asociacionparquecordillera.cl\/apertura-de-concurso-publico-encargado-de-compras\/\"},\"author\":{\"name\":\"comunicaciones@asociacionparquecordillera.cl\",\"@id\":\"https:\/\/asociacionparquecordillera.cl\/#\/schema\/person\/925ba07b91f0182677dd66785eaa2da4\"},\"headline\":\"Apertura de Concurso P\u00fablico: Encargado de Compras\",\"datePublished\":\"2024-08-16T14:18:13+00:00\",\"dateModified\":\"2025-06-17T18:08:09+00:00\",\"mainEntityOfPage\":{\"@id\":\"https:\/\/asociacionparquecordillera.cl\/apertura-de-concurso-publico-encargado-de-compras\/\"},\"wordCount\":154,\"publisher\":{\"@id\":\"https:\/\/asociacionparquecordillera.cl\/#organization\"},\"image\":{\"@id\":\"https:\/\/asociacionparquecordillera.cl\/apertura-de-concurso-publico-encargado-de-compras\/#primaryimage\"},\"thumbnailUrl\":\"https:\/\/asociacionparquecordillera.cl\/wp-content\/uploads\/2024\/08\/imagen_2025-06-16_175237792.png\",\"articleSection\":[\"Concurso P\u00fablico\"],\"inLanguage\":\"en-US\"},{\"@type\":\"WebPage\",\"@id\":\"https:\/\/asociacionparquecordillera.cl\/apertura-de-concurso-publico-encargado-de-compras\/\",\"url\":\"https:\/\/asociacionparquecordillera.cl\/apertura-de-concurso-publico-encargado-de-compras\/\",\"name\":\"Apertura de Concurso P\u00fablico: Encargado de Compras - Asociaci\u00f3n Parque Cordillera - Parques Regi\u00f3n Metropolitana\",\"isPartOf\":{\"@id\":\"https:\/\/asociacionparquecordillera.cl\/#website\"},\"primaryImageOfPage\":{\"@id\":\"https:\/\/asociacionparquecordillera.cl\/apertura-de-concurso-publico-encargado-de-compras\/#primaryimage\"},\"image\":{\"@id\":\"https:\/\/asociacionparquecordillera.cl\/apertura-de-concurso-publico-encargado-de-compras\/#primaryimage\"},\"thumbnailUrl\":\"https:\/\/asociacionparquecordillera.cl\/wp-content\/uploads\/2024\/08\/imagen_2025-06-16_175237792.png\",\"datePublished\":\"2024-08-16T14:18:13+00:00\",\"dateModified\":\"2025-06-17T18:08:09+00:00\",\"description\":\"La Asociaci\u00f3n Parque Cordillera se complace en anunciar la apertura de un concurso p\u00fablico para la contrataci\u00f3n de un Encargado de Compras. Esta es una\",\"breadcrumb\":{\"@id\":\"https:\/\/asociacionparquecordillera.cl\/apertura-de-concurso-publico-encargado-de-compras\/#breadcrumb\"},\"inLanguage\":\"en-US\",\"potentialAction\":[{\"@type\":\"ReadAction\",\"target\":[\"https:\/\/asociacionparquecordillera.cl\/apertura-de-concurso-publico-encargado-de-compras\/\"]}]},{\"@type\":\"ImageObject\",\"inLanguage\":\"en-US\",\"@id\":\"https:\/\/asociacionparquecordillera.cl\/apertura-de-concurso-publico-encargado-de-compras\/#primaryimage\",\"url\":\"https:\/\/asociacionparquecordillera.cl\/wp-content\/uploads\/2024\/08\/imagen_2025-06-16_175237792.png\",\"contentUrl\":\"https:\/\/asociacionparquecordillera.cl\/wp-content\/uploads\/2024\/08\/imagen_2025-06-16_175237792.png\",\"width\":592,\"height\":330},{\"@type\":\"BreadcrumbList\",\"@id\":\"https:\/\/asociacionparquecordillera.cl\/apertura-de-concurso-publico-encargado-de-compras\/#breadcrumb\",\"itemListElement\":[{\"@type\":\"ListItem\",\"position\":1,\"name\":\"Home\",\"item\":\"https:\/\/asociacionparquecordillera.cl\/\"},{\"@type\":\"ListItem\",\"position\":2,\"name\":\"Apertura de Concurso P\u00fablico: Encargado de Compras\"}]},{\"@type\":\"WebSite\",\"@id\":\"https:\/\/asociacionparquecordillera.cl\/#website\",\"url\":\"https:\/\/asociacionparquecordillera.cl\/\",\"name\":\"Asociaci\u00f3n Parque Cordillera - Parques Regi\u00f3n Metropolitana\",\"description\":\"Asociaci\u00f3n Parque Cordillera promueve la conservaci\u00f3n de la precordillera de Santiago mediante la administraci\u00f3n de parques naturales y el fomento de la educaci\u00f3n ambiental y el turismo sustentable.\",\"publisher\":{\"@id\":\"https:\/\/asociacionparquecordillera.cl\/#organization\"},\"alternateName\":\"Parque Cordillera\",\"potentialAction\":[{\"@type\":\"SearchAction\",\"target\":{\"@type\":\"EntryPoint\",\"urlTemplate\":\"https:\/\/asociacionparquecordillera.cl\/?s={search_term_string}\"},\"query-input\":{\"@type\":\"PropertyValueSpecification\",\"valueRequired\":true,\"valueName\":\"search_term_string\"}}],\"inLanguage\":\"en-US\"},{\"@type\":\"Organization\",\"@id\":\"https:\/\/asociacionparquecordillera.cl\/#organization\",\"name\":\"Asociaci\u00f3n Parque Cordillera - Parques Regi\u00f3n Metropolitana\",\"alternateName\":\"Parque Cordillera\",\"url\":\"https:\/\/asociacionparquecordillera.cl\/\",\"logo\":{\"@type\":\"ImageObject\",\"inLanguage\":\"en-US\",\"@id\":\"https:\/\/asociacionparquecordillera.cl\/#\/schema\/logo\/image\/\",\"url\":\"https:\/\/asociacionparquecordillera.cl\/wp-content\/uploads\/2023\/01\/logo-apc-white-2.svg\",\"contentUrl\":\"https:\/\/asociacionparquecordillera.cl\/wp-content\/uploads\/2023\/01\/logo-apc-white-2.svg\",\"width\":240.789999999999992041921359486877918243408203125,\"height\":80.969999999999998863131622783839702606201171875,\"caption\":\"Asociaci\u00f3n Parque Cordillera - Parques Regi\u00f3n Metropolitana\"},\"image\":{\"@id\":\"https:\/\/asociacionparquecordillera.cl\/#\/schema\/logo\/image\/\"}},{\"@type\":\"Person\",\"@id\":\"https:\/\/asociacionparquecordillera.cl\/#\/schema\/person\/925ba07b91f0182677dd66785eaa2da4\",\"name\":\"comunicaciones@asociacionparquecordillera.cl\",\"image\":{\"@type\":\"ImageObject\",\"inLanguage\":\"en-US\",\"@id\":\"https:\/\/asociacionparquecordillera.cl\/#\/schema\/person\/image\/\",\"url\":\"https:\/\/secure.gravatar.com\/avatar\/a27ed9c433d24a0225076ae4356fd5e47a6bda08688a06f91d9b62233324496b?s=96&d=mm&r=g\",\"contentUrl\":\"https:\/\/secure.gravatar.com\/avatar\/a27ed9c433d24a0225076ae4356fd5e47a6bda08688a06f91d9b62233324496b?s=96&d=mm&r=g\",\"caption\":\"comunicaciones@asociacionparquecordillera.cl\"},\"url\":\"https:\/\/asociacionparquecordillera.cl\/en\/author\/comunicacionesasociacionparquecordillera-cl\/\"}]}<\/script>\n<!-- \/ Yoast SEO Premium plugin. -->","yoast_head_json":{"title":"Apertura de Concurso P\u00fablico: Encargado de Compras - Asociaci\u00f3n Parque Cordillera - Parques Regi\u00f3n Metropolitana","description":"La Asociaci\u00f3n Parque Cordillera se complace en anunciar la apertura de un concurso p\u00fablico para la contrataci\u00f3n de un Encargado de Compras. Esta es una","robots":{"index":"index","follow":"follow","max-snippet":"max-snippet:-1","max-image-preview":"max-image-preview:large","max-video-preview":"max-video-preview:-1"},"canonical":"https:\/\/asociacionparquecordillera.cl\/en\/apertura-de-concurso-publico-encargado-de-compras\/","og_locale":"en_US","og_type":"article","og_title":"Apertura de Concurso P\u00fablico: Encargado de Compras","og_description":"La Asociaci\u00f3n Parque Cordillera se complace en anunciar la apertura de un concurso p\u00fablico para la contrataci\u00f3n de un Encargado de Compras. Esta es una","og_url":"https:\/\/asociacionparquecordillera.cl\/en\/apertura-de-concurso-publico-encargado-de-compras\/","og_site_name":"Asociaci\u00f3n Parque Cordillera - Parques Regi\u00f3n Metropolitana","article_published_time":"2024-08-16T14:18:13+00:00","article_modified_time":"2025-06-17T18:08:09+00:00","og_image":[{"width":592,"height":330,"url":"https:\/\/asociacionparquecordillera.cl\/wp-content\/uploads\/2024\/08\/imagen_2025-06-16_175237792.png","type":"image\/png"}],"author":"comunicaciones@asociacionparquecordillera.cl","twitter_card":"summary_large_image","twitter_misc":{"Written by":"comunicaciones@asociacionparquecordillera.cl","Est. reading time":"1 minute"},"schema":{"@context":"https:\/\/schema.org","@graph":[{"@type":"Article","@id":"https:\/\/asociacionparquecordillera.cl\/apertura-de-concurso-publico-encargado-de-compras\/#article","isPartOf":{"@id":"https:\/\/asociacionparquecordillera.cl\/apertura-de-concurso-publico-encargado-de-compras\/"},"author":{"name":"comunicaciones@asociacionparquecordillera.cl","@id":"https:\/\/asociacionparquecordillera.cl\/#\/schema\/person\/925ba07b91f0182677dd66785eaa2da4"},"headline":"Apertura de Concurso P\u00fablico: Encargado de Compras","datePublished":"2024-08-16T14:18:13+00:00","dateModified":"2025-06-17T18:08:09+00:00","mainEntityOfPage":{"@id":"https:\/\/asociacionparquecordillera.cl\/apertura-de-concurso-publico-encargado-de-compras\/"},"wordCount":154,"publisher":{"@id":"https:\/\/asociacionparquecordillera.cl\/#organization"},"image":{"@id":"https:\/\/asociacionparquecordillera.cl\/apertura-de-concurso-publico-encargado-de-compras\/#primaryimage"},"thumbnailUrl":"https:\/\/asociacionparquecordillera.cl\/wp-content\/uploads\/2024\/08\/imagen_2025-06-16_175237792.png","articleSection":["Concurso P\u00fablico"],"inLanguage":"en-US"},{"@type":"WebPage","@id":"https:\/\/asociacionparquecordillera.cl\/apertura-de-concurso-publico-encargado-de-compras\/","url":"https:\/\/asociacionparquecordillera.cl\/apertura-de-concurso-publico-encargado-de-compras\/","name":"Apertura de Concurso P\u00fablico: Encargado de Compras - Asociaci\u00f3n Parque Cordillera - Parques Regi\u00f3n Metropolitana","isPartOf":{"@id":"https:\/\/asociacionparquecordillera.cl\/#website"},"primaryImageOfPage":{"@id":"https:\/\/asociacionparquecordillera.cl\/apertura-de-concurso-publico-encargado-de-compras\/#primaryimage"},"image":{"@id":"https:\/\/asociacionparquecordillera.cl\/apertura-de-concurso-publico-encargado-de-compras\/#primaryimage"},"thumbnailUrl":"https:\/\/asociacionparquecordillera.cl\/wp-content\/uploads\/2024\/08\/imagen_2025-06-16_175237792.png","datePublished":"2024-08-16T14:18:13+00:00","dateModified":"2025-06-17T18:08:09+00:00","description":"La Asociaci\u00f3n Parque Cordillera se complace en anunciar la apertura de un concurso p\u00fablico para la contrataci\u00f3n de un Encargado de Compras. Esta es una","breadcrumb":{"@id":"https:\/\/asociacionparquecordillera.cl\/apertura-de-concurso-publico-encargado-de-compras\/#breadcrumb"},"inLanguage":"en-US","potentialAction":[{"@type":"ReadAction","target":["https:\/\/asociacionparquecordillera.cl\/apertura-de-concurso-publico-encargado-de-compras\/"]}]},{"@type":"ImageObject","inLanguage":"en-US","@id":"https:\/\/asociacionparquecordillera.cl\/apertura-de-concurso-publico-encargado-de-compras\/#primaryimage","url":"https:\/\/asociacionparquecordillera.cl\/wp-content\/uploads\/2024\/08\/imagen_2025-06-16_175237792.png","contentUrl":"https:\/\/asociacionparquecordillera.cl\/wp-content\/uploads\/2024\/08\/imagen_2025-06-16_175237792.png","width":592,"height":330},{"@type":"BreadcrumbList","@id":"https:\/\/asociacionparquecordillera.cl\/apertura-de-concurso-publico-encargado-de-compras\/#breadcrumb","itemListElement":[{"@type":"ListItem","position":1,"name":"Home","item":"https:\/\/asociacionparquecordillera.cl\/"},{"@type":"ListItem","position":2,"name":"Apertura de Concurso P\u00fablico: Encargado de Compras"}]},{"@type":"WebSite","@id":"https:\/\/asociacionparquecordillera.cl\/#website","url":"https:\/\/asociacionparquecordillera.cl\/","name":"Asociaci\u00f3n Parque Cordillera - Parques Regi\u00f3n Metropolitana","description":"Asociaci\u00f3n Parque Cordillera promueve la conservaci\u00f3n de la precordillera de Santiago mediante la administraci\u00f3n de parques naturales y el fomento de la educaci\u00f3n ambiental y el turismo sustentable.","publisher":{"@id":"https:\/\/asociacionparquecordillera.cl\/#organization"},"alternateName":"Parque Cordillera","potentialAction":[{"@type":"SearchAction","target":{"@type":"EntryPoint","urlTemplate":"https:\/\/asociacionparquecordillera.cl\/?s={search_term_string}"},"query-input":{"@type":"PropertyValueSpecification","valueRequired":true,"valueName":"search_term_string"}}],"inLanguage":"en-US"},{"@type":"Organization","@id":"https:\/\/asociacionparquecordillera.cl\/#organization","name":"Asociaci\u00f3n Parque Cordillera - Parques Regi\u00f3n Metropolitana","alternateName":"Parque Cordillera","url":"https:\/\/asociacionparquecordillera.cl\/","logo":{"@type":"ImageObject","inLanguage":"en-US","@id":"https:\/\/asociacionparquecordillera.cl\/#\/schema\/logo\/image\/","url":"https:\/\/asociacionparquecordillera.cl\/wp-content\/uploads\/2023\/01\/logo-apc-white-2.svg","contentUrl":"https:\/\/asociacionparquecordillera.cl\/wp-content\/uploads\/2023\/01\/logo-apc-white-2.svg","width":240.789999999999992041921359486877918243408203125,"height":80.969999999999998863131622783839702606201171875,"caption":"Asociaci\u00f3n Parque Cordillera - Parques Regi\u00f3n Metropolitana"},"image":{"@id":"https:\/\/asociacionparquecordillera.cl\/#\/schema\/logo\/image\/"}},{"@type":"Person","@id":"https:\/\/asociacionparquecordillera.cl\/#\/schema\/person\/925ba07b91f0182677dd66785eaa2da4","name":"comunicaciones@asociacionparquecordillera.cl","image":{"@type":"ImageObject","inLanguage":"en-US","@id":"https:\/\/asociacionparquecordillera.cl\/#\/schema\/person\/image\/","url":"https:\/\/secure.gravatar.com\/avatar\/a27ed9c433d24a0225076ae4356fd5e47a6bda08688a06f91d9b62233324496b?s=96&d=mm&r=g","contentUrl":"https:\/\/secure.gravatar.com\/avatar\/a27ed9c433d24a0225076ae4356fd5e47a6bda08688a06f91d9b62233324496b?s=96&d=mm&r=g","caption":"comunicaciones@asociacionparquecordillera.cl"},"url":"https:\/\/asociacionparquecordillera.cl\/en\/author\/comunicacionesasociacionparquecordillera-cl\/"}]}},"_links":{"self":[{"href":"https:\/\/asociacionparquecordillera.cl\/en\/wp-json\/wp\/v2\/posts\/4541","targetHints":{"allow":["GET"]}}],"collection":[{"href":"https:\/\/asociacionparquecordillera.cl\/en\/wp-json\/wp\/v2\/posts"}],"about":[{"href":"https:\/\/asociacionparquecordillera.cl\/en\/wp-json\/wp\/v2\/types\/post"}],"author":[{"embeddable":true,"href":"https:\/\/asociacionparquecordillera.cl\/en\/wp-json\/wp\/v2\/users\/7"}],"replies":[{"embeddable":true,"href":"https:\/\/asociacionparquecordillera.cl\/en\/wp-json\/wp\/v2\/comments?post=4541"}],"version-history":[{"count":6,"href":"https:\/\/asociacionparquecordillera.cl\/en\/wp-json\/wp\/v2\/posts\/4541\/revisions"}],"predecessor-version":[{"id":4548,"href":"https:\/\/asociacionparquecordillera.cl\/en\/wp-json\/wp\/v2\/posts\/4541\/revisions\/4548"}],"wp:featuredmedia":[{"embeddable":true,"href":"https:\/\/asociacionparquecordillera.cl\/en\/wp-json\/wp\/v2\/media\/5465"}],"wp:attachment":[{"href":"https:\/\/asociacionparquecordillera.cl\/en\/wp-json\/wp\/v2\/media?parent=4541"}],"wp:term":[{"taxonomy":"category","embeddable":true,"href":"https:\/\/asociacionparquecordillera.cl\/en\/wp-json\/wp\/v2\/categories?post=4541"},{"taxonomy":"post_tag","embeddable":true,"href":"https:\/\/asociacionparquecordillera.cl\/en\/wp-json\/wp\/v2\/tags?post=4541"},{"taxonomy":"slider-category","embeddable":true,"href":"https:\/\/asociacionparquecordillera.cl\/en\/wp-json\/wp\/v2\/slider-category?post=4541"}],"curies":[{"name":"wp","href":"https:\/\/api.w.org\/{rel}","templated":true}]}}