{"id":4592,"date":"2024-09-30T15:21:57","date_gmt":"2024-09-30T18:21:57","guid":{"rendered":"https:\/\/asociacionparquecordillera.cl\/?p=4592"},"modified":"2025-07-02T13:24:31","modified_gmt":"2025-07-02T17:24:31","slug":"comienza-la-primavera-conoce-nuestras-flores-nativas","status":"publish","type":"post","link":"https:\/\/asociacionparquecordillera.cl\/en\/comienza-la-primavera-conoce-nuestras-flores-nativas\/","title":{"rendered":"Comienza la primavera: Conoce nuestras flores nativas"},"content":{"rendered":"<p><span style=\"font-weight: 400;\">Con la llegada de la primavera, los senderos de la red de parques de Parque Cordillera en la Regi\u00f3n Metropolitana se llenan de color, regal\u00e1ndonos un espect\u00e1culo natural \u00fanico. Entre cerros y valles, es posible admirar la floraci\u00f3n de diversas especies nativas que, en esta \u00e9poca del a\u00f1o, muestran toda su belleza. Hoy te invitamos a conocer algunas de las flores m\u00e1s emblem\u00e1ticas que podr\u00e1s encontrar durante una caminata por estos hermosos parajes.<\/span><\/p>\n<ol>\n<li><b> Soldadito (Tropaeolum tricolor)<\/b><\/li>\n<\/ol>\n<p><span style=\"font-weight: 400;\">Esta peque\u00f1a joya de la flora chilena, tambi\u00e9n conocida como \u00abcoralito\u00bb, destaca por sus vibrantes colores. Sus flores tienen un patr\u00f3n de tres tonos: rojo, amarillo y azul, lo que les otorga un aspecto llamativo, casi como una peque\u00f1a explosi\u00f3n de color en la naturaleza. Su forma tubular y colgante la hace ideal para trepar en laderas rocosas y arbustos. Es una planta trepadora, por lo que la ver\u00e1s adornando las pendientes y elev\u00e1ndose junto a la vegetaci\u00f3n circundante.<\/span><\/p>\n<ol start=\"2\">\n<li><b> Macaya (Placea arzae)<\/b><\/li>\n<\/ol>\n<p><span style=\"font-weight: 400;\">Con p\u00e9talos delicados en tonos rosa y p\u00farpura, la Macaya es una flor nativa que rara vez pasa desapercibida. Su fragancia sutil y su belleza hacen que sea una de las especies m\u00e1s admiradas por quienes recorren los senderos del Parque Cordillera. Aunque es menos com\u00fan que otras, cuando florece, ilumina los rincones m\u00e1s tranquilos del paisaje.<\/span><\/p>\n<ol start=\"3\">\n<li><b> Mutisia (Mutisia spp.)<\/b><\/li>\n<\/ol>\n<p><span style=\"font-weight: 400;\">La Mutisia, con sus flores de un naranja intenso y sus hojas dentadas, es una de las especies m\u00e1s ic\u00f3nicas de la flora chilena. Estas flores suelen adornar arbustos altos y trepar entre ramas, aportando un toque c\u00e1lido al entorno primaveral. Su forma alargada y sus p\u00e9talos radiantes las hacen f\u00e1cilmente identificables. Su aparici\u00f3n marca el inicio del buen tiempo y es un verdadero placer encontrarlas en las laderas del parque.<\/span><\/p>\n<ol start=\"4\">\n<li><b> Pata de Guanaco (Cistanthe grandiflora)<\/b><\/li>\n<\/ol>\n<p><span style=\"font-weight: 400;\">Conocida por sus vistosas flores de color rosa intenso, la Pata de Guanaco es una planta que resplandece en el paisaje \u00e1rido de la regi\u00f3n. Florece en grandes cantidades, creando un espect\u00e1culo visual que es dif\u00edcil de ignorar. Sus grandes p\u00e9talos y su car\u00e1cter resistente la hacen una de las especies m\u00e1s admiradas en los parques de la cordillera. Adem\u00e1s de su valor est\u00e9tico, es una planta clave para la preservaci\u00f3n del ecosistema, ya que atrae a polinizadores como abejas y mariposas.<\/span><\/p>\n<ol start=\"5\">\n<li><b> Huilli (Leucocoryne ixioides)<\/b><\/li>\n<\/ol>\n<p><span style=\"font-weight: 400;\">Esta delicada flor es conocida por su apariencia ex\u00f3tica y sus fragantes flores de color blanco con tonos lilas y azulados. El Huilli se encuentra principalmente en zonas costeras, pero tambi\u00e9n es posible avistarlo en los valles de la cordillera. Sus p\u00e9talos tienen una forma de estrella y emiten un suave aroma, lo que la convierte en una flor codiciada por quienes disfrutan de la bot\u00e1nica.<\/span><\/p>\n<ol start=\"6\">\n<li><b> A\u00f1a\u00f1uca (Rhodophiala spp.)<\/b><\/li>\n<\/ol>\n<p><span style=\"font-weight: 400;\">La A\u00f1a\u00f1uca es quiz\u00e1s una de las flores m\u00e1s ic\u00f3nicas del norte de Chile, pero tambi\u00e9n se encuentra en algunos rincones de la cordillera de la Regi\u00f3n Metropolitana. Con sus flores de un intenso color rojo, esta planta se adapta a terrenos dif\u00edciles y su floraci\u00f3n es breve pero impactante. Es s\u00edmbolo de resistencia y belleza en la adversidad, y su aparici\u00f3n en primavera es un recordatorio del poder regenerativo de la naturaleza.<\/span><\/p>\n<ol start=\"7\">\n<li><b> Azulillo (Pasithea caerulea)<\/b><\/li>\n<\/ol>\n<p><span style=\"font-weight: 400;\">El Azulillo, con su delicado tono azul profundo, es una de las flores m\u00e1s encantadoras que florecen en primavera. Sus flores peque\u00f1as, con p\u00e9talos en forma de estrella, suelen crecer en zonas soleadas y abiertas, como praderas o laderas. Aunque es modesta en tama\u00f1o, el Azulillo destaca por su color, que contrasta con el verde vibrante de los pastos primaverales.<\/span><\/p>\n<p><span style=\"font-weight: 400;\">Explorar los senderos de nuestros parques en primavera es una experiencia sensorial en todos los sentidos. Desde la vibrante floraci\u00f3n del Soldadito hasta la delicadeza del Azulillo, cada especie nos muestra una parte del patrimonio natural chileno. Estas flores no solo embellecen el paisaje, sino que tambi\u00e9n cumplen funciones ecol\u00f3gicas vitales, como la atracci\u00f3n de polinizadores y el mantenimiento de la biodiversidad.<\/span><\/p>\n<p><span style=\"font-weight: 400;\">Te invitamos a ponerte unas buenas zapatillas, tomar tu c\u00e1mara fotogr\u00e1fica y adentrarte en los caminos de nuestros parques para descubrir de cerca el esplendor de la flora nativa en su m\u00e1ximo apogeo. \u00a1La primavera est\u00e1 en su mejor momento, y las flores te esperan!<\/span><\/p>\n<p>&nbsp;<\/p>","protected":false},"excerpt":{"rendered":"<p>Con la llegada de la primavera, los senderos de la red de parques de Parque Cordillera en la Regi\u00f3n Metropolitana se llenan de color, regal\u00e1ndonos un espect\u00e1culo natural \u00fanico. Entre cerros y valles, es posible admirar la floraci\u00f3n de diversas especies nativas que, en esta \u00e9poca del a\u00f1o, muestran toda su belleza. Hoy te invitamos [&hellip;]<\/p>","protected":false},"author":8,"featured_media":5774,"comment_status":"closed","ping_status":"closed","sticky":false,"template":"","format":"standard","meta":{"site-sidebar-layout":"default","site-content-layout":"","ast-site-content-layout":"default","site-content-style":"default","site-sidebar-style":"default","ast-global-header-display":"","ast-banner-title-visibility":"","ast-main-header-display":"","ast-hfb-above-header-display":"","ast-hfb-below-header-display":"","ast-hfb-mobile-header-display":"","site-post-title":"","ast-breadcrumbs-content":"","ast-featured-img":"","footer-sml-layout":"","theme-transparent-header-meta":"default","adv-header-id-meta":"","stick-header-meta":"default","header-above-stick-meta":"","header-main-stick-meta":"","header-below-stick-meta":"","astra-migrate-meta-layouts":"set","ast-page-background-enabled":"default","ast-page-background-meta":{"desktop":{"background-color":"var(--ast-global-color-4)","background-image":"","background-repeat":"repeat","background-position":"center center","background-size":"auto","background-attachment":"scroll","background-type":"","background-media":"","overlay-type":"","overlay-color":"","overlay-opacity":"","overlay-gradient":""},"tablet":{"background-color":"","background-image":"","background-repeat":"repeat","background-position":"center center","background-size":"auto","background-attachment":"scroll","background-type":"","background-media":"","overlay-type":"","overlay-color":"","overlay-opacity":"","overlay-gradient":""},"mobile":{"background-color":"","background-image":"","background-repeat":"repeat","background-position":"center center","background-size":"auto","background-attachment":"scroll","background-type":"","background-media":"","overlay-type":"","overlay-color":"","overlay-opacity":"","overlay-gradient":""}},"ast-content-background-meta":{"desktop":{"background-color":"var(--ast-global-color-5)","background-image":"","background-repeat":"repeat","background-position":"center center","background-size":"auto","background-attachment":"scroll","background-type":"","background-media":"","overlay-type":"","overlay-color":"","overlay-opacity":"","overlay-gradient":""},"tablet":{"background-color":"var(--ast-global-color-5)","background-image":"","background-repeat":"repeat","background-position":"center center","background-size":"auto","background-attachment":"scroll","background-type":"","background-media":"","overlay-type":"","overlay-color":"","overlay-opacity":"","overlay-gradient":""},"mobile":{"background-color":"var(--ast-global-color-5)","background-image":"","background-repeat":"repeat","background-position":"center center","background-size":"auto","background-attachment":"scroll","background-type":"","background-media":"","overlay-type":"","overlay-color":"","overlay-opacity":"","overlay-gradient":""}},"footnotes":""},"categories":[23],"tags":[],"slider-category":[],"class_list":["post-4592","post","type-post","status-publish","format-standard","has-post-thumbnail","hentry","category-educacion-ambiental"],"yoast_head":"<!-- This site is optimized with the Yoast SEO Premium plugin v22.9 (Yoast SEO v23.9) - https:\/\/yoast.com\/wordpress\/plugins\/seo\/ -->\n<title>Comienza la primavera: Conoce nuestras flores nativas - Asociaci\u00f3n Parque Cordillera - Parques Regi\u00f3n Metropolitana<\/title>\n<meta name=\"description\" content=\"Con la llegada de la primavera, los senderos de la red de parques de Parque Cordillera en la Regi\u00f3n Metropolitana se llenan de color, regal\u00e1ndonos un\" \/>\n<meta name=\"robots\" content=\"index, follow, max-snippet:-1, max-image-preview:large, max-video-preview:-1\" \/>\n<link rel=\"canonical\" href=\"https:\/\/asociacionparquecordillera.cl\/en\/comienza-la-primavera-conoce-nuestras-flores-nativas\/\" \/>\n<meta property=\"og:locale\" content=\"en_US\" \/>\n<meta property=\"og:type\" content=\"article\" \/>\n<meta property=\"og:title\" content=\"Comienza la primavera: Conoce nuestras flores nativas\" \/>\n<meta property=\"og:description\" content=\"Con la llegada de la primavera, los senderos de la red de parques de Parque Cordillera en la Regi\u00f3n Metropolitana se llenan de color, regal\u00e1ndonos un\" \/>\n<meta property=\"og:url\" content=\"https:\/\/asociacionparquecordillera.cl\/en\/comienza-la-primavera-conoce-nuestras-flores-nativas\/\" \/>\n<meta property=\"og:site_name\" content=\"Asociaci\u00f3n Parque Cordillera - Parques Regi\u00f3n Metropolitana\" \/>\n<meta property=\"article:published_time\" content=\"2024-09-30T18:21:57+00:00\" \/>\n<meta property=\"article:modified_time\" content=\"2025-07-02T17:24:31+00:00\" \/>\n<meta property=\"og:image\" content=\"https:\/\/asociacionparquecordillera.cl\/wp-content\/uploads\/2024\/09\/imagen_2025-07-02_132342289.png\" \/>\n\t<meta property=\"og:image:width\" content=\"593\" \/>\n\t<meta property=\"og:image:height\" content=\"332\" \/>\n\t<meta property=\"og:image:type\" content=\"image\/png\" \/>\n<meta name=\"author\" content=\"Alejandro Albornoz\" \/>\n<meta name=\"twitter:card\" content=\"summary_large_image\" \/>\n<meta name=\"twitter:label1\" content=\"Written by\" \/>\n\t<meta name=\"twitter:data1\" content=\"Alejandro Albornoz\" \/>\n\t<meta name=\"twitter:label2\" content=\"Est. reading time\" \/>\n\t<meta name=\"twitter:data2\" content=\"4 minutes\" \/>\n<script type=\"application\/ld+json\" class=\"yoast-schema-graph\">{\"@context\":\"https:\/\/schema.org\",\"@graph\":[{\"@type\":\"Article\",\"@id\":\"https:\/\/asociacionparquecordillera.cl\/comienza-la-primavera-conoce-nuestras-flores-nativas\/#article\",\"isPartOf\":{\"@id\":\"https:\/\/asociacionparquecordillera.cl\/comienza-la-primavera-conoce-nuestras-flores-nativas\/\"},\"author\":{\"name\":\"Alejandro Albornoz\",\"@id\":\"https:\/\/asociacionparquecordillera.cl\/#\/schema\/person\/2640f49b096aa0717d1150f9708ee6b9\"},\"headline\":\"Comienza la primavera: Conoce nuestras flores nativas\",\"datePublished\":\"2024-09-30T18:21:57+00:00\",\"dateModified\":\"2025-07-02T17:24:31+00:00\",\"mainEntityOfPage\":{\"@id\":\"https:\/\/asociacionparquecordillera.cl\/comienza-la-primavera-conoce-nuestras-flores-nativas\/\"},\"wordCount\":763,\"publisher\":{\"@id\":\"https:\/\/asociacionparquecordillera.cl\/#organization\"},\"image\":{\"@id\":\"https:\/\/asociacionparquecordillera.cl\/comienza-la-primavera-conoce-nuestras-flores-nativas\/#primaryimage\"},\"thumbnailUrl\":\"https:\/\/asociacionparquecordillera.cl\/wp-content\/uploads\/2024\/09\/imagen_2025-07-02_132342289.png\",\"articleSection\":[\"Educaci\u00f3n ambiental\"],\"inLanguage\":\"en-US\"},{\"@type\":\"WebPage\",\"@id\":\"https:\/\/asociacionparquecordillera.cl\/comienza-la-primavera-conoce-nuestras-flores-nativas\/\",\"url\":\"https:\/\/asociacionparquecordillera.cl\/comienza-la-primavera-conoce-nuestras-flores-nativas\/\",\"name\":\"Comienza la primavera: Conoce nuestras flores nativas - Asociaci\u00f3n Parque Cordillera - Parques Regi\u00f3n Metropolitana\",\"isPartOf\":{\"@id\":\"https:\/\/asociacionparquecordillera.cl\/#website\"},\"primaryImageOfPage\":{\"@id\":\"https:\/\/asociacionparquecordillera.cl\/comienza-la-primavera-conoce-nuestras-flores-nativas\/#primaryimage\"},\"image\":{\"@id\":\"https:\/\/asociacionparquecordillera.cl\/comienza-la-primavera-conoce-nuestras-flores-nativas\/#primaryimage\"},\"thumbnailUrl\":\"https:\/\/asociacionparquecordillera.cl\/wp-content\/uploads\/2024\/09\/imagen_2025-07-02_132342289.png\",\"datePublished\":\"2024-09-30T18:21:57+00:00\",\"dateModified\":\"2025-07-02T17:24:31+00:00\",\"description\":\"Con la llegada de la primavera, los senderos de la red de parques de Parque Cordillera en la Regi\u00f3n Metropolitana se llenan de color, regal\u00e1ndonos un\",\"breadcrumb\":{\"@id\":\"https:\/\/asociacionparquecordillera.cl\/comienza-la-primavera-conoce-nuestras-flores-nativas\/#breadcrumb\"},\"inLanguage\":\"en-US\",\"potentialAction\":[{\"@type\":\"ReadAction\",\"target\":[\"https:\/\/asociacionparquecordillera.cl\/comienza-la-primavera-conoce-nuestras-flores-nativas\/\"]}]},{\"@type\":\"ImageObject\",\"inLanguage\":\"en-US\",\"@id\":\"https:\/\/asociacionparquecordillera.cl\/comienza-la-primavera-conoce-nuestras-flores-nativas\/#primaryimage\",\"url\":\"https:\/\/asociacionparquecordillera.cl\/wp-content\/uploads\/2024\/09\/imagen_2025-07-02_132342289.png\",\"contentUrl\":\"https:\/\/asociacionparquecordillera.cl\/wp-content\/uploads\/2024\/09\/imagen_2025-07-02_132342289.png\",\"width\":593,\"height\":332},{\"@type\":\"BreadcrumbList\",\"@id\":\"https:\/\/asociacionparquecordillera.cl\/comienza-la-primavera-conoce-nuestras-flores-nativas\/#breadcrumb\",\"itemListElement\":[{\"@type\":\"ListItem\",\"position\":1,\"name\":\"Home\",\"item\":\"https:\/\/asociacionparquecordillera.cl\/\"},{\"@type\":\"ListItem\",\"position\":2,\"name\":\"Comienza la primavera: Conoce nuestras flores nativas\"}]},{\"@type\":\"WebSite\",\"@id\":\"https:\/\/asociacionparquecordillera.cl\/#website\",\"url\":\"https:\/\/asociacionparquecordillera.cl\/\",\"name\":\"Asociaci\u00f3n Parque Cordillera - Parques Regi\u00f3n Metropolitana\",\"description\":\"Asociaci\u00f3n Parque Cordillera promueve la conservaci\u00f3n de la precordillera de Santiago mediante la administraci\u00f3n de parques naturales y el fomento de la educaci\u00f3n ambiental y el turismo sustentable.\",\"publisher\":{\"@id\":\"https:\/\/asociacionparquecordillera.cl\/#organization\"},\"alternateName\":\"Parque Cordillera\",\"potentialAction\":[{\"@type\":\"SearchAction\",\"target\":{\"@type\":\"EntryPoint\",\"urlTemplate\":\"https:\/\/asociacionparquecordillera.cl\/?s={search_term_string}\"},\"query-input\":{\"@type\":\"PropertyValueSpecification\",\"valueRequired\":true,\"valueName\":\"search_term_string\"}}],\"inLanguage\":\"en-US\"},{\"@type\":\"Organization\",\"@id\":\"https:\/\/asociacionparquecordillera.cl\/#organization\",\"name\":\"Asociaci\u00f3n Parque Cordillera - Parques Regi\u00f3n Metropolitana\",\"alternateName\":\"Parque Cordillera\",\"url\":\"https:\/\/asociacionparquecordillera.cl\/\",\"logo\":{\"@type\":\"ImageObject\",\"inLanguage\":\"en-US\",\"@id\":\"https:\/\/asociacionparquecordillera.cl\/#\/schema\/logo\/image\/\",\"url\":\"https:\/\/asociacionparquecordillera.cl\/wp-content\/uploads\/2023\/01\/logo-apc-white-2.svg\",\"contentUrl\":\"https:\/\/asociacionparquecordillera.cl\/wp-content\/uploads\/2023\/01\/logo-apc-white-2.svg\",\"width\":240.789999999999992041921359486877918243408203125,\"height\":80.969999999999998863131622783839702606201171875,\"caption\":\"Asociaci\u00f3n Parque Cordillera - Parques Regi\u00f3n Metropolitana\"},\"image\":{\"@id\":\"https:\/\/asociacionparquecordillera.cl\/#\/schema\/logo\/image\/\"}},{\"@type\":\"Person\",\"@id\":\"https:\/\/asociacionparquecordillera.cl\/#\/schema\/person\/2640f49b096aa0717d1150f9708ee6b9\",\"name\":\"Alejandro Albornoz\",\"image\":{\"@type\":\"ImageObject\",\"inLanguage\":\"en-US\",\"@id\":\"https:\/\/asociacionparquecordillera.cl\/#\/schema\/person\/image\/\",\"url\":\"https:\/\/secure.gravatar.com\/avatar\/758aec5659ec6e8ada660b4c49f539cacd73130470e925941e3e9a1df5b5895a?s=96&d=mm&r=g\",\"contentUrl\":\"https:\/\/secure.gravatar.com\/avatar\/758aec5659ec6e8ada660b4c49f539cacd73130470e925941e3e9a1df5b5895a?s=96&d=mm&r=g\",\"caption\":\"Alejandro Albornoz\"},\"url\":\"https:\/\/asociacionparquecordillera.cl\/en\/author\/alejandro-albornoz\/\"}]}<\/script>\n<!-- \/ Yoast SEO Premium plugin. -->","yoast_head_json":{"title":"Comienza la primavera: Conoce nuestras flores nativas - Asociaci\u00f3n Parque Cordillera - Parques Regi\u00f3n Metropolitana","description":"Con la llegada de la primavera, los senderos de la red de parques de Parque Cordillera en la Regi\u00f3n Metropolitana se llenan de color, regal\u00e1ndonos un","robots":{"index":"index","follow":"follow","max-snippet":"max-snippet:-1","max-image-preview":"max-image-preview:large","max-video-preview":"max-video-preview:-1"},"canonical":"https:\/\/asociacionparquecordillera.cl\/en\/comienza-la-primavera-conoce-nuestras-flores-nativas\/","og_locale":"en_US","og_type":"article","og_title":"Comienza la primavera: Conoce nuestras flores nativas","og_description":"Con la llegada de la primavera, los senderos de la red de parques de Parque Cordillera en la Regi\u00f3n Metropolitana se llenan de color, regal\u00e1ndonos un","og_url":"https:\/\/asociacionparquecordillera.cl\/en\/comienza-la-primavera-conoce-nuestras-flores-nativas\/","og_site_name":"Asociaci\u00f3n Parque Cordillera - Parques Regi\u00f3n Metropolitana","article_published_time":"2024-09-30T18:21:57+00:00","article_modified_time":"2025-07-02T17:24:31+00:00","og_image":[{"width":593,"height":332,"url":"https:\/\/asociacionparquecordillera.cl\/wp-content\/uploads\/2024\/09\/imagen_2025-07-02_132342289.png","type":"image\/png"}],"author":"Alejandro Albornoz","twitter_card":"summary_large_image","twitter_misc":{"Written by":"Alejandro Albornoz","Est. reading time":"4 minutes"},"schema":{"@context":"https:\/\/schema.org","@graph":[{"@type":"Article","@id":"https:\/\/asociacionparquecordillera.cl\/comienza-la-primavera-conoce-nuestras-flores-nativas\/#article","isPartOf":{"@id":"https:\/\/asociacionparquecordillera.cl\/comienza-la-primavera-conoce-nuestras-flores-nativas\/"},"author":{"name":"Alejandro Albornoz","@id":"https:\/\/asociacionparquecordillera.cl\/#\/schema\/person\/2640f49b096aa0717d1150f9708ee6b9"},"headline":"Comienza la primavera: Conoce nuestras flores nativas","datePublished":"2024-09-30T18:21:57+00:00","dateModified":"2025-07-02T17:24:31+00:00","mainEntityOfPage":{"@id":"https:\/\/asociacionparquecordillera.cl\/comienza-la-primavera-conoce-nuestras-flores-nativas\/"},"wordCount":763,"publisher":{"@id":"https:\/\/asociacionparquecordillera.cl\/#organization"},"image":{"@id":"https:\/\/asociacionparquecordillera.cl\/comienza-la-primavera-conoce-nuestras-flores-nativas\/#primaryimage"},"thumbnailUrl":"https:\/\/asociacionparquecordillera.cl\/wp-content\/uploads\/2024\/09\/imagen_2025-07-02_132342289.png","articleSection":["Educaci\u00f3n ambiental"],"inLanguage":"en-US"},{"@type":"WebPage","@id":"https:\/\/asociacionparquecordillera.cl\/comienza-la-primavera-conoce-nuestras-flores-nativas\/","url":"https:\/\/asociacionparquecordillera.cl\/comienza-la-primavera-conoce-nuestras-flores-nativas\/","name":"Comienza la primavera: Conoce nuestras flores nativas - Asociaci\u00f3n Parque Cordillera - Parques Regi\u00f3n Metropolitana","isPartOf":{"@id":"https:\/\/asociacionparquecordillera.cl\/#website"},"primaryImageOfPage":{"@id":"https:\/\/asociacionparquecordillera.cl\/comienza-la-primavera-conoce-nuestras-flores-nativas\/#primaryimage"},"image":{"@id":"https:\/\/asociacionparquecordillera.cl\/comienza-la-primavera-conoce-nuestras-flores-nativas\/#primaryimage"},"thumbnailUrl":"https:\/\/asociacionparquecordillera.cl\/wp-content\/uploads\/2024\/09\/imagen_2025-07-02_132342289.png","datePublished":"2024-09-30T18:21:57+00:00","dateModified":"2025-07-02T17:24:31+00:00","description":"Con la llegada de la primavera, los senderos de la red de parques de Parque Cordillera en la Regi\u00f3n Metropolitana se llenan de color, regal\u00e1ndonos un","breadcrumb":{"@id":"https:\/\/asociacionparquecordillera.cl\/comienza-la-primavera-conoce-nuestras-flores-nativas\/#breadcrumb"},"inLanguage":"en-US","potentialAction":[{"@type":"ReadAction","target":["https:\/\/asociacionparquecordillera.cl\/comienza-la-primavera-conoce-nuestras-flores-nativas\/"]}]},{"@type":"ImageObject","inLanguage":"en-US","@id":"https:\/\/asociacionparquecordillera.cl\/comienza-la-primavera-conoce-nuestras-flores-nativas\/#primaryimage","url":"https:\/\/asociacionparquecordillera.cl\/wp-content\/uploads\/2024\/09\/imagen_2025-07-02_132342289.png","contentUrl":"https:\/\/asociacionparquecordillera.cl\/wp-content\/uploads\/2024\/09\/imagen_2025-07-02_132342289.png","width":593,"height":332},{"@type":"BreadcrumbList","@id":"https:\/\/asociacionparquecordillera.cl\/comienza-la-primavera-conoce-nuestras-flores-nativas\/#breadcrumb","itemListElement":[{"@type":"ListItem","position":1,"name":"Home","item":"https:\/\/asociacionparquecordillera.cl\/"},{"@type":"ListItem","position":2,"name":"Comienza la primavera: Conoce nuestras flores nativas"}]},{"@type":"WebSite","@id":"https:\/\/asociacionparquecordillera.cl\/#website","url":"https:\/\/asociacionparquecordillera.cl\/","name":"Asociaci\u00f3n Parque Cordillera - Parques Regi\u00f3n Metropolitana","description":"Asociaci\u00f3n Parque Cordillera promueve la conservaci\u00f3n de la precordillera de Santiago mediante la administraci\u00f3n de parques naturales y el fomento de la educaci\u00f3n ambiental y el turismo sustentable.","publisher":{"@id":"https:\/\/asociacionparquecordillera.cl\/#organization"},"alternateName":"Parque Cordillera","potentialAction":[{"@type":"SearchAction","target":{"@type":"EntryPoint","urlTemplate":"https:\/\/asociacionparquecordillera.cl\/?s={search_term_string}"},"query-input":{"@type":"PropertyValueSpecification","valueRequired":true,"valueName":"search_term_string"}}],"inLanguage":"en-US"},{"@type":"Organization","@id":"https:\/\/asociacionparquecordillera.cl\/#organization","name":"Asociaci\u00f3n Parque Cordillera - Parques Regi\u00f3n Metropolitana","alternateName":"Parque Cordillera","url":"https:\/\/asociacionparquecordillera.cl\/","logo":{"@type":"ImageObject","inLanguage":"en-US","@id":"https:\/\/asociacionparquecordillera.cl\/#\/schema\/logo\/image\/","url":"https:\/\/asociacionparquecordillera.cl\/wp-content\/uploads\/2023\/01\/logo-apc-white-2.svg","contentUrl":"https:\/\/asociacionparquecordillera.cl\/wp-content\/uploads\/2023\/01\/logo-apc-white-2.svg","width":240.789999999999992041921359486877918243408203125,"height":80.969999999999998863131622783839702606201171875,"caption":"Asociaci\u00f3n Parque Cordillera - Parques Regi\u00f3n Metropolitana"},"image":{"@id":"https:\/\/asociacionparquecordillera.cl\/#\/schema\/logo\/image\/"}},{"@type":"Person","@id":"https:\/\/asociacionparquecordillera.cl\/#\/schema\/person\/2640f49b096aa0717d1150f9708ee6b9","name":"Alejandro Albornoz","image":{"@type":"ImageObject","inLanguage":"en-US","@id":"https:\/\/asociacionparquecordillera.cl\/#\/schema\/person\/image\/","url":"https:\/\/secure.gravatar.com\/avatar\/758aec5659ec6e8ada660b4c49f539cacd73130470e925941e3e9a1df5b5895a?s=96&d=mm&r=g","contentUrl":"https:\/\/secure.gravatar.com\/avatar\/758aec5659ec6e8ada660b4c49f539cacd73130470e925941e3e9a1df5b5895a?s=96&d=mm&r=g","caption":"Alejandro Albornoz"},"url":"https:\/\/asociacionparquecordillera.cl\/en\/author\/alejandro-albornoz\/"}]}},"_links":{"self":[{"href":"https:\/\/asociacionparquecordillera.cl\/en\/wp-json\/wp\/v2\/posts\/4592","targetHints":{"allow":["GET"]}}],"collection":[{"href":"https:\/\/asociacionparquecordillera.cl\/en\/wp-json\/wp\/v2\/posts"}],"about":[{"href":"https:\/\/asociacionparquecordillera.cl\/en\/wp-json\/wp\/v2\/types\/post"}],"author":[{"embeddable":true,"href":"https:\/\/asociacionparquecordillera.cl\/en\/wp-json\/wp\/v2\/users\/8"}],"replies":[{"embeddable":true,"href":"https:\/\/asociacionparquecordillera.cl\/en\/wp-json\/wp\/v2\/comments?post=4592"}],"version-history":[{"count":1,"href":"https:\/\/asociacionparquecordillera.cl\/en\/wp-json\/wp\/v2\/posts\/4592\/revisions"}],"predecessor-version":[{"id":4595,"href":"https:\/\/asociacionparquecordillera.cl\/en\/wp-json\/wp\/v2\/posts\/4592\/revisions\/4595"}],"wp:featuredmedia":[{"embeddable":true,"href":"https:\/\/asociacionparquecordillera.cl\/en\/wp-json\/wp\/v2\/media\/5774"}],"wp:attachment":[{"href":"https:\/\/asociacionparquecordillera.cl\/en\/wp-json\/wp\/v2\/media?parent=4592"}],"wp:term":[{"taxonomy":"category","embeddable":true,"href":"https:\/\/asociacionparquecordillera.cl\/en\/wp-json\/wp\/v2\/categories?post=4592"},{"taxonomy":"post_tag","embeddable":true,"href":"https:\/\/asociacionparquecordillera.cl\/en\/wp-json\/wp\/v2\/tags?post=4592"},{"taxonomy":"slider-category","embeddable":true,"href":"https:\/\/asociacionparquecordillera.cl\/en\/wp-json\/wp\/v2\/slider-category?post=4592"}],"curies":[{"name":"wp","href":"https:\/\/api.w.org\/{rel}","templated":true}]}}