{"id":4596,"date":"2024-09-30T15:50:47","date_gmt":"2024-09-30T18:50:47","guid":{"rendered":"https:\/\/asociacionparquecordillera.cl\/?p=4596"},"modified":"2025-06-17T14:12:23","modified_gmt":"2025-06-17T18:12:23","slug":"dia-nacional-del-guardaparque-protagonista-fundamental-de-parque-cordillera","status":"publish","type":"post","link":"https:\/\/asociacionparquecordillera.cl\/en\/dia-nacional-del-guardaparque-protagonista-fundamental-de-parque-cordillera\/","title":{"rendered":"D\u00eda Nacional del Guardaparque: Protagonista fundamental de Parque Cordillera"},"content":{"rendered":"<p><span style=\"font-weight: 400;\">Cada 30 de septiembre, Chile celebra el <\/span><b>D\u00eda Nacional del Guardaparque<\/b><span style=\"font-weight: 400;\">, una fecha dedicada a reconocer y honrar la invaluable labor de quienes protegen y conservan nuestras \u00e1reas naturales. En la red de parques de Parque Cordillera, los guardaparques desempe\u00f1an un rol fundamental en el mantenimiento de estos espacios y en la experiencia de miles de visitantes que disfrutan de la belleza de la cordillera metropolitana.<\/span><\/p>\n<p><span style=\"font-weight: 400;\">Los guardaparques no solo custodian los recursos naturales, sino que tambi\u00e9n son un enlace vital entre las personas y la naturaleza, brindando seguridad, informaci\u00f3n y educaci\u00f3n ambiental. A continuaci\u00f3n, exploramos algunas de las labores m\u00e1s importantes que realizan en Parque Cordillera.<\/span><\/p>\n<p>&nbsp;<\/p>\n<ol>\n<li><b> Atenci\u00f3n y entrega de informaci\u00f3n a los visitantes<\/b><\/li>\n<\/ol>\n<p><span style=\"font-weight: 400;\">Los guardaparques son el primer punto de contacto para quienes visitan los parques. Su conocimiento detallado del terreno, la flora, fauna y las condiciones de los senderos permite que orienten a los excursionistas y visitantes, asegur\u00e1ndose de que todos disfruten de una experiencia segura. Adem\u00e1s de indicar los mejores recorridos seg\u00fan el nivel de dificultad, tambi\u00e9n informan sobre las normativas del parque, recordando a los visitantes la importancia de respetar el entorno y minimizar su impacto ambiental.<\/span><\/p>\n<p>&nbsp;<\/p>\n<ol start=\"2\">\n<li><b> Mantenimiento y conservaci\u00f3n de los senderos<\/b><\/li>\n<\/ol>\n<p><span style=\"font-weight: 400;\">El mantenimiento de los senderos es una tarea que requiere constancia y dedicaci\u00f3n. Los guardaparques se aseguran de que las rutas de acceso est\u00e9n en \u00f3ptimas condiciones, libres de escombros y obst\u00e1culos que puedan representar un riesgo para los excursionistas. Tambi\u00e9n son responsables de la limpieza, recogiendo basura y controlando que los visitantes respeten las normas de no dejar residuos, contribuyendo a la preservaci\u00f3n de los espacios naturales para futuras generaciones.<\/span><\/p>\n<p>&nbsp;<\/p>\n<ol start=\"3\">\n<li><b> Rescate y Asistencia en emergencias<\/b><\/li>\n<\/ol>\n<p><span style=\"font-weight: 400;\">El terreno monta\u00f1oso y a veces inh\u00f3spito de nuestros parques presenta desaf\u00edos para algunos visitantes, y los guardaparques est\u00e1n entrenados para responder a emergencias. Ya sea que un excursionista sufra una lesi\u00f3n, se desoriente en la ruta o se enfrente a condiciones clim\u00e1ticas adversas, los guardaparques est\u00e1n preparados para realizar rescate y primeros auxilios, garantizando que todos puedan regresar a casa de manera segura. Su conocimiento de cada rinc\u00f3n del parque es clave en situaciones de b\u00fasqueda y rescate.<\/span><\/p>\n<p>&nbsp;<\/p>\n<ol start=\"4\">\n<li><b> Monitoreo de los parques<\/b><\/li>\n<\/ol>\n<p><span style=\"font-weight: 400;\">El monitoreo constante es esencial para la conservaci\u00f3n de los parques y su biodiversidad. Los guardaparques recorren peri\u00f3dicamente las \u00e1reas para identificar cambios en el entorno, la flora y fauna, as\u00ed como posibles riesgos como incendios forestales, la erosi\u00f3n del terreno o la presencia de especies invasoras. Su vigilancia es crucial para detectar problemas a tiempo y actuar antes de que afecten gravemente el ecosistema.<\/span><\/p>\n<p>&nbsp;<\/p>\n<ol start=\"5\">\n<li><b> Educaci\u00f3n ambiental<\/b><\/li>\n<\/ol>\n<p><span style=\"font-weight: 400;\">Uno de los roles m\u00e1s importantes que desempe\u00f1an los guardaparques es la educaci\u00f3n ambiental. A trav\u00e9s de talleres, charlas y recorridos guiados, ense\u00f1an a los visitantes sobre la importancia de la conservaci\u00f3n de la biodiversidad, el respeto por la naturaleza y las pr\u00e1cticas sostenibles que todos podemos adoptar. Al interactuar directamente con el p\u00fablico, fomentan una mayor conciencia ambiental y ayudan a crear una cultura de respeto hacia la naturaleza.<\/span><\/p>\n<p>&nbsp;<\/p>\n<p><b>La importancia de su labor en Parque Cordillera<\/b><\/p>\n<p><span style=\"font-weight: 400;\">Los parques que forman parte de nuestra red, son espacios de gran valor ecol\u00f3gico, recreativo y cultural. El trabajo de los guardaparques asegura que estos lugares se mantengan en equilibrio, permitiendo que las generaciones futuras puedan disfrutar de su belleza natural. Gracias a su dedicaci\u00f3n y compromiso, las \u00e1reas protegidas son espacios donde la flora y fauna nativa pueden prosperar, y las personas pueden conectarse con la naturaleza de manera respetuosa y segura.<\/span><\/p>\n<p><span style=\"font-weight: 400;\">Un homenaje a los guardianes de nuestra naturaleza, quienes a menudo de manera silenciosa y sacrificada, protegen los parques y \u00e1reas naturales del pa\u00eds. Su labor va m\u00e1s all\u00e1 de lo visible: son los guardianes del equilibrio entre la naturaleza y las personas, y sin ellos, la conservaci\u00f3n de estos valiosos ecosistemas ser\u00eda imposible.<\/span><\/p>\n<p><span style=\"font-weight: 400;\">Si visitas alguno de los parques, recuerda que detr\u00e1s de cada sendero limpio, cada rescate exitoso y cada experiencia educativa, hay un guardaparque trabajando incansablemente y su labor normalmente queda en el anonimato \u00a1Gracias por su esfuerzo y dedicaci\u00f3n!<\/span><\/p>","protected":false},"excerpt":{"rendered":"<p>Cada 30 de septiembre, Chile celebra el D\u00eda Nacional del Guardaparque, una fecha dedicada a reconocer y honrar la invaluable labor de quienes protegen y conservan nuestras \u00e1reas naturales. En la red de parques de Parque Cordillera, los guardaparques desempe\u00f1an un rol fundamental en el mantenimiento de estos espacios y en la experiencia de miles [&hellip;]<\/p>","protected":false},"author":8,"featured_media":5466,"comment_status":"closed","ping_status":"closed","sticky":false,"template":"","format":"standard","meta":{"site-sidebar-layout":"default","site-content-layout":"","ast-site-content-layout":"default","site-content-style":"default","site-sidebar-style":"default","ast-global-header-display":"","ast-banner-title-visibility":"","ast-main-header-display":"","ast-hfb-above-header-display":"","ast-hfb-below-header-display":"","ast-hfb-mobile-header-display":"","site-post-title":"","ast-breadcrumbs-content":"","ast-featured-img":"","footer-sml-layout":"","theme-transparent-header-meta":"default","adv-header-id-meta":"","stick-header-meta":"default","header-above-stick-meta":"","header-main-stick-meta":"","header-below-stick-meta":"","astra-migrate-meta-layouts":"set","ast-page-background-enabled":"default","ast-page-background-meta":{"desktop":{"background-color":"var(--ast-global-color-4)","background-image":"","background-repeat":"repeat","background-position":"center center","background-size":"auto","background-attachment":"scroll","background-type":"","background-media":"","overlay-type":"","overlay-color":"","overlay-opacity":"","overlay-gradient":""},"tablet":{"background-color":"","background-image":"","background-repeat":"repeat","background-position":"center center","background-size":"auto","background-attachment":"scroll","background-type":"","background-media":"","overlay-type":"","overlay-color":"","overlay-opacity":"","overlay-gradient":""},"mobile":{"background-color":"","background-image":"","background-repeat":"repeat","background-position":"center center","background-size":"auto","background-attachment":"scroll","background-type":"","background-media":"","overlay-type":"","overlay-color":"","overlay-opacity":"","overlay-gradient":""}},"ast-content-background-meta":{"desktop":{"background-color":"var(--ast-global-color-5)","background-image":"","background-repeat":"repeat","background-position":"center center","background-size":"auto","background-attachment":"scroll","background-type":"","background-media":"","overlay-type":"","overlay-color":"","overlay-opacity":"","overlay-gradient":""},"tablet":{"background-color":"var(--ast-global-color-5)","background-image":"","background-repeat":"repeat","background-position":"center center","background-size":"auto","background-attachment":"scroll","background-type":"","background-media":"","overlay-type":"","overlay-color":"","overlay-opacity":"","overlay-gradient":""},"mobile":{"background-color":"var(--ast-global-color-5)","background-image":"","background-repeat":"repeat","background-position":"center center","background-size":"auto","background-attachment":"scroll","background-type":"","background-media":"","overlay-type":"","overlay-color":"","overlay-opacity":"","overlay-gradient":""}},"footnotes":""},"categories":[17],"tags":[],"slider-category":[],"class_list":["post-4596","post","type-post","status-publish","format-standard","has-post-thumbnail","hentry","category-comunidad"],"yoast_head":"<!-- This site is optimized with the Yoast SEO Premium plugin v22.9 (Yoast SEO v23.9) - https:\/\/yoast.com\/wordpress\/plugins\/seo\/ -->\n<title>D\u00eda Nacional del Guardaparque: Protagonista fundamental de Parque Cordillera - Asociaci\u00f3n Parque Cordillera - Parques Regi\u00f3n Metropolitana<\/title>\n<meta name=\"description\" content=\"Cada 30 de septiembre, Chile celebra el D\u00eda Nacional del Guardaparque, una fecha dedicada a reconocer y honrar la invaluable labor de quienes protegen y\" \/>\n<meta name=\"robots\" content=\"index, follow, max-snippet:-1, max-image-preview:large, max-video-preview:-1\" \/>\n<link rel=\"canonical\" href=\"https:\/\/asociacionparquecordillera.cl\/en\/dia-nacional-del-guardaparque-protagonista-fundamental-de-parque-cordillera\/\" \/>\n<meta property=\"og:locale\" content=\"en_US\" \/>\n<meta property=\"og:type\" content=\"article\" \/>\n<meta property=\"og:title\" content=\"D\u00eda Nacional del Guardaparque: Protagonista fundamental de Parque Cordillera\" \/>\n<meta property=\"og:description\" content=\"Cada 30 de septiembre, Chile celebra el D\u00eda Nacional del Guardaparque, una fecha dedicada a reconocer y honrar la invaluable labor de quienes protegen y\" \/>\n<meta property=\"og:url\" content=\"https:\/\/asociacionparquecordillera.cl\/en\/dia-nacional-del-guardaparque-protagonista-fundamental-de-parque-cordillera\/\" \/>\n<meta property=\"og:site_name\" content=\"Asociaci\u00f3n Parque Cordillera - Parques Regi\u00f3n Metropolitana\" \/>\n<meta property=\"article:published_time\" content=\"2024-09-30T18:50:47+00:00\" \/>\n<meta property=\"article:modified_time\" content=\"2025-06-17T18:12:23+00:00\" \/>\n<meta property=\"og:image\" content=\"https:\/\/asociacionparquecordillera.cl\/wp-content\/uploads\/2024\/09\/Equipos-de-Guardaparques-de-Parque-Cordillera.png\" \/>\n\t<meta property=\"og:image:width\" content=\"597\" \/>\n\t<meta property=\"og:image:height\" content=\"596\" \/>\n\t<meta property=\"og:image:type\" content=\"image\/png\" \/>\n<meta name=\"author\" content=\"Alejandro Albornoz\" \/>\n<meta name=\"twitter:card\" content=\"summary_large_image\" \/>\n<meta name=\"twitter:label1\" content=\"Written by\" \/>\n\t<meta name=\"twitter:data1\" content=\"Alejandro Albornoz\" \/>\n\t<meta name=\"twitter:label2\" content=\"Est. reading time\" \/>\n\t<meta name=\"twitter:data2\" content=\"4 minutes\" \/>\n<script type=\"application\/ld+json\" class=\"yoast-schema-graph\">{\"@context\":\"https:\/\/schema.org\",\"@graph\":[{\"@type\":\"Article\",\"@id\":\"https:\/\/asociacionparquecordillera.cl\/dia-nacional-del-guardaparque-protagonista-fundamental-de-parque-cordillera\/#article\",\"isPartOf\":{\"@id\":\"https:\/\/asociacionparquecordillera.cl\/dia-nacional-del-guardaparque-protagonista-fundamental-de-parque-cordillera\/\"},\"author\":{\"name\":\"Alejandro Albornoz\",\"@id\":\"https:\/\/asociacionparquecordillera.cl\/#\/schema\/person\/2640f49b096aa0717d1150f9708ee6b9\"},\"headline\":\"D\u00eda Nacional del Guardaparque: Protagonista fundamental de Parque Cordillera\",\"datePublished\":\"2024-09-30T18:50:47+00:00\",\"dateModified\":\"2025-06-17T18:12:23+00:00\",\"mainEntityOfPage\":{\"@id\":\"https:\/\/asociacionparquecordillera.cl\/dia-nacional-del-guardaparque-protagonista-fundamental-de-parque-cordillera\/\"},\"wordCount\":731,\"publisher\":{\"@id\":\"https:\/\/asociacionparquecordillera.cl\/#organization\"},\"image\":{\"@id\":\"https:\/\/asociacionparquecordillera.cl\/dia-nacional-del-guardaparque-protagonista-fundamental-de-parque-cordillera\/#primaryimage\"},\"thumbnailUrl\":\"https:\/\/asociacionparquecordillera.cl\/wp-content\/uploads\/2024\/09\/Equipos-de-Guardaparques-de-Parque-Cordillera.png\",\"articleSection\":[\"Comunidad\"],\"inLanguage\":\"en-US\"},{\"@type\":\"WebPage\",\"@id\":\"https:\/\/asociacionparquecordillera.cl\/dia-nacional-del-guardaparque-protagonista-fundamental-de-parque-cordillera\/\",\"url\":\"https:\/\/asociacionparquecordillera.cl\/dia-nacional-del-guardaparque-protagonista-fundamental-de-parque-cordillera\/\",\"name\":\"D\u00eda Nacional del Guardaparque: Protagonista fundamental de Parque Cordillera - Asociaci\u00f3n Parque Cordillera - Parques Regi\u00f3n Metropolitana\",\"isPartOf\":{\"@id\":\"https:\/\/asociacionparquecordillera.cl\/#website\"},\"primaryImageOfPage\":{\"@id\":\"https:\/\/asociacionparquecordillera.cl\/dia-nacional-del-guardaparque-protagonista-fundamental-de-parque-cordillera\/#primaryimage\"},\"image\":{\"@id\":\"https:\/\/asociacionparquecordillera.cl\/dia-nacional-del-guardaparque-protagonista-fundamental-de-parque-cordillera\/#primaryimage\"},\"thumbnailUrl\":\"https:\/\/asociacionparquecordillera.cl\/wp-content\/uploads\/2024\/09\/Equipos-de-Guardaparques-de-Parque-Cordillera.png\",\"datePublished\":\"2024-09-30T18:50:47+00:00\",\"dateModified\":\"2025-06-17T18:12:23+00:00\",\"description\":\"Cada 30 de septiembre, Chile celebra el D\u00eda Nacional del Guardaparque, una fecha dedicada a reconocer y honrar la invaluable labor de quienes protegen y\",\"breadcrumb\":{\"@id\":\"https:\/\/asociacionparquecordillera.cl\/dia-nacional-del-guardaparque-protagonista-fundamental-de-parque-cordillera\/#breadcrumb\"},\"inLanguage\":\"en-US\",\"potentialAction\":[{\"@type\":\"ReadAction\",\"target\":[\"https:\/\/asociacionparquecordillera.cl\/dia-nacional-del-guardaparque-protagonista-fundamental-de-parque-cordillera\/\"]}]},{\"@type\":\"ImageObject\",\"inLanguage\":\"en-US\",\"@id\":\"https:\/\/asociacionparquecordillera.cl\/dia-nacional-del-guardaparque-protagonista-fundamental-de-parque-cordillera\/#primaryimage\",\"url\":\"https:\/\/asociacionparquecordillera.cl\/wp-content\/uploads\/2024\/09\/Equipos-de-Guardaparques-de-Parque-Cordillera.png\",\"contentUrl\":\"https:\/\/asociacionparquecordillera.cl\/wp-content\/uploads\/2024\/09\/Equipos-de-Guardaparques-de-Parque-Cordillera.png\",\"width\":597,\"height\":596,\"caption\":\"Grupo de guardaparques de parque cordillera\"},{\"@type\":\"BreadcrumbList\",\"@id\":\"https:\/\/asociacionparquecordillera.cl\/dia-nacional-del-guardaparque-protagonista-fundamental-de-parque-cordillera\/#breadcrumb\",\"itemListElement\":[{\"@type\":\"ListItem\",\"position\":1,\"name\":\"Home\",\"item\":\"https:\/\/asociacionparquecordillera.cl\/\"},{\"@type\":\"ListItem\",\"position\":2,\"name\":\"D\u00eda Nacional del Guardaparque: Protagonista fundamental de Parque Cordillera\"}]},{\"@type\":\"WebSite\",\"@id\":\"https:\/\/asociacionparquecordillera.cl\/#website\",\"url\":\"https:\/\/asociacionparquecordillera.cl\/\",\"name\":\"Asociaci\u00f3n Parque Cordillera - Parques Regi\u00f3n Metropolitana\",\"description\":\"Asociaci\u00f3n Parque Cordillera promueve la conservaci\u00f3n de la precordillera de Santiago mediante la administraci\u00f3n de parques naturales y el fomento de la educaci\u00f3n ambiental y el turismo sustentable.\",\"publisher\":{\"@id\":\"https:\/\/asociacionparquecordillera.cl\/#organization\"},\"alternateName\":\"Parque Cordillera\",\"potentialAction\":[{\"@type\":\"SearchAction\",\"target\":{\"@type\":\"EntryPoint\",\"urlTemplate\":\"https:\/\/asociacionparquecordillera.cl\/?s={search_term_string}\"},\"query-input\":{\"@type\":\"PropertyValueSpecification\",\"valueRequired\":true,\"valueName\":\"search_term_string\"}}],\"inLanguage\":\"en-US\"},{\"@type\":\"Organization\",\"@id\":\"https:\/\/asociacionparquecordillera.cl\/#organization\",\"name\":\"Asociaci\u00f3n Parque Cordillera - Parques Regi\u00f3n Metropolitana\",\"alternateName\":\"Parque Cordillera\",\"url\":\"https:\/\/asociacionparquecordillera.cl\/\",\"logo\":{\"@type\":\"ImageObject\",\"inLanguage\":\"en-US\",\"@id\":\"https:\/\/asociacionparquecordillera.cl\/#\/schema\/logo\/image\/\",\"url\":\"https:\/\/asociacionparquecordillera.cl\/wp-content\/uploads\/2023\/01\/logo-apc-white-2.svg\",\"contentUrl\":\"https:\/\/asociacionparquecordillera.cl\/wp-content\/uploads\/2023\/01\/logo-apc-white-2.svg\",\"width\":240.789999999999992041921359486877918243408203125,\"height\":80.969999999999998863131622783839702606201171875,\"caption\":\"Asociaci\u00f3n Parque Cordillera - Parques Regi\u00f3n Metropolitana\"},\"image\":{\"@id\":\"https:\/\/asociacionparquecordillera.cl\/#\/schema\/logo\/image\/\"}},{\"@type\":\"Person\",\"@id\":\"https:\/\/asociacionparquecordillera.cl\/#\/schema\/person\/2640f49b096aa0717d1150f9708ee6b9\",\"name\":\"Alejandro Albornoz\",\"image\":{\"@type\":\"ImageObject\",\"inLanguage\":\"en-US\",\"@id\":\"https:\/\/asociacionparquecordillera.cl\/#\/schema\/person\/image\/\",\"url\":\"https:\/\/secure.gravatar.com\/avatar\/758aec5659ec6e8ada660b4c49f539cacd73130470e925941e3e9a1df5b5895a?s=96&d=mm&r=g\",\"contentUrl\":\"https:\/\/secure.gravatar.com\/avatar\/758aec5659ec6e8ada660b4c49f539cacd73130470e925941e3e9a1df5b5895a?s=96&d=mm&r=g\",\"caption\":\"Alejandro Albornoz\"},\"url\":\"https:\/\/asociacionparquecordillera.cl\/en\/author\/alejandro-albornoz\/\"}]}<\/script>\n<!-- \/ Yoast SEO Premium plugin. -->","yoast_head_json":{"title":"D\u00eda Nacional del Guardaparque: Protagonista fundamental de Parque Cordillera - Asociaci\u00f3n Parque Cordillera - Parques Regi\u00f3n Metropolitana","description":"Cada 30 de septiembre, Chile celebra el D\u00eda Nacional del Guardaparque, una fecha dedicada a reconocer y honrar la invaluable labor de quienes protegen y","robots":{"index":"index","follow":"follow","max-snippet":"max-snippet:-1","max-image-preview":"max-image-preview:large","max-video-preview":"max-video-preview:-1"},"canonical":"https:\/\/asociacionparquecordillera.cl\/en\/dia-nacional-del-guardaparque-protagonista-fundamental-de-parque-cordillera\/","og_locale":"en_US","og_type":"article","og_title":"D\u00eda Nacional del Guardaparque: Protagonista fundamental de Parque Cordillera","og_description":"Cada 30 de septiembre, Chile celebra el D\u00eda Nacional del Guardaparque, una fecha dedicada a reconocer y honrar la invaluable labor de quienes protegen y","og_url":"https:\/\/asociacionparquecordillera.cl\/en\/dia-nacional-del-guardaparque-protagonista-fundamental-de-parque-cordillera\/","og_site_name":"Asociaci\u00f3n Parque Cordillera - Parques Regi\u00f3n Metropolitana","article_published_time":"2024-09-30T18:50:47+00:00","article_modified_time":"2025-06-17T18:12:23+00:00","og_image":[{"width":597,"height":596,"url":"https:\/\/asociacionparquecordillera.cl\/wp-content\/uploads\/2024\/09\/Equipos-de-Guardaparques-de-Parque-Cordillera.png","type":"image\/png"}],"author":"Alejandro Albornoz","twitter_card":"summary_large_image","twitter_misc":{"Written by":"Alejandro Albornoz","Est. reading time":"4 minutes"},"schema":{"@context":"https:\/\/schema.org","@graph":[{"@type":"Article","@id":"https:\/\/asociacionparquecordillera.cl\/dia-nacional-del-guardaparque-protagonista-fundamental-de-parque-cordillera\/#article","isPartOf":{"@id":"https:\/\/asociacionparquecordillera.cl\/dia-nacional-del-guardaparque-protagonista-fundamental-de-parque-cordillera\/"},"author":{"name":"Alejandro Albornoz","@id":"https:\/\/asociacionparquecordillera.cl\/#\/schema\/person\/2640f49b096aa0717d1150f9708ee6b9"},"headline":"D\u00eda Nacional del Guardaparque: Protagonista fundamental de Parque Cordillera","datePublished":"2024-09-30T18:50:47+00:00","dateModified":"2025-06-17T18:12:23+00:00","mainEntityOfPage":{"@id":"https:\/\/asociacionparquecordillera.cl\/dia-nacional-del-guardaparque-protagonista-fundamental-de-parque-cordillera\/"},"wordCount":731,"publisher":{"@id":"https:\/\/asociacionparquecordillera.cl\/#organization"},"image":{"@id":"https:\/\/asociacionparquecordillera.cl\/dia-nacional-del-guardaparque-protagonista-fundamental-de-parque-cordillera\/#primaryimage"},"thumbnailUrl":"https:\/\/asociacionparquecordillera.cl\/wp-content\/uploads\/2024\/09\/Equipos-de-Guardaparques-de-Parque-Cordillera.png","articleSection":["Comunidad"],"inLanguage":"en-US"},{"@type":"WebPage","@id":"https:\/\/asociacionparquecordillera.cl\/dia-nacional-del-guardaparque-protagonista-fundamental-de-parque-cordillera\/","url":"https:\/\/asociacionparquecordillera.cl\/dia-nacional-del-guardaparque-protagonista-fundamental-de-parque-cordillera\/","name":"D\u00eda Nacional del Guardaparque: Protagonista fundamental de Parque Cordillera - Asociaci\u00f3n Parque Cordillera - Parques Regi\u00f3n Metropolitana","isPartOf":{"@id":"https:\/\/asociacionparquecordillera.cl\/#website"},"primaryImageOfPage":{"@id":"https:\/\/asociacionparquecordillera.cl\/dia-nacional-del-guardaparque-protagonista-fundamental-de-parque-cordillera\/#primaryimage"},"image":{"@id":"https:\/\/asociacionparquecordillera.cl\/dia-nacional-del-guardaparque-protagonista-fundamental-de-parque-cordillera\/#primaryimage"},"thumbnailUrl":"https:\/\/asociacionparquecordillera.cl\/wp-content\/uploads\/2024\/09\/Equipos-de-Guardaparques-de-Parque-Cordillera.png","datePublished":"2024-09-30T18:50:47+00:00","dateModified":"2025-06-17T18:12:23+00:00","description":"Cada 30 de septiembre, Chile celebra el D\u00eda Nacional del Guardaparque, una fecha dedicada a reconocer y honrar la invaluable labor de quienes protegen y","breadcrumb":{"@id":"https:\/\/asociacionparquecordillera.cl\/dia-nacional-del-guardaparque-protagonista-fundamental-de-parque-cordillera\/#breadcrumb"},"inLanguage":"en-US","potentialAction":[{"@type":"ReadAction","target":["https:\/\/asociacionparquecordillera.cl\/dia-nacional-del-guardaparque-protagonista-fundamental-de-parque-cordillera\/"]}]},{"@type":"ImageObject","inLanguage":"en-US","@id":"https:\/\/asociacionparquecordillera.cl\/dia-nacional-del-guardaparque-protagonista-fundamental-de-parque-cordillera\/#primaryimage","url":"https:\/\/asociacionparquecordillera.cl\/wp-content\/uploads\/2024\/09\/Equipos-de-Guardaparques-de-Parque-Cordillera.png","contentUrl":"https:\/\/asociacionparquecordillera.cl\/wp-content\/uploads\/2024\/09\/Equipos-de-Guardaparques-de-Parque-Cordillera.png","width":597,"height":596,"caption":"Grupo de guardaparques de parque cordillera"},{"@type":"BreadcrumbList","@id":"https:\/\/asociacionparquecordillera.cl\/dia-nacional-del-guardaparque-protagonista-fundamental-de-parque-cordillera\/#breadcrumb","itemListElement":[{"@type":"ListItem","position":1,"name":"Home","item":"https:\/\/asociacionparquecordillera.cl\/"},{"@type":"ListItem","position":2,"name":"D\u00eda Nacional del Guardaparque: Protagonista fundamental de Parque Cordillera"}]},{"@type":"WebSite","@id":"https:\/\/asociacionparquecordillera.cl\/#website","url":"https:\/\/asociacionparquecordillera.cl\/","name":"Asociaci\u00f3n Parque Cordillera - Parques Regi\u00f3n Metropolitana","description":"Asociaci\u00f3n Parque Cordillera promueve la conservaci\u00f3n de la precordillera de Santiago mediante la administraci\u00f3n de parques naturales y el fomento de la educaci\u00f3n ambiental y el turismo sustentable.","publisher":{"@id":"https:\/\/asociacionparquecordillera.cl\/#organization"},"alternateName":"Parque Cordillera","potentialAction":[{"@type":"SearchAction","target":{"@type":"EntryPoint","urlTemplate":"https:\/\/asociacionparquecordillera.cl\/?s={search_term_string}"},"query-input":{"@type":"PropertyValueSpecification","valueRequired":true,"valueName":"search_term_string"}}],"inLanguage":"en-US"},{"@type":"Organization","@id":"https:\/\/asociacionparquecordillera.cl\/#organization","name":"Asociaci\u00f3n Parque Cordillera - Parques Regi\u00f3n Metropolitana","alternateName":"Parque Cordillera","url":"https:\/\/asociacionparquecordillera.cl\/","logo":{"@type":"ImageObject","inLanguage":"en-US","@id":"https:\/\/asociacionparquecordillera.cl\/#\/schema\/logo\/image\/","url":"https:\/\/asociacionparquecordillera.cl\/wp-content\/uploads\/2023\/01\/logo-apc-white-2.svg","contentUrl":"https:\/\/asociacionparquecordillera.cl\/wp-content\/uploads\/2023\/01\/logo-apc-white-2.svg","width":240.789999999999992041921359486877918243408203125,"height":80.969999999999998863131622783839702606201171875,"caption":"Asociaci\u00f3n Parque Cordillera - Parques Regi\u00f3n Metropolitana"},"image":{"@id":"https:\/\/asociacionparquecordillera.cl\/#\/schema\/logo\/image\/"}},{"@type":"Person","@id":"https:\/\/asociacionparquecordillera.cl\/#\/schema\/person\/2640f49b096aa0717d1150f9708ee6b9","name":"Alejandro Albornoz","image":{"@type":"ImageObject","inLanguage":"en-US","@id":"https:\/\/asociacionparquecordillera.cl\/#\/schema\/person\/image\/","url":"https:\/\/secure.gravatar.com\/avatar\/758aec5659ec6e8ada660b4c49f539cacd73130470e925941e3e9a1df5b5895a?s=96&d=mm&r=g","contentUrl":"https:\/\/secure.gravatar.com\/avatar\/758aec5659ec6e8ada660b4c49f539cacd73130470e925941e3e9a1df5b5895a?s=96&d=mm&r=g","caption":"Alejandro Albornoz"},"url":"https:\/\/asociacionparquecordillera.cl\/en\/author\/alejandro-albornoz\/"}]}},"_links":{"self":[{"href":"https:\/\/asociacionparquecordillera.cl\/en\/wp-json\/wp\/v2\/posts\/4596","targetHints":{"allow":["GET"]}}],"collection":[{"href":"https:\/\/asociacionparquecordillera.cl\/en\/wp-json\/wp\/v2\/posts"}],"about":[{"href":"https:\/\/asociacionparquecordillera.cl\/en\/wp-json\/wp\/v2\/types\/post"}],"author":[{"embeddable":true,"href":"https:\/\/asociacionparquecordillera.cl\/en\/wp-json\/wp\/v2\/users\/8"}],"replies":[{"embeddable":true,"href":"https:\/\/asociacionparquecordillera.cl\/en\/wp-json\/wp\/v2\/comments?post=4596"}],"version-history":[{"count":1,"href":"https:\/\/asociacionparquecordillera.cl\/en\/wp-json\/wp\/v2\/posts\/4596\/revisions"}],"predecessor-version":[{"id":4598,"href":"https:\/\/asociacionparquecordillera.cl\/en\/wp-json\/wp\/v2\/posts\/4596\/revisions\/4598"}],"wp:featuredmedia":[{"embeddable":true,"href":"https:\/\/asociacionparquecordillera.cl\/en\/wp-json\/wp\/v2\/media\/5466"}],"wp:attachment":[{"href":"https:\/\/asociacionparquecordillera.cl\/en\/wp-json\/wp\/v2\/media?parent=4596"}],"wp:term":[{"taxonomy":"category","embeddable":true,"href":"https:\/\/asociacionparquecordillera.cl\/en\/wp-json\/wp\/v2\/categories?post=4596"},{"taxonomy":"post_tag","embeddable":true,"href":"https:\/\/asociacionparquecordillera.cl\/en\/wp-json\/wp\/v2\/tags?post=4596"},{"taxonomy":"slider-category","embeddable":true,"href":"https:\/\/asociacionparquecordillera.cl\/en\/wp-json\/wp\/v2\/slider-category?post=4596"}],"curies":[{"name":"wp","href":"https:\/\/api.w.org\/{rel}","templated":true}]}}