{"id":4619,"date":"2024-10-23T10:32:33","date_gmt":"2024-10-23T13:32:33","guid":{"rendered":"https:\/\/asociacionparquecordillera.cl\/?p=4619"},"modified":"2025-06-17T14:41:15","modified_gmt":"2025-06-17T18:41:15","slug":"celebrando-31-anos-de-conservacion-de-la-naturaleza-asociacion-parque-cordillera","status":"publish","type":"post","link":"https:\/\/asociacionparquecordillera.cl\/en\/celebrando-31-anos-de-conservacion-de-la-naturaleza-asociacion-parque-cordillera\/","title":{"rendered":"Celebrando 31 A\u00f1os de Conservaci\u00f3n de la Naturaleza: Asociaci\u00f3n Parque Cordillera"},"content":{"rendered":"<p><span style=\"font-weight: 400;\">En el marco del D\u00eda de la Protecci\u00f3n de la Naturaleza, que se celebr\u00f3 el pasado 18 de octubre, destacamos con orgullo el rol de la Asociaci\u00f3n Parque Cordillera en la preservaci\u00f3n de los recursos naturales de la Regi\u00f3n Metropolitana de Chile. Nuestra organizaci\u00f3n sin fines de lucro, creada hace 31 a\u00f1os, re\u00fane a siete municipios que trabajan incansablemente para conservar la rica biodiversidad de la cordillera.<\/span><\/p>\n<p><span style=\"font-weight: 400;\">Con m\u00e1s de 18.000 hect\u00e1reas bajo gesti\u00f3n, Asociaci\u00f3n Parque Cordillera protege ecosistemas vitales a trav\u00e9s de su red de parques, entre los que se incluyen Aguas de Ram\u00f3n, San Carlos de Apoquindo, La Plaza, Cerro del Medio, Bulnes Correa, Santa Elena, \u00d1ilhue, Las Hualtatas, Parque Cantalao y el recientemente inaugurado Parque El Yeso &#8211; Laguna Negra.\u00a0<\/span><\/p>\n<p><span style=\"font-weight: 400;\">Hoy contamos con m\u00e1s de 230 km de senderos, m\u00e1s de 10 parques naturales donde recibimos cerca de 250 mil visitas al a\u00f1o. Nuestros parques est\u00e1n abiertos a quienes quieran disfrutar y respetar la naturaleza y el medioambiente, as\u00ed como tambi\u00e9n desde la asociaci\u00f3n fomentamos el deporte a trav\u00e9s de actividades de senderismo para ni\u00f1os, j\u00f3venes y adultos mes a mes.\u00a0<\/span><\/p>\n<p><span style=\"font-weight: 400;\">Nuestra misi\u00f3n sigue siendo fomentar la educaci\u00f3n ambiental y la recreaci\u00f3n sostenible, garantizando un legado natural duradero para las generaciones futuras.<\/span><\/p>\n<p><span style=\"font-weight: 400;\">Explora m\u00e1s sobre nuestra historia, la red de parques y las actividades que tenemos para t\u00ed en nuestras redes sociales y <\/span><a href=\"http:\/\/www.parquecordillera.cl\"><span style=\"font-weight: 400;\">www.parquecordillera.cl<\/span><\/a><span style=\"font-weight: 400;\">\u00a0<\/span><\/p>","protected":false},"excerpt":{"rendered":"<p>En el marco del D\u00eda de la Protecci\u00f3n de la Naturaleza, que se celebr\u00f3 el pasado 18 de octubre, destacamos con orgullo el rol de la Asociaci\u00f3n Parque Cordillera en la preservaci\u00f3n de los recursos naturales de la Regi\u00f3n Metropolitana de Chile. Nuestra organizaci\u00f3n sin fines de lucro, creada hace 31 a\u00f1os, re\u00fane a siete [&hellip;]<\/p>","protected":false},"author":8,"featured_media":5483,"comment_status":"closed","ping_status":"closed","sticky":false,"template":"","format":"standard","meta":{"site-sidebar-layout":"default","site-content-layout":"","ast-site-content-layout":"default","site-content-style":"default","site-sidebar-style":"default","ast-global-header-display":"","ast-banner-title-visibility":"","ast-main-header-display":"","ast-hfb-above-header-display":"","ast-hfb-below-header-display":"","ast-hfb-mobile-header-display":"","site-post-title":"","ast-breadcrumbs-content":"","ast-featured-img":"","footer-sml-layout":"","theme-transparent-header-meta":"default","adv-header-id-meta":"","stick-header-meta":"default","header-above-stick-meta":"","header-main-stick-meta":"","header-below-stick-meta":"","astra-migrate-meta-layouts":"set","ast-page-background-enabled":"default","ast-page-background-meta":{"desktop":{"background-color":"var(--ast-global-color-4)","background-image":"","background-repeat":"repeat","background-position":"center center","background-size":"auto","background-attachment":"scroll","background-type":"","background-media":"","overlay-type":"","overlay-color":"","overlay-opacity":"","overlay-gradient":""},"tablet":{"background-color":"","background-image":"","background-repeat":"repeat","background-position":"center center","background-size":"auto","background-attachment":"scroll","background-type":"","background-media":"","overlay-type":"","overlay-color":"","overlay-opacity":"","overlay-gradient":""},"mobile":{"background-color":"","background-image":"","background-repeat":"repeat","background-position":"center center","background-size":"auto","background-attachment":"scroll","background-type":"","background-media":"","overlay-type":"","overlay-color":"","overlay-opacity":"","overlay-gradient":""}},"ast-content-background-meta":{"desktop":{"background-color":"var(--ast-global-color-5)","background-image":"","background-repeat":"repeat","background-position":"center center","background-size":"auto","background-attachment":"scroll","background-type":"","background-media":"","overlay-type":"","overlay-color":"","overlay-opacity":"","overlay-gradient":""},"tablet":{"background-color":"var(--ast-global-color-5)","background-image":"","background-repeat":"repeat","background-position":"center center","background-size":"auto","background-attachment":"scroll","background-type":"","background-media":"","overlay-type":"","overlay-color":"","overlay-opacity":"","overlay-gradient":""},"mobile":{"background-color":"var(--ast-global-color-5)","background-image":"","background-repeat":"repeat","background-position":"center center","background-size":"auto","background-attachment":"scroll","background-type":"","background-media":"","overlay-type":"","overlay-color":"","overlay-opacity":"","overlay-gradient":""}},"footnotes":""},"categories":[23],"tags":[],"slider-category":[],"class_list":["post-4619","post","type-post","status-publish","format-standard","has-post-thumbnail","hentry","category-educacion-ambiental"],"yoast_head":"<!-- This site is optimized with the Yoast SEO Premium plugin v22.9 (Yoast SEO v23.9) - https:\/\/yoast.com\/wordpress\/plugins\/seo\/ -->\n<title>Celebrando 31 A\u00f1os de Conservaci\u00f3n de la Naturaleza: Asociaci\u00f3n Parque Cordillera - Asociaci\u00f3n Parque Cordillera - Parques Regi\u00f3n Metropolitana<\/title>\n<meta name=\"description\" content=\"En el marco del D\u00eda de la Protecci\u00f3n de la Naturaleza, que se celebr\u00f3 el pasado 18 de octubre, destacamos con orgullo el rol de la Asociaci\u00f3n Parque\" \/>\n<meta name=\"robots\" content=\"index, follow, max-snippet:-1, max-image-preview:large, max-video-preview:-1\" \/>\n<link rel=\"canonical\" href=\"https:\/\/asociacionparquecordillera.cl\/en\/celebrando-31-anos-de-conservacion-de-la-naturaleza-asociacion-parque-cordillera\/\" \/>\n<meta property=\"og:locale\" content=\"en_US\" \/>\n<meta property=\"og:type\" content=\"article\" \/>\n<meta property=\"og:title\" content=\"Celebrando 31 A\u00f1os de Conservaci\u00f3n de la Naturaleza: Asociaci\u00f3n Parque Cordillera\" \/>\n<meta property=\"og:description\" content=\"En el marco del D\u00eda de la Protecci\u00f3n de la Naturaleza, que se celebr\u00f3 el pasado 18 de octubre, destacamos con orgullo el rol de la Asociaci\u00f3n Parque\" \/>\n<meta property=\"og:url\" content=\"https:\/\/asociacionparquecordillera.cl\/en\/celebrando-31-anos-de-conservacion-de-la-naturaleza-asociacion-parque-cordillera\/\" \/>\n<meta property=\"og:site_name\" content=\"Asociaci\u00f3n Parque Cordillera - Parques Regi\u00f3n Metropolitana\" \/>\n<meta property=\"article:published_time\" content=\"2024-10-23T13:32:33+00:00\" \/>\n<meta property=\"article:modified_time\" content=\"2025-06-17T18:41:15+00:00\" \/>\n<meta property=\"og:image\" content=\"https:\/\/asociacionparquecordillera.cl\/wp-content\/uploads\/2024\/10\/31-anos-de-conservacion-de-la-naturaleza-de-Parque-Cordillera.png\" \/>\n\t<meta property=\"og:image:width\" content=\"594\" \/>\n\t<meta property=\"og:image:height\" content=\"272\" \/>\n\t<meta property=\"og:image:type\" content=\"image\/png\" \/>\n<meta name=\"author\" content=\"Alejandro Albornoz\" \/>\n<meta name=\"twitter:card\" content=\"summary_large_image\" \/>\n<meta name=\"twitter:label1\" content=\"Written by\" \/>\n\t<meta name=\"twitter:data1\" content=\"Alejandro Albornoz\" \/>\n\t<meta name=\"twitter:label2\" content=\"Est. reading time\" \/>\n\t<meta name=\"twitter:data2\" content=\"2 minutes\" \/>\n<script type=\"application\/ld+json\" class=\"yoast-schema-graph\">{\"@context\":\"https:\/\/schema.org\",\"@graph\":[{\"@type\":\"Article\",\"@id\":\"https:\/\/asociacionparquecordillera.cl\/celebrando-31-anos-de-conservacion-de-la-naturaleza-asociacion-parque-cordillera\/#article\",\"isPartOf\":{\"@id\":\"https:\/\/asociacionparquecordillera.cl\/celebrando-31-anos-de-conservacion-de-la-naturaleza-asociacion-parque-cordillera\/\"},\"author\":{\"name\":\"Alejandro Albornoz\",\"@id\":\"https:\/\/asociacionparquecordillera.cl\/#\/schema\/person\/2640f49b096aa0717d1150f9708ee6b9\"},\"headline\":\"Celebrando 31 A\u00f1os de Conservaci\u00f3n de la Naturaleza: Asociaci\u00f3n Parque Cordillera\",\"datePublished\":\"2024-10-23T13:32:33+00:00\",\"dateModified\":\"2025-06-17T18:41:15+00:00\",\"mainEntityOfPage\":{\"@id\":\"https:\/\/asociacionparquecordillera.cl\/celebrando-31-anos-de-conservacion-de-la-naturaleza-asociacion-parque-cordillera\/\"},\"wordCount\":263,\"publisher\":{\"@id\":\"https:\/\/asociacionparquecordillera.cl\/#organization\"},\"image\":{\"@id\":\"https:\/\/asociacionparquecordillera.cl\/celebrando-31-anos-de-conservacion-de-la-naturaleza-asociacion-parque-cordillera\/#primaryimage\"},\"thumbnailUrl\":\"https:\/\/asociacionparquecordillera.cl\/wp-content\/uploads\/2024\/10\/31-anos-de-conservacion-de-la-naturaleza-de-Parque-Cordillera.png\",\"articleSection\":[\"Educaci\u00f3n ambiental\"],\"inLanguage\":\"en-US\"},{\"@type\":\"WebPage\",\"@id\":\"https:\/\/asociacionparquecordillera.cl\/celebrando-31-anos-de-conservacion-de-la-naturaleza-asociacion-parque-cordillera\/\",\"url\":\"https:\/\/asociacionparquecordillera.cl\/celebrando-31-anos-de-conservacion-de-la-naturaleza-asociacion-parque-cordillera\/\",\"name\":\"Celebrando 31 A\u00f1os de Conservaci\u00f3n de la Naturaleza: Asociaci\u00f3n Parque Cordillera - Asociaci\u00f3n Parque Cordillera - Parques Regi\u00f3n Metropolitana\",\"isPartOf\":{\"@id\":\"https:\/\/asociacionparquecordillera.cl\/#website\"},\"primaryImageOfPage\":{\"@id\":\"https:\/\/asociacionparquecordillera.cl\/celebrando-31-anos-de-conservacion-de-la-naturaleza-asociacion-parque-cordillera\/#primaryimage\"},\"image\":{\"@id\":\"https:\/\/asociacionparquecordillera.cl\/celebrando-31-anos-de-conservacion-de-la-naturaleza-asociacion-parque-cordillera\/#primaryimage\"},\"thumbnailUrl\":\"https:\/\/asociacionparquecordillera.cl\/wp-content\/uploads\/2024\/10\/31-anos-de-conservacion-de-la-naturaleza-de-Parque-Cordillera.png\",\"datePublished\":\"2024-10-23T13:32:33+00:00\",\"dateModified\":\"2025-06-17T18:41:15+00:00\",\"description\":\"En el marco del D\u00eda de la Protecci\u00f3n de la Naturaleza, que se celebr\u00f3 el pasado 18 de octubre, destacamos con orgullo el rol de la Asociaci\u00f3n Parque\",\"breadcrumb\":{\"@id\":\"https:\/\/asociacionparquecordillera.cl\/celebrando-31-anos-de-conservacion-de-la-naturaleza-asociacion-parque-cordillera\/#breadcrumb\"},\"inLanguage\":\"en-US\",\"potentialAction\":[{\"@type\":\"ReadAction\",\"target\":[\"https:\/\/asociacionparquecordillera.cl\/celebrando-31-anos-de-conservacion-de-la-naturaleza-asociacion-parque-cordillera\/\"]}]},{\"@type\":\"ImageObject\",\"inLanguage\":\"en-US\",\"@id\":\"https:\/\/asociacionparquecordillera.cl\/celebrando-31-anos-de-conservacion-de-la-naturaleza-asociacion-parque-cordillera\/#primaryimage\",\"url\":\"https:\/\/asociacionparquecordillera.cl\/wp-content\/uploads\/2024\/10\/31-anos-de-conservacion-de-la-naturaleza-de-Parque-Cordillera.png\",\"contentUrl\":\"https:\/\/asociacionparquecordillera.cl\/wp-content\/uploads\/2024\/10\/31-anos-de-conservacion-de-la-naturaleza-de-Parque-Cordillera.png\",\"width\":594,\"height\":272},{\"@type\":\"BreadcrumbList\",\"@id\":\"https:\/\/asociacionparquecordillera.cl\/celebrando-31-anos-de-conservacion-de-la-naturaleza-asociacion-parque-cordillera\/#breadcrumb\",\"itemListElement\":[{\"@type\":\"ListItem\",\"position\":1,\"name\":\"Home\",\"item\":\"https:\/\/asociacionparquecordillera.cl\/\"},{\"@type\":\"ListItem\",\"position\":2,\"name\":\"Celebrando 31 A\u00f1os de Conservaci\u00f3n de la Naturaleza: Asociaci\u00f3n Parque Cordillera\"}]},{\"@type\":\"WebSite\",\"@id\":\"https:\/\/asociacionparquecordillera.cl\/#website\",\"url\":\"https:\/\/asociacionparquecordillera.cl\/\",\"name\":\"Asociaci\u00f3n Parque Cordillera - Parques Regi\u00f3n Metropolitana\",\"description\":\"Asociaci\u00f3n Parque Cordillera promueve la conservaci\u00f3n de la precordillera de Santiago mediante la administraci\u00f3n de parques naturales y el fomento de la educaci\u00f3n ambiental y el turismo sustentable.\",\"publisher\":{\"@id\":\"https:\/\/asociacionparquecordillera.cl\/#organization\"},\"alternateName\":\"Parque Cordillera\",\"potentialAction\":[{\"@type\":\"SearchAction\",\"target\":{\"@type\":\"EntryPoint\",\"urlTemplate\":\"https:\/\/asociacionparquecordillera.cl\/?s={search_term_string}\"},\"query-input\":{\"@type\":\"PropertyValueSpecification\",\"valueRequired\":true,\"valueName\":\"search_term_string\"}}],\"inLanguage\":\"en-US\"},{\"@type\":\"Organization\",\"@id\":\"https:\/\/asociacionparquecordillera.cl\/#organization\",\"name\":\"Asociaci\u00f3n Parque Cordillera - Parques Regi\u00f3n Metropolitana\",\"alternateName\":\"Parque Cordillera\",\"url\":\"https:\/\/asociacionparquecordillera.cl\/\",\"logo\":{\"@type\":\"ImageObject\",\"inLanguage\":\"en-US\",\"@id\":\"https:\/\/asociacionparquecordillera.cl\/#\/schema\/logo\/image\/\",\"url\":\"https:\/\/asociacionparquecordillera.cl\/wp-content\/uploads\/2023\/01\/logo-apc-white-2.svg\",\"contentUrl\":\"https:\/\/asociacionparquecordillera.cl\/wp-content\/uploads\/2023\/01\/logo-apc-white-2.svg\",\"width\":240.789999999999992041921359486877918243408203125,\"height\":80.969999999999998863131622783839702606201171875,\"caption\":\"Asociaci\u00f3n Parque Cordillera - Parques Regi\u00f3n Metropolitana\"},\"image\":{\"@id\":\"https:\/\/asociacionparquecordillera.cl\/#\/schema\/logo\/image\/\"}},{\"@type\":\"Person\",\"@id\":\"https:\/\/asociacionparquecordillera.cl\/#\/schema\/person\/2640f49b096aa0717d1150f9708ee6b9\",\"name\":\"Alejandro Albornoz\",\"image\":{\"@type\":\"ImageObject\",\"inLanguage\":\"en-US\",\"@id\":\"https:\/\/asociacionparquecordillera.cl\/#\/schema\/person\/image\/\",\"url\":\"https:\/\/secure.gravatar.com\/avatar\/758aec5659ec6e8ada660b4c49f539cacd73130470e925941e3e9a1df5b5895a?s=96&d=mm&r=g\",\"contentUrl\":\"https:\/\/secure.gravatar.com\/avatar\/758aec5659ec6e8ada660b4c49f539cacd73130470e925941e3e9a1df5b5895a?s=96&d=mm&r=g\",\"caption\":\"Alejandro Albornoz\"},\"url\":\"https:\/\/asociacionparquecordillera.cl\/en\/author\/alejandro-albornoz\/\"}]}<\/script>\n<!-- \/ Yoast SEO Premium plugin. -->","yoast_head_json":{"title":"Celebrando 31 A\u00f1os de Conservaci\u00f3n de la Naturaleza: Asociaci\u00f3n Parque Cordillera - Asociaci\u00f3n Parque Cordillera - Parques Regi\u00f3n Metropolitana","description":"En el marco del D\u00eda de la Protecci\u00f3n de la Naturaleza, que se celebr\u00f3 el pasado 18 de octubre, destacamos con orgullo el rol de la Asociaci\u00f3n Parque","robots":{"index":"index","follow":"follow","max-snippet":"max-snippet:-1","max-image-preview":"max-image-preview:large","max-video-preview":"max-video-preview:-1"},"canonical":"https:\/\/asociacionparquecordillera.cl\/en\/celebrando-31-anos-de-conservacion-de-la-naturaleza-asociacion-parque-cordillera\/","og_locale":"en_US","og_type":"article","og_title":"Celebrando 31 A\u00f1os de Conservaci\u00f3n de la Naturaleza: Asociaci\u00f3n Parque Cordillera","og_description":"En el marco del D\u00eda de la Protecci\u00f3n de la Naturaleza, que se celebr\u00f3 el pasado 18 de octubre, destacamos con orgullo el rol de la Asociaci\u00f3n Parque","og_url":"https:\/\/asociacionparquecordillera.cl\/en\/celebrando-31-anos-de-conservacion-de-la-naturaleza-asociacion-parque-cordillera\/","og_site_name":"Asociaci\u00f3n Parque Cordillera - Parques Regi\u00f3n Metropolitana","article_published_time":"2024-10-23T13:32:33+00:00","article_modified_time":"2025-06-17T18:41:15+00:00","og_image":[{"width":594,"height":272,"url":"https:\/\/asociacionparquecordillera.cl\/wp-content\/uploads\/2024\/10\/31-anos-de-conservacion-de-la-naturaleza-de-Parque-Cordillera.png","type":"image\/png"}],"author":"Alejandro Albornoz","twitter_card":"summary_large_image","twitter_misc":{"Written by":"Alejandro Albornoz","Est. reading time":"2 minutes"},"schema":{"@context":"https:\/\/schema.org","@graph":[{"@type":"Article","@id":"https:\/\/asociacionparquecordillera.cl\/celebrando-31-anos-de-conservacion-de-la-naturaleza-asociacion-parque-cordillera\/#article","isPartOf":{"@id":"https:\/\/asociacionparquecordillera.cl\/celebrando-31-anos-de-conservacion-de-la-naturaleza-asociacion-parque-cordillera\/"},"author":{"name":"Alejandro Albornoz","@id":"https:\/\/asociacionparquecordillera.cl\/#\/schema\/person\/2640f49b096aa0717d1150f9708ee6b9"},"headline":"Celebrando 31 A\u00f1os de Conservaci\u00f3n de la Naturaleza: Asociaci\u00f3n Parque Cordillera","datePublished":"2024-10-23T13:32:33+00:00","dateModified":"2025-06-17T18:41:15+00:00","mainEntityOfPage":{"@id":"https:\/\/asociacionparquecordillera.cl\/celebrando-31-anos-de-conservacion-de-la-naturaleza-asociacion-parque-cordillera\/"},"wordCount":263,"publisher":{"@id":"https:\/\/asociacionparquecordillera.cl\/#organization"},"image":{"@id":"https:\/\/asociacionparquecordillera.cl\/celebrando-31-anos-de-conservacion-de-la-naturaleza-asociacion-parque-cordillera\/#primaryimage"},"thumbnailUrl":"https:\/\/asociacionparquecordillera.cl\/wp-content\/uploads\/2024\/10\/31-anos-de-conservacion-de-la-naturaleza-de-Parque-Cordillera.png","articleSection":["Educaci\u00f3n ambiental"],"inLanguage":"en-US"},{"@type":"WebPage","@id":"https:\/\/asociacionparquecordillera.cl\/celebrando-31-anos-de-conservacion-de-la-naturaleza-asociacion-parque-cordillera\/","url":"https:\/\/asociacionparquecordillera.cl\/celebrando-31-anos-de-conservacion-de-la-naturaleza-asociacion-parque-cordillera\/","name":"Celebrando 31 A\u00f1os de Conservaci\u00f3n de la Naturaleza: Asociaci\u00f3n Parque Cordillera - Asociaci\u00f3n Parque Cordillera - Parques Regi\u00f3n Metropolitana","isPartOf":{"@id":"https:\/\/asociacionparquecordillera.cl\/#website"},"primaryImageOfPage":{"@id":"https:\/\/asociacionparquecordillera.cl\/celebrando-31-anos-de-conservacion-de-la-naturaleza-asociacion-parque-cordillera\/#primaryimage"},"image":{"@id":"https:\/\/asociacionparquecordillera.cl\/celebrando-31-anos-de-conservacion-de-la-naturaleza-asociacion-parque-cordillera\/#primaryimage"},"thumbnailUrl":"https:\/\/asociacionparquecordillera.cl\/wp-content\/uploads\/2024\/10\/31-anos-de-conservacion-de-la-naturaleza-de-Parque-Cordillera.png","datePublished":"2024-10-23T13:32:33+00:00","dateModified":"2025-06-17T18:41:15+00:00","description":"En el marco del D\u00eda de la Protecci\u00f3n de la Naturaleza, que se celebr\u00f3 el pasado 18 de octubre, destacamos con orgullo el rol de la Asociaci\u00f3n Parque","breadcrumb":{"@id":"https:\/\/asociacionparquecordillera.cl\/celebrando-31-anos-de-conservacion-de-la-naturaleza-asociacion-parque-cordillera\/#breadcrumb"},"inLanguage":"en-US","potentialAction":[{"@type":"ReadAction","target":["https:\/\/asociacionparquecordillera.cl\/celebrando-31-anos-de-conservacion-de-la-naturaleza-asociacion-parque-cordillera\/"]}]},{"@type":"ImageObject","inLanguage":"en-US","@id":"https:\/\/asociacionparquecordillera.cl\/celebrando-31-anos-de-conservacion-de-la-naturaleza-asociacion-parque-cordillera\/#primaryimage","url":"https:\/\/asociacionparquecordillera.cl\/wp-content\/uploads\/2024\/10\/31-anos-de-conservacion-de-la-naturaleza-de-Parque-Cordillera.png","contentUrl":"https:\/\/asociacionparquecordillera.cl\/wp-content\/uploads\/2024\/10\/31-anos-de-conservacion-de-la-naturaleza-de-Parque-Cordillera.png","width":594,"height":272},{"@type":"BreadcrumbList","@id":"https:\/\/asociacionparquecordillera.cl\/celebrando-31-anos-de-conservacion-de-la-naturaleza-asociacion-parque-cordillera\/#breadcrumb","itemListElement":[{"@type":"ListItem","position":1,"name":"Home","item":"https:\/\/asociacionparquecordillera.cl\/"},{"@type":"ListItem","position":2,"name":"Celebrando 31 A\u00f1os de Conservaci\u00f3n de la Naturaleza: Asociaci\u00f3n Parque Cordillera"}]},{"@type":"WebSite","@id":"https:\/\/asociacionparquecordillera.cl\/#website","url":"https:\/\/asociacionparquecordillera.cl\/","name":"Asociaci\u00f3n Parque Cordillera - Parques Regi\u00f3n Metropolitana","description":"Asociaci\u00f3n Parque Cordillera promueve la conservaci\u00f3n de la precordillera de Santiago mediante la administraci\u00f3n de parques naturales y el fomento de la educaci\u00f3n ambiental y el turismo sustentable.","publisher":{"@id":"https:\/\/asociacionparquecordillera.cl\/#organization"},"alternateName":"Parque Cordillera","potentialAction":[{"@type":"SearchAction","target":{"@type":"EntryPoint","urlTemplate":"https:\/\/asociacionparquecordillera.cl\/?s={search_term_string}"},"query-input":{"@type":"PropertyValueSpecification","valueRequired":true,"valueName":"search_term_string"}}],"inLanguage":"en-US"},{"@type":"Organization","@id":"https:\/\/asociacionparquecordillera.cl\/#organization","name":"Asociaci\u00f3n Parque Cordillera - Parques Regi\u00f3n Metropolitana","alternateName":"Parque Cordillera","url":"https:\/\/asociacionparquecordillera.cl\/","logo":{"@type":"ImageObject","inLanguage":"en-US","@id":"https:\/\/asociacionparquecordillera.cl\/#\/schema\/logo\/image\/","url":"https:\/\/asociacionparquecordillera.cl\/wp-content\/uploads\/2023\/01\/logo-apc-white-2.svg","contentUrl":"https:\/\/asociacionparquecordillera.cl\/wp-content\/uploads\/2023\/01\/logo-apc-white-2.svg","width":240.789999999999992041921359486877918243408203125,"height":80.969999999999998863131622783839702606201171875,"caption":"Asociaci\u00f3n Parque Cordillera - Parques Regi\u00f3n Metropolitana"},"image":{"@id":"https:\/\/asociacionparquecordillera.cl\/#\/schema\/logo\/image\/"}},{"@type":"Person","@id":"https:\/\/asociacionparquecordillera.cl\/#\/schema\/person\/2640f49b096aa0717d1150f9708ee6b9","name":"Alejandro Albornoz","image":{"@type":"ImageObject","inLanguage":"en-US","@id":"https:\/\/asociacionparquecordillera.cl\/#\/schema\/person\/image\/","url":"https:\/\/secure.gravatar.com\/avatar\/758aec5659ec6e8ada660b4c49f539cacd73130470e925941e3e9a1df5b5895a?s=96&d=mm&r=g","contentUrl":"https:\/\/secure.gravatar.com\/avatar\/758aec5659ec6e8ada660b4c49f539cacd73130470e925941e3e9a1df5b5895a?s=96&d=mm&r=g","caption":"Alejandro Albornoz"},"url":"https:\/\/asociacionparquecordillera.cl\/en\/author\/alejandro-albornoz\/"}]}},"_links":{"self":[{"href":"https:\/\/asociacionparquecordillera.cl\/en\/wp-json\/wp\/v2\/posts\/4619","targetHints":{"allow":["GET"]}}],"collection":[{"href":"https:\/\/asociacionparquecordillera.cl\/en\/wp-json\/wp\/v2\/posts"}],"about":[{"href":"https:\/\/asociacionparquecordillera.cl\/en\/wp-json\/wp\/v2\/types\/post"}],"author":[{"embeddable":true,"href":"https:\/\/asociacionparquecordillera.cl\/en\/wp-json\/wp\/v2\/users\/8"}],"replies":[{"embeddable":true,"href":"https:\/\/asociacionparquecordillera.cl\/en\/wp-json\/wp\/v2\/comments?post=4619"}],"version-history":[{"count":1,"href":"https:\/\/asociacionparquecordillera.cl\/en\/wp-json\/wp\/v2\/posts\/4619\/revisions"}],"predecessor-version":[{"id":4621,"href":"https:\/\/asociacionparquecordillera.cl\/en\/wp-json\/wp\/v2\/posts\/4619\/revisions\/4621"}],"wp:featuredmedia":[{"embeddable":true,"href":"https:\/\/asociacionparquecordillera.cl\/en\/wp-json\/wp\/v2\/media\/5483"}],"wp:attachment":[{"href":"https:\/\/asociacionparquecordillera.cl\/en\/wp-json\/wp\/v2\/media?parent=4619"}],"wp:term":[{"taxonomy":"category","embeddable":true,"href":"https:\/\/asociacionparquecordillera.cl\/en\/wp-json\/wp\/v2\/categories?post=4619"},{"taxonomy":"post_tag","embeddable":true,"href":"https:\/\/asociacionparquecordillera.cl\/en\/wp-json\/wp\/v2\/tags?post=4619"},{"taxonomy":"slider-category","embeddable":true,"href":"https:\/\/asociacionparquecordillera.cl\/en\/wp-json\/wp\/v2\/slider-category?post=4619"}],"curies":[{"name":"wp","href":"https:\/\/api.w.org\/{rel}","templated":true}]}}