{"id":4638,"date":"2024-10-24T12:26:45","date_gmt":"2024-10-24T15:26:45","guid":{"rendered":"https:\/\/asociacionparquecordillera.cl\/?p=4638"},"modified":"2025-07-02T13:44:09","modified_gmt":"2025-07-02T17:44:09","slug":"expedicion-victor-vira-jefe-de-guardaparque","status":"publish","type":"post","link":"https:\/\/asociacionparquecordillera.cl\/en\/expedicion-victor-vira-jefe-de-guardaparque\/","title":{"rendered":"Expedici\u00f3n Victor Vira Jefe de Guardaparque"},"content":{"rendered":"<p><span style=\"font-weight: 400;\">Conoce sobre la expedici\u00f3n de nuestro Jefe de Guardaparque Victor Vira: Expedici\u00f3n al cerro Nevado de Olivares, que tiene como finalidad la preparaci\u00f3n para la futura expedici\u00f3n a realizar al cerro Aconcagua en enero 2025.<\/span><\/p>\n<p>&nbsp;<\/p>\n<p><span style=\"font-weight: 400;\">Ac\u00e1 te contamos un poco m\u00e1s sobre el incre\u00edble viaje realizado:<\/span><\/p>\n<p>&nbsp;<\/p>\n<p><span style=\"font-weight: 400;\">Expedici\u00f3n al Nevado de Olivares ubicado en el sector fronterizo del Paso de Aguas Negras Regi\u00f3n de Coquimbo. Nuestro GP acompa\u00f1\u00f3 al DAV organizador de la salida a esta monta\u00f1a de 6.200 m, un lugar poco concurrido debido a su dif\u00edcil acceso.<\/span><\/p>\n<p><span style=\"font-weight: 400;\">Comenzaron la ascensi\u00f3n partiendo desde Santiago a la Serena ingresando a Vicu\u00f1a para luego dirigirse a la tenencia de las Juntas del Toro donde se deb\u00eda entregar el permiso de ascensi\u00f3n adem\u00e1s de los protocolos de registro.<\/span><\/p>\n<p><span style=\"font-weight: 400;\">Posteriormente siguieron la ruta hasta el sector de la quebrada del Infiernillo 3.270 m, en el lugar pernoctaron en estilo vivac y al d\u00eda siguiente continuaron hasta el campamento base a los 3.870 m.<\/span><\/p>\n<p>&nbsp;<\/p>\n<p><span style=\"font-weight: 400;\">Las condiciones clim\u00e1ticas en el campamento 1 a 4.830 msnm en cuanto a las condiciones del viento empeoraron con rafagas de viento entre 90 a 100 km\/h y sensaci\u00f3n t\u00e9rmica de &#8211; 15\u00b0&#8230;. comenzaron a visualizar un complicado panorama para la subida al campamento 2, sumado a la prediccion climatica desfavorable, tomaron la decisi\u00f3n de equipo de concluir ascensi\u00f3n y volver a Santiago despu\u00e9s de casi 4 d\u00edas de expedici\u00f3n.<\/span><\/p>\n<p>&nbsp;<\/p>\n<p><b>C\u00f3mo Asociaci\u00f3n Parque Cordillera apoyamos y apoyaremos a nuestro GP en sus pr\u00f3ximas expediciones que ser\u00e1n de preparaci\u00f3n para culminar con su proyecto en la segunda semana de Enero con la ascensi\u00f3n del Monte Aconcagua 6.962 m.<\/b><\/p>\n<p>&nbsp;<\/p>","protected":false},"excerpt":{"rendered":"<p>Conoce sobre la expedici\u00f3n de nuestro Jefe de Guardaparque Victor Vira: Expedici\u00f3n al cerro Nevado de Olivares, que tiene como finalidad la preparaci\u00f3n para la futura expedici\u00f3n a realizar al cerro Aconcagua en enero 2025. &nbsp; Ac\u00e1 te contamos un poco m\u00e1s sobre el incre\u00edble viaje realizado: &nbsp; Expedici\u00f3n al Nevado de Olivares ubicado en [&hellip;]<\/p>","protected":false},"author":8,"featured_media":4639,"comment_status":"closed","ping_status":"closed","sticky":false,"template":"","format":"standard","meta":{"site-sidebar-layout":"default","site-content-layout":"","ast-site-content-layout":"default","site-content-style":"default","site-sidebar-style":"default","ast-global-header-display":"","ast-banner-title-visibility":"","ast-main-header-display":"","ast-hfb-above-header-display":"","ast-hfb-below-header-display":"","ast-hfb-mobile-header-display":"","site-post-title":"","ast-breadcrumbs-content":"","ast-featured-img":"","footer-sml-layout":"","theme-transparent-header-meta":"default","adv-header-id-meta":"","stick-header-meta":"default","header-above-stick-meta":"","header-main-stick-meta":"","header-below-stick-meta":"","astra-migrate-meta-layouts":"set","ast-page-background-enabled":"default","ast-page-background-meta":{"desktop":{"background-color":"var(--ast-global-color-4)","background-image":"","background-repeat":"repeat","background-position":"center center","background-size":"auto","background-attachment":"scroll","background-type":"","background-media":"","overlay-type":"","overlay-color":"","overlay-opacity":"","overlay-gradient":""},"tablet":{"background-color":"","background-image":"","background-repeat":"repeat","background-position":"center center","background-size":"auto","background-attachment":"scroll","background-type":"","background-media":"","overlay-type":"","overlay-color":"","overlay-opacity":"","overlay-gradient":""},"mobile":{"background-color":"","background-image":"","background-repeat":"repeat","background-position":"center center","background-size":"auto","background-attachment":"scroll","background-type":"","background-media":"","overlay-type":"","overlay-color":"","overlay-opacity":"","overlay-gradient":""}},"ast-content-background-meta":{"desktop":{"background-color":"var(--ast-global-color-5)","background-image":"","background-repeat":"repeat","background-position":"center center","background-size":"auto","background-attachment":"scroll","background-type":"","background-media":"","overlay-type":"","overlay-color":"","overlay-opacity":"","overlay-gradient":""},"tablet":{"background-color":"var(--ast-global-color-5)","background-image":"","background-repeat":"repeat","background-position":"center center","background-size":"auto","background-attachment":"scroll","background-type":"","background-media":"","overlay-type":"","overlay-color":"","overlay-opacity":"","overlay-gradient":""},"mobile":{"background-color":"var(--ast-global-color-5)","background-image":"","background-repeat":"repeat","background-position":"center center","background-size":"auto","background-attachment":"scroll","background-type":"","background-media":"","overlay-type":"","overlay-color":"","overlay-opacity":"","overlay-gradient":""}},"footnotes":""},"categories":[17],"tags":[],"slider-category":[],"class_list":["post-4638","post","type-post","status-publish","format-standard","has-post-thumbnail","hentry","category-comunidad"],"yoast_head":"<!-- This site is optimized with the Yoast SEO Premium plugin v22.9 (Yoast SEO v23.9) - https:\/\/yoast.com\/wordpress\/plugins\/seo\/ -->\n<title>Expedici\u00f3n Victor Vira Jefe de Guardaparque - Asociaci\u00f3n Parque Cordillera - Parques Regi\u00f3n Metropolitana<\/title>\n<meta name=\"description\" content=\"Conoce sobre la expedici\u00f3n de nuestro Jefe de Guardaparque Victor Vira: Expedici\u00f3n al cerro Nevado de Olivares, que tiene como finalidad la preparaci\u00f3n\" \/>\n<meta name=\"robots\" content=\"index, follow, max-snippet:-1, max-image-preview:large, max-video-preview:-1\" \/>\n<link rel=\"canonical\" href=\"https:\/\/asociacionparquecordillera.cl\/en\/expedicion-victor-vira-jefe-de-guardaparque\/\" \/>\n<meta property=\"og:locale\" content=\"en_US\" \/>\n<meta property=\"og:type\" content=\"article\" \/>\n<meta property=\"og:title\" content=\"Expedici\u00f3n Victor Vira Jefe de Guardaparque\" \/>\n<meta property=\"og:description\" content=\"Conoce sobre la expedici\u00f3n de nuestro Jefe de Guardaparque Victor Vira: Expedici\u00f3n al cerro Nevado de Olivares, que tiene como finalidad la preparaci\u00f3n\" \/>\n<meta property=\"og:url\" content=\"https:\/\/asociacionparquecordillera.cl\/en\/expedicion-victor-vira-jefe-de-guardaparque\/\" \/>\n<meta property=\"og:site_name\" content=\"Asociaci\u00f3n Parque Cordillera - Parques Regi\u00f3n Metropolitana\" \/>\n<meta property=\"article:published_time\" content=\"2024-10-24T15:26:45+00:00\" \/>\n<meta property=\"article:modified_time\" content=\"2025-07-02T17:44:09+00:00\" \/>\n<meta property=\"og:image\" content=\"https:\/\/asociacionparquecordillera.cl\/wp-content\/uploads\/2024\/10\/WhatsApp-Image-2024-09-25-at-07.48.17-2-scaled.jpeg\" \/>\n\t<meta property=\"og:image:width\" content=\"1928\" \/>\n\t<meta property=\"og:image:height\" content=\"2560\" \/>\n\t<meta property=\"og:image:type\" content=\"image\/jpeg\" \/>\n<meta name=\"author\" content=\"Alejandro Albornoz\" \/>\n<meta name=\"twitter:card\" content=\"summary_large_image\" \/>\n<meta name=\"twitter:label1\" content=\"Written by\" \/>\n\t<meta name=\"twitter:data1\" content=\"Alejandro Albornoz\" \/>\n\t<meta name=\"twitter:label2\" content=\"Est. reading time\" \/>\n\t<meta name=\"twitter:data2\" content=\"2 minutes\" \/>\n<script type=\"application\/ld+json\" class=\"yoast-schema-graph\">{\"@context\":\"https:\/\/schema.org\",\"@graph\":[{\"@type\":\"Article\",\"@id\":\"https:\/\/asociacionparquecordillera.cl\/expedicion-victor-vira-jefe-de-guardaparque\/#article\",\"isPartOf\":{\"@id\":\"https:\/\/asociacionparquecordillera.cl\/expedicion-victor-vira-jefe-de-guardaparque\/\"},\"author\":{\"name\":\"Alejandro Albornoz\",\"@id\":\"https:\/\/asociacionparquecordillera.cl\/#\/schema\/person\/2640f49b096aa0717d1150f9708ee6b9\"},\"headline\":\"Expedici\u00f3n Victor Vira Jefe de Guardaparque\",\"datePublished\":\"2024-10-24T15:26:45+00:00\",\"dateModified\":\"2025-07-02T17:44:09+00:00\",\"mainEntityOfPage\":{\"@id\":\"https:\/\/asociacionparquecordillera.cl\/expedicion-victor-vira-jefe-de-guardaparque\/\"},\"wordCount\":297,\"publisher\":{\"@id\":\"https:\/\/asociacionparquecordillera.cl\/#organization\"},\"image\":{\"@id\":\"https:\/\/asociacionparquecordillera.cl\/expedicion-victor-vira-jefe-de-guardaparque\/#primaryimage\"},\"thumbnailUrl\":\"https:\/\/asociacionparquecordillera.cl\/wp-content\/uploads\/2024\/10\/WhatsApp-Image-2024-09-25-at-07.48.17-2-scaled.jpeg\",\"articleSection\":[\"Comunidad\"],\"inLanguage\":\"en-US\"},{\"@type\":\"WebPage\",\"@id\":\"https:\/\/asociacionparquecordillera.cl\/expedicion-victor-vira-jefe-de-guardaparque\/\",\"url\":\"https:\/\/asociacionparquecordillera.cl\/expedicion-victor-vira-jefe-de-guardaparque\/\",\"name\":\"Expedici\u00f3n Victor Vira Jefe de Guardaparque - Asociaci\u00f3n Parque Cordillera - Parques Regi\u00f3n Metropolitana\",\"isPartOf\":{\"@id\":\"https:\/\/asociacionparquecordillera.cl\/#website\"},\"primaryImageOfPage\":{\"@id\":\"https:\/\/asociacionparquecordillera.cl\/expedicion-victor-vira-jefe-de-guardaparque\/#primaryimage\"},\"image\":{\"@id\":\"https:\/\/asociacionparquecordillera.cl\/expedicion-victor-vira-jefe-de-guardaparque\/#primaryimage\"},\"thumbnailUrl\":\"https:\/\/asociacionparquecordillera.cl\/wp-content\/uploads\/2024\/10\/WhatsApp-Image-2024-09-25-at-07.48.17-2-scaled.jpeg\",\"datePublished\":\"2024-10-24T15:26:45+00:00\",\"dateModified\":\"2025-07-02T17:44:09+00:00\",\"description\":\"Conoce sobre la expedici\u00f3n de nuestro Jefe de Guardaparque Victor Vira: Expedici\u00f3n al cerro Nevado de Olivares, que tiene como finalidad la preparaci\u00f3n\",\"breadcrumb\":{\"@id\":\"https:\/\/asociacionparquecordillera.cl\/expedicion-victor-vira-jefe-de-guardaparque\/#breadcrumb\"},\"inLanguage\":\"en-US\",\"potentialAction\":[{\"@type\":\"ReadAction\",\"target\":[\"https:\/\/asociacionparquecordillera.cl\/expedicion-victor-vira-jefe-de-guardaparque\/\"]}]},{\"@type\":\"ImageObject\",\"inLanguage\":\"en-US\",\"@id\":\"https:\/\/asociacionparquecordillera.cl\/expedicion-victor-vira-jefe-de-guardaparque\/#primaryimage\",\"url\":\"https:\/\/asociacionparquecordillera.cl\/wp-content\/uploads\/2024\/10\/WhatsApp-Image-2024-09-25-at-07.48.17-2-scaled.jpeg\",\"contentUrl\":\"https:\/\/asociacionparquecordillera.cl\/wp-content\/uploads\/2024\/10\/WhatsApp-Image-2024-09-25-at-07.48.17-2-scaled.jpeg\",\"width\":1928,\"height\":2560,\"caption\":\"V\u00edctor Vira, jefe de guardaparque de Parque Cordillera en expedici\u00f3n al cerro Nevado de Olivares\"},{\"@type\":\"BreadcrumbList\",\"@id\":\"https:\/\/asociacionparquecordillera.cl\/expedicion-victor-vira-jefe-de-guardaparque\/#breadcrumb\",\"itemListElement\":[{\"@type\":\"ListItem\",\"position\":1,\"name\":\"Home\",\"item\":\"https:\/\/asociacionparquecordillera.cl\/\"},{\"@type\":\"ListItem\",\"position\":2,\"name\":\"Expedici\u00f3n Victor Vira Jefe de Guardaparque\"}]},{\"@type\":\"WebSite\",\"@id\":\"https:\/\/asociacionparquecordillera.cl\/#website\",\"url\":\"https:\/\/asociacionparquecordillera.cl\/\",\"name\":\"Asociaci\u00f3n Parque Cordillera - Parques Regi\u00f3n Metropolitana\",\"description\":\"Asociaci\u00f3n Parque Cordillera promueve la conservaci\u00f3n de la precordillera de Santiago mediante la administraci\u00f3n de parques naturales y el fomento de la educaci\u00f3n ambiental y el turismo sustentable.\",\"publisher\":{\"@id\":\"https:\/\/asociacionparquecordillera.cl\/#organization\"},\"alternateName\":\"Parque Cordillera\",\"potentialAction\":[{\"@type\":\"SearchAction\",\"target\":{\"@type\":\"EntryPoint\",\"urlTemplate\":\"https:\/\/asociacionparquecordillera.cl\/?s={search_term_string}\"},\"query-input\":{\"@type\":\"PropertyValueSpecification\",\"valueRequired\":true,\"valueName\":\"search_term_string\"}}],\"inLanguage\":\"en-US\"},{\"@type\":\"Organization\",\"@id\":\"https:\/\/asociacionparquecordillera.cl\/#organization\",\"name\":\"Asociaci\u00f3n Parque Cordillera - Parques Regi\u00f3n Metropolitana\",\"alternateName\":\"Parque Cordillera\",\"url\":\"https:\/\/asociacionparquecordillera.cl\/\",\"logo\":{\"@type\":\"ImageObject\",\"inLanguage\":\"en-US\",\"@id\":\"https:\/\/asociacionparquecordillera.cl\/#\/schema\/logo\/image\/\",\"url\":\"https:\/\/asociacionparquecordillera.cl\/wp-content\/uploads\/2023\/01\/logo-apc-white-2.svg\",\"contentUrl\":\"https:\/\/asociacionparquecordillera.cl\/wp-content\/uploads\/2023\/01\/logo-apc-white-2.svg\",\"width\":240.789999999999992041921359486877918243408203125,\"height\":80.969999999999998863131622783839702606201171875,\"caption\":\"Asociaci\u00f3n Parque Cordillera - Parques Regi\u00f3n Metropolitana\"},\"image\":{\"@id\":\"https:\/\/asociacionparquecordillera.cl\/#\/schema\/logo\/image\/\"}},{\"@type\":\"Person\",\"@id\":\"https:\/\/asociacionparquecordillera.cl\/#\/schema\/person\/2640f49b096aa0717d1150f9708ee6b9\",\"name\":\"Alejandro Albornoz\",\"image\":{\"@type\":\"ImageObject\",\"inLanguage\":\"en-US\",\"@id\":\"https:\/\/asociacionparquecordillera.cl\/#\/schema\/person\/image\/\",\"url\":\"https:\/\/secure.gravatar.com\/avatar\/758aec5659ec6e8ada660b4c49f539cacd73130470e925941e3e9a1df5b5895a?s=96&d=mm&r=g\",\"contentUrl\":\"https:\/\/secure.gravatar.com\/avatar\/758aec5659ec6e8ada660b4c49f539cacd73130470e925941e3e9a1df5b5895a?s=96&d=mm&r=g\",\"caption\":\"Alejandro Albornoz\"},\"url\":\"https:\/\/asociacionparquecordillera.cl\/en\/author\/alejandro-albornoz\/\"}]}<\/script>\n<!-- \/ Yoast SEO Premium plugin. -->","yoast_head_json":{"title":"Expedici\u00f3n Victor Vira Jefe de Guardaparque - Asociaci\u00f3n Parque Cordillera - Parques Regi\u00f3n Metropolitana","description":"Conoce sobre la expedici\u00f3n de nuestro Jefe de Guardaparque Victor Vira: Expedici\u00f3n al cerro Nevado de Olivares, que tiene como finalidad la preparaci\u00f3n","robots":{"index":"index","follow":"follow","max-snippet":"max-snippet:-1","max-image-preview":"max-image-preview:large","max-video-preview":"max-video-preview:-1"},"canonical":"https:\/\/asociacionparquecordillera.cl\/en\/expedicion-victor-vira-jefe-de-guardaparque\/","og_locale":"en_US","og_type":"article","og_title":"Expedici\u00f3n Victor Vira Jefe de Guardaparque","og_description":"Conoce sobre la expedici\u00f3n de nuestro Jefe de Guardaparque Victor Vira: Expedici\u00f3n al cerro Nevado de Olivares, que tiene como finalidad la preparaci\u00f3n","og_url":"https:\/\/asociacionparquecordillera.cl\/en\/expedicion-victor-vira-jefe-de-guardaparque\/","og_site_name":"Asociaci\u00f3n Parque Cordillera - Parques Regi\u00f3n Metropolitana","article_published_time":"2024-10-24T15:26:45+00:00","article_modified_time":"2025-07-02T17:44:09+00:00","og_image":[{"width":1928,"height":2560,"url":"https:\/\/asociacionparquecordillera.cl\/wp-content\/uploads\/2024\/10\/WhatsApp-Image-2024-09-25-at-07.48.17-2-scaled.jpeg","type":"image\/jpeg"}],"author":"Alejandro Albornoz","twitter_card":"summary_large_image","twitter_misc":{"Written by":"Alejandro Albornoz","Est. reading time":"2 minutes"},"schema":{"@context":"https:\/\/schema.org","@graph":[{"@type":"Article","@id":"https:\/\/asociacionparquecordillera.cl\/expedicion-victor-vira-jefe-de-guardaparque\/#article","isPartOf":{"@id":"https:\/\/asociacionparquecordillera.cl\/expedicion-victor-vira-jefe-de-guardaparque\/"},"author":{"name":"Alejandro Albornoz","@id":"https:\/\/asociacionparquecordillera.cl\/#\/schema\/person\/2640f49b096aa0717d1150f9708ee6b9"},"headline":"Expedici\u00f3n Victor Vira Jefe de Guardaparque","datePublished":"2024-10-24T15:26:45+00:00","dateModified":"2025-07-02T17:44:09+00:00","mainEntityOfPage":{"@id":"https:\/\/asociacionparquecordillera.cl\/expedicion-victor-vira-jefe-de-guardaparque\/"},"wordCount":297,"publisher":{"@id":"https:\/\/asociacionparquecordillera.cl\/#organization"},"image":{"@id":"https:\/\/asociacionparquecordillera.cl\/expedicion-victor-vira-jefe-de-guardaparque\/#primaryimage"},"thumbnailUrl":"https:\/\/asociacionparquecordillera.cl\/wp-content\/uploads\/2024\/10\/WhatsApp-Image-2024-09-25-at-07.48.17-2-scaled.jpeg","articleSection":["Comunidad"],"inLanguage":"en-US"},{"@type":"WebPage","@id":"https:\/\/asociacionparquecordillera.cl\/expedicion-victor-vira-jefe-de-guardaparque\/","url":"https:\/\/asociacionparquecordillera.cl\/expedicion-victor-vira-jefe-de-guardaparque\/","name":"Expedici\u00f3n Victor Vira Jefe de Guardaparque - Asociaci\u00f3n Parque Cordillera - Parques Regi\u00f3n Metropolitana","isPartOf":{"@id":"https:\/\/asociacionparquecordillera.cl\/#website"},"primaryImageOfPage":{"@id":"https:\/\/asociacionparquecordillera.cl\/expedicion-victor-vira-jefe-de-guardaparque\/#primaryimage"},"image":{"@id":"https:\/\/asociacionparquecordillera.cl\/expedicion-victor-vira-jefe-de-guardaparque\/#primaryimage"},"thumbnailUrl":"https:\/\/asociacionparquecordillera.cl\/wp-content\/uploads\/2024\/10\/WhatsApp-Image-2024-09-25-at-07.48.17-2-scaled.jpeg","datePublished":"2024-10-24T15:26:45+00:00","dateModified":"2025-07-02T17:44:09+00:00","description":"Conoce sobre la expedici\u00f3n de nuestro Jefe de Guardaparque Victor Vira: Expedici\u00f3n al cerro Nevado de Olivares, que tiene como finalidad la preparaci\u00f3n","breadcrumb":{"@id":"https:\/\/asociacionparquecordillera.cl\/expedicion-victor-vira-jefe-de-guardaparque\/#breadcrumb"},"inLanguage":"en-US","potentialAction":[{"@type":"ReadAction","target":["https:\/\/asociacionparquecordillera.cl\/expedicion-victor-vira-jefe-de-guardaparque\/"]}]},{"@type":"ImageObject","inLanguage":"en-US","@id":"https:\/\/asociacionparquecordillera.cl\/expedicion-victor-vira-jefe-de-guardaparque\/#primaryimage","url":"https:\/\/asociacionparquecordillera.cl\/wp-content\/uploads\/2024\/10\/WhatsApp-Image-2024-09-25-at-07.48.17-2-scaled.jpeg","contentUrl":"https:\/\/asociacionparquecordillera.cl\/wp-content\/uploads\/2024\/10\/WhatsApp-Image-2024-09-25-at-07.48.17-2-scaled.jpeg","width":1928,"height":2560,"caption":"V\u00edctor Vira, jefe de guardaparque de Parque Cordillera en expedici\u00f3n al cerro Nevado de Olivares"},{"@type":"BreadcrumbList","@id":"https:\/\/asociacionparquecordillera.cl\/expedicion-victor-vira-jefe-de-guardaparque\/#breadcrumb","itemListElement":[{"@type":"ListItem","position":1,"name":"Home","item":"https:\/\/asociacionparquecordillera.cl\/"},{"@type":"ListItem","position":2,"name":"Expedici\u00f3n Victor Vira Jefe de Guardaparque"}]},{"@type":"WebSite","@id":"https:\/\/asociacionparquecordillera.cl\/#website","url":"https:\/\/asociacionparquecordillera.cl\/","name":"Asociaci\u00f3n Parque Cordillera - Parques Regi\u00f3n Metropolitana","description":"Asociaci\u00f3n Parque Cordillera promueve la conservaci\u00f3n de la precordillera de Santiago mediante la administraci\u00f3n de parques naturales y el fomento de la educaci\u00f3n ambiental y el turismo sustentable.","publisher":{"@id":"https:\/\/asociacionparquecordillera.cl\/#organization"},"alternateName":"Parque Cordillera","potentialAction":[{"@type":"SearchAction","target":{"@type":"EntryPoint","urlTemplate":"https:\/\/asociacionparquecordillera.cl\/?s={search_term_string}"},"query-input":{"@type":"PropertyValueSpecification","valueRequired":true,"valueName":"search_term_string"}}],"inLanguage":"en-US"},{"@type":"Organization","@id":"https:\/\/asociacionparquecordillera.cl\/#organization","name":"Asociaci\u00f3n Parque Cordillera - Parques Regi\u00f3n Metropolitana","alternateName":"Parque Cordillera","url":"https:\/\/asociacionparquecordillera.cl\/","logo":{"@type":"ImageObject","inLanguage":"en-US","@id":"https:\/\/asociacionparquecordillera.cl\/#\/schema\/logo\/image\/","url":"https:\/\/asociacionparquecordillera.cl\/wp-content\/uploads\/2023\/01\/logo-apc-white-2.svg","contentUrl":"https:\/\/asociacionparquecordillera.cl\/wp-content\/uploads\/2023\/01\/logo-apc-white-2.svg","width":240.789999999999992041921359486877918243408203125,"height":80.969999999999998863131622783839702606201171875,"caption":"Asociaci\u00f3n Parque Cordillera - Parques Regi\u00f3n Metropolitana"},"image":{"@id":"https:\/\/asociacionparquecordillera.cl\/#\/schema\/logo\/image\/"}},{"@type":"Person","@id":"https:\/\/asociacionparquecordillera.cl\/#\/schema\/person\/2640f49b096aa0717d1150f9708ee6b9","name":"Alejandro Albornoz","image":{"@type":"ImageObject","inLanguage":"en-US","@id":"https:\/\/asociacionparquecordillera.cl\/#\/schema\/person\/image\/","url":"https:\/\/secure.gravatar.com\/avatar\/758aec5659ec6e8ada660b4c49f539cacd73130470e925941e3e9a1df5b5895a?s=96&d=mm&r=g","contentUrl":"https:\/\/secure.gravatar.com\/avatar\/758aec5659ec6e8ada660b4c49f539cacd73130470e925941e3e9a1df5b5895a?s=96&d=mm&r=g","caption":"Alejandro Albornoz"},"url":"https:\/\/asociacionparquecordillera.cl\/en\/author\/alejandro-albornoz\/"}]}},"_links":{"self":[{"href":"https:\/\/asociacionparquecordillera.cl\/en\/wp-json\/wp\/v2\/posts\/4638","targetHints":{"allow":["GET"]}}],"collection":[{"href":"https:\/\/asociacionparquecordillera.cl\/en\/wp-json\/wp\/v2\/posts"}],"about":[{"href":"https:\/\/asociacionparquecordillera.cl\/en\/wp-json\/wp\/v2\/types\/post"}],"author":[{"embeddable":true,"href":"https:\/\/asociacionparquecordillera.cl\/en\/wp-json\/wp\/v2\/users\/8"}],"replies":[{"embeddable":true,"href":"https:\/\/asociacionparquecordillera.cl\/en\/wp-json\/wp\/v2\/comments?post=4638"}],"version-history":[{"count":4,"href":"https:\/\/asociacionparquecordillera.cl\/en\/wp-json\/wp\/v2\/posts\/4638\/revisions"}],"predecessor-version":[{"id":5104,"href":"https:\/\/asociacionparquecordillera.cl\/en\/wp-json\/wp\/v2\/posts\/4638\/revisions\/5104"}],"wp:featuredmedia":[{"embeddable":true,"href":"https:\/\/asociacionparquecordillera.cl\/en\/wp-json\/wp\/v2\/media\/4639"}],"wp:attachment":[{"href":"https:\/\/asociacionparquecordillera.cl\/en\/wp-json\/wp\/v2\/media?parent=4638"}],"wp:term":[{"taxonomy":"category","embeddable":true,"href":"https:\/\/asociacionparquecordillera.cl\/en\/wp-json\/wp\/v2\/categories?post=4638"},{"taxonomy":"post_tag","embeddable":true,"href":"https:\/\/asociacionparquecordillera.cl\/en\/wp-json\/wp\/v2\/tags?post=4638"},{"taxonomy":"slider-category","embeddable":true,"href":"https:\/\/asociacionparquecordillera.cl\/en\/wp-json\/wp\/v2\/slider-category?post=4638"}],"curies":[{"name":"wp","href":"https:\/\/api.w.org\/{rel}","templated":true}]}}