{"id":4653,"date":"2024-11-15T10:10:56","date_gmt":"2024-11-15T13:10:56","guid":{"rendered":"https:\/\/asociacionparquecordillera.cl\/?p=4653"},"modified":"2025-07-02T13:51:55","modified_gmt":"2025-07-02T17:51:55","slug":"carlos-pertuze-y-salvador-cazabon-monitores-de-83-anos-de-edad-realizan-tres-senderos-a-la-semana-junto-a-parque-cordillera","status":"publish","type":"post","link":"https:\/\/asociacionparquecordillera.cl\/en\/carlos-pertuze-y-salvador-cazabon-monitores-de-83-anos-de-edad-realizan-tres-senderos-a-la-semana-junto-a-parque-cordillera\/","title":{"rendered":"Carlos Pertuz\u00e9 y Salvador Cazab\u00f3n: Monitores de 83 a\u00f1os de edad"},"content":{"rendered":"<p><b>Carlos Pertuz\u00e9 y Salvador Cazab\u00f3n: Monitores de 83 a\u00f1os de edad realizan tres senderos a la semana junto a Parque Cordillera<\/b><\/p>\n<p>&nbsp;<\/p>\n<p><i><span style=\"font-weight: 400;\">Este 9 de noviembre, tanto Carlos como Salvador, cumplen 15 a\u00f1os prestando servicios como monitores ambientales del Parque Aguas de Ram\u00f3n administrado por la Asociaci\u00f3n Parque Cordillera, y sus compa\u00f1eros los reconocen con orgullo.<\/span><\/i><\/p>\n<p>&nbsp;<\/p>\n<p><span style=\"font-weight: 400;\">La edad no es un l\u00edmite para Carlos Pertuz\u00e9 <\/span><span style=\"font-weight: 400;\">Iglesias <\/span><span style=\"font-weight: 400;\">y Salvador Cazab\u00f3n<\/span><span style=\"font-weight: 400;\"> Ilharreborde,<\/span><span style=\"font-weight: 400;\"> quienes a sus 83 a\u00f1os, se desempe\u00f1an como monitores ambientales del Parque Aguas de Ram\u00f3n, ubicado en la comuna de La Reina y uno de los diez parques que administra la Asociaci\u00f3n Parque Cordillera en la regi\u00f3n Metropolitana.<\/span><\/p>\n<p><span style=\"font-weight: 400;\">Hace 15 a\u00f1os atr\u00e1s y ya jubilados, ambos se enteraron por un aviso en el diario que Parque Cordillera estaba buscando monitores para realizar visitas guiadas tanto a escolares como tambi\u00e9n a otros grupos de personas que gustan del senderismo, incluyendo a j\u00f3venes y adultos. La Asociaci\u00f3n antes mencionada, no tuvo problemas con sus edades al contratarlos y, al contrario, est\u00e1n orgullosos de d\u00eda a d\u00eda poder contar con ellos.<\/span><\/p>\n<p>&nbsp;<\/p>\n<p><span style=\"font-weight: 400;\"><img fetchpriority=\"high\" decoding=\"async\" class=\"alignnone wp-image-4663 size-medium\" src=\"https:\/\/asociacionparquecordillera.cl\/wp-content\/uploads\/2024\/11\/DSC02956-300x200.jpg\" alt=\"Trekking de nuestros guardaparques de m\u00e1s de 15 a\u00f1os de recorrido en Parque Cordillera\" width=\"300\" height=\"200\" srcset=\"https:\/\/asociacionparquecordillera.cl\/wp-content\/uploads\/2024\/11\/DSC02956-300x200.jpg 300w, https:\/\/asociacionparquecordillera.cl\/wp-content\/uploads\/2024\/11\/DSC02956-1024x683.jpg 1024w, https:\/\/asociacionparquecordillera.cl\/wp-content\/uploads\/2024\/11\/DSC02956-768x512.jpg 768w, https:\/\/asociacionparquecordillera.cl\/wp-content\/uploads\/2024\/11\/DSC02956-18x12.jpg 18w, https:\/\/asociacionparquecordillera.cl\/wp-content\/uploads\/2024\/11\/DSC02956.jpg 1200w\" sizes=\"(max-width: 300px) 100vw, 300px\" \/> <img decoding=\"async\" class=\"alignnone wp-image-5787 size-medium\" src=\"https:\/\/asociacionparquecordillera.cl\/wp-content\/uploads\/2024\/11\/imagen_2025-07-02_134859305-300x198.png\" alt=\"Guardaparques de Parque Cordillera realizando trekkings a alumnos\" width=\"300\" height=\"198\" srcset=\"https:\/\/asociacionparquecordillera.cl\/wp-content\/uploads\/2024\/11\/imagen_2025-07-02_134859305-300x198.png 300w, https:\/\/asociacionparquecordillera.cl\/wp-content\/uploads\/2024\/11\/imagen_2025-07-02_134859305-18x12.png 18w, https:\/\/asociacionparquecordillera.cl\/wp-content\/uploads\/2024\/11\/imagen_2025-07-02_134859305.png 595w\" sizes=\"(max-width: 300px) 100vw, 300px\" \/> <img decoding=\"async\" class=\"alignnone wp-image-5786 size-medium\" src=\"https:\/\/asociacionparquecordillera.cl\/wp-content\/uploads\/2024\/11\/imagen_2025-07-02_134844259-300x198.png\" alt=\"Monitor de 83 a\u00f1os realizando un trekking con alumnos en Parque Cordillera\" width=\"300\" height=\"198\" srcset=\"https:\/\/asociacionparquecordillera.cl\/wp-content\/uploads\/2024\/11\/imagen_2025-07-02_134844259-300x198.png 300w, https:\/\/asociacionparquecordillera.cl\/wp-content\/uploads\/2024\/11\/imagen_2025-07-02_134844259-18x12.png 18w, https:\/\/asociacionparquecordillera.cl\/wp-content\/uploads\/2024\/11\/imagen_2025-07-02_134844259.png 596w\" sizes=\"(max-width: 300px) 100vw, 300px\" \/><\/span><\/p>\n<p>&nbsp;<\/p>\n<p><span style=\"font-weight: 400;\">Hoy, Carlos y Salvador ya tienen su rutina armada como monitores de visitas guiadas. Durante esta \u00e9poca de primavera-verano realizan como m\u00ednimo tres senderos semanales, por lo general los d\u00edas lunes, mi\u00e9rcoles y viernes, y siempre acompa\u00f1ados el uno con el otro. Mientras a Carlos le gusta ir liderando el grupo, a Salvador le acomoda ir cerrando y, si bien tienen personalidades muy distintas, los dos se toman en serio el rol de la educaci\u00f3n ambiental. Tal es el caso que, durante sus visitas, comparten m\u00faltiples datos tanto de la flora como de la fauna local, mientras te invitan a interactuar con las distintas flores y \u00e1rboles que uno va encontrando en el camino, como el Guayac\u00e1n, el Litre y la Manzanilla.<\/span><\/p>\n<p><span style=\"font-weight: 400;\">\u201cSab\u00edas que <\/span><span style=\"font-weight: 400;\">el <\/span><span style=\"font-weight: 400;\">Guayac\u00e1n tiene ramas tan gruesas que uno puede refugiarse en caso de lluvia o nieve, y esto los animales tambi\u00e9n lo saben, a quienes puedes ver echados en la parte baja del \u00e1rbol\u201d, detalla Salvador mientras se apoya en las ramas demostrando su firmeza. Todo esto, mientras recorre uno de los cuatro senderos de Aguas de Ram\u00f3n junto a un grupo de 23 estudiantes del Colegio Weston Academy Valle Grande de Lampa.<\/span><\/p>\n<p><span style=\"font-weight: 400;\">\u201cLo pasamos bien y lo importante es que nos entendemos. Cuando me escucha eso s\u00ed (r\u00ede)\u201d, comenta Carlos, a quien sus compa\u00f1eros ya lo reconocen por sus infaltables chistes. \u201cMi se\u00f1ora todas las ma\u00f1anas me dice \u2018te fuiste a la punta del cerro\u2019, y aqu\u00ed estoy, porque soy obediente\u201d, comenta sonriendo mientras agrega que, <\/span><span style=\"font-weight: 400;\">cuando no va al parque, se obliga a caminar 9.000 pasos diarios, para lo cual cuenta con una rutina en la cual recorre las calles de Santiago. Desde joven fue una persona muy deportista y hoy comparte el inter\u00e9s por los cerros junto a su hijo Andr\u00e9s: \u201c\u00c9l es un monta\u00f1ista profesional, fue al campamento base del Everest\u201d.<\/span><\/p>\n<p><img loading=\"lazy\" decoding=\"async\" class=\"alignnone wp-image-5485 size-medium\" src=\"https:\/\/asociacionparquecordillera.cl\/wp-content\/uploads\/2024\/11\/Monitores-Carlos-Pertuze-Iglesias-y-Salvador-Cazabon-Ilharreborde-de-Parque-Cordillera-300x172.png\" alt=\"\" width=\"300\" height=\"172\" srcset=\"https:\/\/asociacionparquecordillera.cl\/wp-content\/uploads\/2024\/11\/Monitores-Carlos-Pertuze-Iglesias-y-Salvador-Cazabon-Ilharreborde-de-Parque-Cordillera-300x172.png 300w, https:\/\/asociacionparquecordillera.cl\/wp-content\/uploads\/2024\/11\/Monitores-Carlos-Pertuze-Iglesias-y-Salvador-Cazabon-Ilharreborde-de-Parque-Cordillera-18x10.png 18w, https:\/\/asociacionparquecordillera.cl\/wp-content\/uploads\/2024\/11\/Monitores-Carlos-Pertuze-Iglesias-y-Salvador-Cazabon-Ilharreborde-de-Parque-Cordillera.png 596w\" sizes=\"(max-width: 300px) 100vw, 300px\" \/><\/p>\n<p><span style=\"font-weight: 400;\">Salvador en tanto, adem\u00e1s de ejercer su rol como monitor en Aguas de Ram\u00f3n, los d\u00edas s\u00e1bados es apoyo de guardaparque en el <\/span><span style=\"font-weight: 400;\">Parque Cerro del Medio ubicado en la comuna de Lo Barnechea. <\/span><span style=\"font-weight: 400;\">\u201cMe gusta lo que hago y feliz tambi\u00e9n ser\u00eda guardabosque\u201d, comenta, aunque a su edad asegura que ya no est\u00e1 para el trabajo administrativo que conlleva el cargo, mientras tambi\u00e9n comparte c\u00f3mo fue su infancia en la d\u00e9cada de los a\u00f1os 40, la cual vivi\u00f3 entre Cuba y Francia, hasta que la vida ya lo trajo de regreso a Chile mientras a\u00fan era tan solo un ni\u00f1o.<\/span><\/p>\n<p><span style=\"font-weight: 400;\">Mientras Carlos y Salvador recorren el sendero, ambos portan radios que les permiten comunicarse tanto entre ellos, como tambi\u00e9n con los otros monitores del parque, el cual durante un d\u00eda normal de noviembre, recibe simult\u00e1neamente m\u00e1s de diez colegios de distintas comunas de la regi\u00f3n Metropolitana. \u201cNosotros nos preocupamos personalmente de recibir a los profesores y a los ni\u00f1os cuando bajan de su bus y, al terminar la actividad, nos despedimos en el mismo lugar. As\u00ed nosotros nos quedamos tranquilos de que ellos llegar\u00e1n bien\u201d, comentan en sinton\u00eda ambos monitores, quienes agregan que \u201calgunos colegios nos piden\u201d, en reconocimiento por su compromiso y entrega.<\/span><\/p>\n<p><span style=\"font-weight: 400;\">El Parque Aguas de Ram\u00f3n cuenta con cuatro distintos senderos, incluyendo cascadas y pozones en los cuales los visitantes aprovechan para ba\u00f1arse y descansar un rato. En el intertanto, las bromas entre los dos monitores no faltan: \u201c\u00a1Deber\u00edas usar aud\u00edfonos!\u201d, le dice Carlos a Salvador cuando este \u00faltimo no lo escucha, quien a su vez le responde: \u201c\u00a1y t\u00fa los bastones!\u201d, recordando que tiempo atr\u00e1s le facilit\u00f3 un par de bastones suyos para que Carlos cuidara su rodilla derecha, sin embargo, no los us\u00f3 y se los <\/span><span style=\"font-weight: 400;\">devolvi\u00f3.<\/span><\/p>\n<p><span style=\"font-weight: 400;\">Pero m\u00e1s all\u00e1 de cualquier broma, ambos con mucho orgullo comentan que son socios del parque desde hace varios a\u00f1os. Incluso, Carlos se inscribi\u00f3 como el socio N\u00b01, momento en el cual le entregaron un carnet de cart\u00f3n y que recuerda como si hubiese sido ayer. Hoy, para Carlos y Salvador, el senderismo es algo clave en sus vidas, que les permite no solo mantenerse activos y en buen estado f\u00edsico, sino tambi\u00e9n tener un prop\u00f3sito y estar en contacto con las nuevas generaciones a quienes buscan traspasar este legado.<\/span><\/p>","protected":false},"excerpt":{"rendered":"<p>Carlos Pertuz\u00e9 y Salvador Cazab\u00f3n: Monitores de 83 a\u00f1os de edad realizan tres senderos a la semana junto a Parque Cordillera &nbsp; Este 9 de noviembre, tanto Carlos como Salvador, cumplen 15 a\u00f1os prestando servicios como monitores ambientales del Parque Aguas de Ram\u00f3n administrado por la Asociaci\u00f3n Parque Cordillera, y sus compa\u00f1eros los reconocen con [&hellip;]<\/p>","protected":false},"author":8,"featured_media":5486,"comment_status":"closed","ping_status":"closed","sticky":false,"template":"","format":"standard","meta":{"site-sidebar-layout":"default","site-content-layout":"","ast-site-content-layout":"default","site-content-style":"default","site-sidebar-style":"default","ast-global-header-display":"","ast-banner-title-visibility":"","ast-main-header-display":"","ast-hfb-above-header-display":"","ast-hfb-below-header-display":"","ast-hfb-mobile-header-display":"","site-post-title":"","ast-breadcrumbs-content":"","ast-featured-img":"","footer-sml-layout":"","theme-transparent-header-meta":"default","adv-header-id-meta":"","stick-header-meta":"default","header-above-stick-meta":"","header-main-stick-meta":"","header-below-stick-meta":"","astra-migrate-meta-layouts":"set","ast-page-background-enabled":"default","ast-page-background-meta":{"desktop":{"background-color":"var(--ast-global-color-4)","background-image":"","background-repeat":"repeat","background-position":"center center","background-size":"auto","background-attachment":"scroll","background-type":"","background-media":"","overlay-type":"","overlay-color":"","overlay-opacity":"","overlay-gradient":""},"tablet":{"background-color":"","background-image":"","background-repeat":"repeat","background-position":"center center","background-size":"auto","background-attachment":"scroll","background-type":"","background-media":"","overlay-type":"","overlay-color":"","overlay-opacity":"","overlay-gradient":""},"mobile":{"background-color":"","background-image":"","background-repeat":"repeat","background-position":"center center","background-size":"auto","background-attachment":"scroll","background-type":"","background-media":"","overlay-type":"","overlay-color":"","overlay-opacity":"","overlay-gradient":""}},"ast-content-background-meta":{"desktop":{"background-color":"var(--ast-global-color-5)","background-image":"","background-repeat":"repeat","background-position":"center center","background-size":"auto","background-attachment":"scroll","background-type":"","background-media":"","overlay-type":"","overlay-color":"","overlay-opacity":"","overlay-gradient":""},"tablet":{"background-color":"var(--ast-global-color-5)","background-image":"","background-repeat":"repeat","background-position":"center center","background-size":"auto","background-attachment":"scroll","background-type":"","background-media":"","overlay-type":"","overlay-color":"","overlay-opacity":"","overlay-gradient":""},"mobile":{"background-color":"var(--ast-global-color-5)","background-image":"","background-repeat":"repeat","background-position":"center center","background-size":"auto","background-attachment":"scroll","background-type":"","background-media":"","overlay-type":"","overlay-color":"","overlay-opacity":"","overlay-gradient":""}},"footnotes":""},"categories":[23],"tags":[],"slider-category":[],"class_list":["post-4653","post","type-post","status-publish","format-standard","has-post-thumbnail","hentry","category-educacion-ambiental"],"yoast_head":"<!-- This site is optimized with the Yoast SEO Premium plugin v22.9 (Yoast SEO v23.9) - https:\/\/yoast.com\/wordpress\/plugins\/seo\/ -->\n<title>Carlos Pertuz\u00e9 y Salvador Cazab\u00f3n: Monitores de 83 a\u00f1os de edad - Asociaci\u00f3n Parque Cordillera - Parques Regi\u00f3n Metropolitana<\/title>\n<meta name=\"description\" content=\"Carlos Pertuz\u00e9 y Salvador Cazab\u00f3n: Monitores de 83 a\u00f1os de edad realizan tres senderos a la semana junto a Parque Cordillera &nbsp; Este 9 de noviembre,\" \/>\n<meta name=\"robots\" content=\"index, follow, max-snippet:-1, max-image-preview:large, max-video-preview:-1\" \/>\n<link rel=\"canonical\" href=\"https:\/\/asociacionparquecordillera.cl\/en\/carlos-pertuze-y-salvador-cazabon-monitores-de-83-anos-de-edad-realizan-tres-senderos-a-la-semana-junto-a-parque-cordillera\/\" \/>\n<meta property=\"og:locale\" content=\"en_US\" \/>\n<meta property=\"og:type\" content=\"article\" \/>\n<meta property=\"og:title\" content=\"Carlos Pertuz\u00e9 y Salvador Cazab\u00f3n: Monitores de 83 a\u00f1os de edad\" \/>\n<meta property=\"og:description\" content=\"Carlos Pertuz\u00e9 y Salvador Cazab\u00f3n: Monitores de 83 a\u00f1os de edad realizan tres senderos a la semana junto a Parque Cordillera &nbsp; Este 9 de noviembre,\" \/>\n<meta property=\"og:url\" content=\"https:\/\/asociacionparquecordillera.cl\/en\/carlos-pertuze-y-salvador-cazabon-monitores-de-83-anos-de-edad-realizan-tres-senderos-a-la-semana-junto-a-parque-cordillera\/\" \/>\n<meta property=\"og:site_name\" content=\"Asociaci\u00f3n Parque Cordillera - Parques Regi\u00f3n Metropolitana\" \/>\n<meta property=\"article:published_time\" content=\"2024-11-15T13:10:56+00:00\" \/>\n<meta property=\"article:modified_time\" content=\"2025-07-02T17:51:55+00:00\" \/>\n<meta property=\"og:image\" content=\"https:\/\/asociacionparquecordillera.cl\/wp-content\/uploads\/2024\/11\/Monitores-de-83-anos-realizando-trekkings-en-Parque-Cordillera.png\" \/>\n\t<meta property=\"og:image:width\" content=\"596\" \/>\n\t<meta property=\"og:image:height\" content=\"395\" \/>\n\t<meta property=\"og:image:type\" content=\"image\/png\" \/>\n<meta name=\"author\" content=\"Alejandro Albornoz\" \/>\n<meta name=\"twitter:card\" content=\"summary_large_image\" \/>\n<meta name=\"twitter:label1\" content=\"Written by\" \/>\n\t<meta name=\"twitter:data1\" content=\"Alejandro Albornoz\" \/>\n\t<meta name=\"twitter:label2\" content=\"Est. reading time\" \/>\n\t<meta name=\"twitter:data2\" content=\"5 minutes\" \/>\n<script type=\"application\/ld+json\" class=\"yoast-schema-graph\">{\"@context\":\"https:\/\/schema.org\",\"@graph\":[{\"@type\":\"Article\",\"@id\":\"https:\/\/asociacionparquecordillera.cl\/carlos-pertuze-y-salvador-cazabon-monitores-de-83-anos-de-edad-realizan-tres-senderos-a-la-semana-junto-a-parque-cordillera\/#article\",\"isPartOf\":{\"@id\":\"https:\/\/asociacionparquecordillera.cl\/carlos-pertuze-y-salvador-cazabon-monitores-de-83-anos-de-edad-realizan-tres-senderos-a-la-semana-junto-a-parque-cordillera\/\"},\"author\":{\"name\":\"Alejandro Albornoz\",\"@id\":\"https:\/\/asociacionparquecordillera.cl\/#\/schema\/person\/2640f49b096aa0717d1150f9708ee6b9\"},\"headline\":\"Carlos Pertuz\u00e9 y Salvador Cazab\u00f3n: Monitores de 83 a\u00f1os de edad\",\"datePublished\":\"2024-11-15T13:10:56+00:00\",\"dateModified\":\"2025-07-02T17:51:55+00:00\",\"mainEntityOfPage\":{\"@id\":\"https:\/\/asociacionparquecordillera.cl\/carlos-pertuze-y-salvador-cazabon-monitores-de-83-anos-de-edad-realizan-tres-senderos-a-la-semana-junto-a-parque-cordillera\/\"},\"wordCount\":947,\"publisher\":{\"@id\":\"https:\/\/asociacionparquecordillera.cl\/#organization\"},\"image\":{\"@id\":\"https:\/\/asociacionparquecordillera.cl\/carlos-pertuze-y-salvador-cazabon-monitores-de-83-anos-de-edad-realizan-tres-senderos-a-la-semana-junto-a-parque-cordillera\/#primaryimage\"},\"thumbnailUrl\":\"https:\/\/asociacionparquecordillera.cl\/wp-content\/uploads\/2024\/11\/Monitores-de-83-anos-realizando-trekkings-en-Parque-Cordillera.png\",\"articleSection\":[\"Educaci\u00f3n ambiental\"],\"inLanguage\":\"en-US\"},{\"@type\":\"WebPage\",\"@id\":\"https:\/\/asociacionparquecordillera.cl\/carlos-pertuze-y-salvador-cazabon-monitores-de-83-anos-de-edad-realizan-tres-senderos-a-la-semana-junto-a-parque-cordillera\/\",\"url\":\"https:\/\/asociacionparquecordillera.cl\/carlos-pertuze-y-salvador-cazabon-monitores-de-83-anos-de-edad-realizan-tres-senderos-a-la-semana-junto-a-parque-cordillera\/\",\"name\":\"Carlos Pertuz\u00e9 y Salvador Cazab\u00f3n: Monitores de 83 a\u00f1os de edad - Asociaci\u00f3n Parque Cordillera - Parques Regi\u00f3n Metropolitana\",\"isPartOf\":{\"@id\":\"https:\/\/asociacionparquecordillera.cl\/#website\"},\"primaryImageOfPage\":{\"@id\":\"https:\/\/asociacionparquecordillera.cl\/carlos-pertuze-y-salvador-cazabon-monitores-de-83-anos-de-edad-realizan-tres-senderos-a-la-semana-junto-a-parque-cordillera\/#primaryimage\"},\"image\":{\"@id\":\"https:\/\/asociacionparquecordillera.cl\/carlos-pertuze-y-salvador-cazabon-monitores-de-83-anos-de-edad-realizan-tres-senderos-a-la-semana-junto-a-parque-cordillera\/#primaryimage\"},\"thumbnailUrl\":\"https:\/\/asociacionparquecordillera.cl\/wp-content\/uploads\/2024\/11\/Monitores-de-83-anos-realizando-trekkings-en-Parque-Cordillera.png\",\"datePublished\":\"2024-11-15T13:10:56+00:00\",\"dateModified\":\"2025-07-02T17:51:55+00:00\",\"description\":\"Carlos Pertuz\u00e9 y Salvador Cazab\u00f3n: Monitores de 83 a\u00f1os de edad realizan tres senderos a la semana junto a Parque Cordillera &nbsp; Este 9 de noviembre,\",\"breadcrumb\":{\"@id\":\"https:\/\/asociacionparquecordillera.cl\/carlos-pertuze-y-salvador-cazabon-monitores-de-83-anos-de-edad-realizan-tres-senderos-a-la-semana-junto-a-parque-cordillera\/#breadcrumb\"},\"inLanguage\":\"en-US\",\"potentialAction\":[{\"@type\":\"ReadAction\",\"target\":[\"https:\/\/asociacionparquecordillera.cl\/carlos-pertuze-y-salvador-cazabon-monitores-de-83-anos-de-edad-realizan-tres-senderos-a-la-semana-junto-a-parque-cordillera\/\"]}]},{\"@type\":\"ImageObject\",\"inLanguage\":\"en-US\",\"@id\":\"https:\/\/asociacionparquecordillera.cl\/carlos-pertuze-y-salvador-cazabon-monitores-de-83-anos-de-edad-realizan-tres-senderos-a-la-semana-junto-a-parque-cordillera\/#primaryimage\",\"url\":\"https:\/\/asociacionparquecordillera.cl\/wp-content\/uploads\/2024\/11\/Monitores-de-83-anos-realizando-trekkings-en-Parque-Cordillera.png\",\"contentUrl\":\"https:\/\/asociacionparquecordillera.cl\/wp-content\/uploads\/2024\/11\/Monitores-de-83-anos-realizando-trekkings-en-Parque-Cordillera.png\",\"width\":596,\"height\":395},{\"@type\":\"BreadcrumbList\",\"@id\":\"https:\/\/asociacionparquecordillera.cl\/carlos-pertuze-y-salvador-cazabon-monitores-de-83-anos-de-edad-realizan-tres-senderos-a-la-semana-junto-a-parque-cordillera\/#breadcrumb\",\"itemListElement\":[{\"@type\":\"ListItem\",\"position\":1,\"name\":\"Home\",\"item\":\"https:\/\/asociacionparquecordillera.cl\/\"},{\"@type\":\"ListItem\",\"position\":2,\"name\":\"Carlos Pertuz\u00e9 y Salvador Cazab\u00f3n: Monitores de 83 a\u00f1os de edad\"}]},{\"@type\":\"WebSite\",\"@id\":\"https:\/\/asociacionparquecordillera.cl\/#website\",\"url\":\"https:\/\/asociacionparquecordillera.cl\/\",\"name\":\"Asociaci\u00f3n Parque Cordillera - Parques Regi\u00f3n Metropolitana\",\"description\":\"Asociaci\u00f3n Parque Cordillera promueve la conservaci\u00f3n de la precordillera de Santiago mediante la administraci\u00f3n de parques naturales y el fomento de la educaci\u00f3n ambiental y el turismo sustentable.\",\"publisher\":{\"@id\":\"https:\/\/asociacionparquecordillera.cl\/#organization\"},\"alternateName\":\"Parque Cordillera\",\"potentialAction\":[{\"@type\":\"SearchAction\",\"target\":{\"@type\":\"EntryPoint\",\"urlTemplate\":\"https:\/\/asociacionparquecordillera.cl\/?s={search_term_string}\"},\"query-input\":{\"@type\":\"PropertyValueSpecification\",\"valueRequired\":true,\"valueName\":\"search_term_string\"}}],\"inLanguage\":\"en-US\"},{\"@type\":\"Organization\",\"@id\":\"https:\/\/asociacionparquecordillera.cl\/#organization\",\"name\":\"Asociaci\u00f3n Parque Cordillera - Parques Regi\u00f3n Metropolitana\",\"alternateName\":\"Parque Cordillera\",\"url\":\"https:\/\/asociacionparquecordillera.cl\/\",\"logo\":{\"@type\":\"ImageObject\",\"inLanguage\":\"en-US\",\"@id\":\"https:\/\/asociacionparquecordillera.cl\/#\/schema\/logo\/image\/\",\"url\":\"https:\/\/asociacionparquecordillera.cl\/wp-content\/uploads\/2023\/01\/logo-apc-white-2.svg\",\"contentUrl\":\"https:\/\/asociacionparquecordillera.cl\/wp-content\/uploads\/2023\/01\/logo-apc-white-2.svg\",\"width\":240.789999999999992041921359486877918243408203125,\"height\":80.969999999999998863131622783839702606201171875,\"caption\":\"Asociaci\u00f3n Parque Cordillera - Parques Regi\u00f3n Metropolitana\"},\"image\":{\"@id\":\"https:\/\/asociacionparquecordillera.cl\/#\/schema\/logo\/image\/\"}},{\"@type\":\"Person\",\"@id\":\"https:\/\/asociacionparquecordillera.cl\/#\/schema\/person\/2640f49b096aa0717d1150f9708ee6b9\",\"name\":\"Alejandro Albornoz\",\"image\":{\"@type\":\"ImageObject\",\"inLanguage\":\"en-US\",\"@id\":\"https:\/\/asociacionparquecordillera.cl\/#\/schema\/person\/image\/\",\"url\":\"https:\/\/secure.gravatar.com\/avatar\/758aec5659ec6e8ada660b4c49f539cacd73130470e925941e3e9a1df5b5895a?s=96&d=mm&r=g\",\"contentUrl\":\"https:\/\/secure.gravatar.com\/avatar\/758aec5659ec6e8ada660b4c49f539cacd73130470e925941e3e9a1df5b5895a?s=96&d=mm&r=g\",\"caption\":\"Alejandro Albornoz\"},\"url\":\"https:\/\/asociacionparquecordillera.cl\/en\/author\/alejandro-albornoz\/\"}]}<\/script>\n<!-- \/ Yoast SEO Premium plugin. -->","yoast_head_json":{"title":"Carlos Pertuz\u00e9 y Salvador Cazab\u00f3n: Monitores de 83 a\u00f1os de edad - Asociaci\u00f3n Parque Cordillera - Parques Regi\u00f3n Metropolitana","description":"Carlos Pertuz\u00e9 y Salvador Cazab\u00f3n: Monitores de 83 a\u00f1os de edad realizan tres senderos a la semana junto a Parque Cordillera &nbsp; Este 9 de noviembre,","robots":{"index":"index","follow":"follow","max-snippet":"max-snippet:-1","max-image-preview":"max-image-preview:large","max-video-preview":"max-video-preview:-1"},"canonical":"https:\/\/asociacionparquecordillera.cl\/en\/carlos-pertuze-y-salvador-cazabon-monitores-de-83-anos-de-edad-realizan-tres-senderos-a-la-semana-junto-a-parque-cordillera\/","og_locale":"en_US","og_type":"article","og_title":"Carlos Pertuz\u00e9 y Salvador Cazab\u00f3n: Monitores de 83 a\u00f1os de edad","og_description":"Carlos Pertuz\u00e9 y Salvador Cazab\u00f3n: Monitores de 83 a\u00f1os de edad realizan tres senderos a la semana junto a Parque Cordillera &nbsp; Este 9 de noviembre,","og_url":"https:\/\/asociacionparquecordillera.cl\/en\/carlos-pertuze-y-salvador-cazabon-monitores-de-83-anos-de-edad-realizan-tres-senderos-a-la-semana-junto-a-parque-cordillera\/","og_site_name":"Asociaci\u00f3n Parque Cordillera - Parques Regi\u00f3n Metropolitana","article_published_time":"2024-11-15T13:10:56+00:00","article_modified_time":"2025-07-02T17:51:55+00:00","og_image":[{"width":596,"height":395,"url":"https:\/\/asociacionparquecordillera.cl\/wp-content\/uploads\/2024\/11\/Monitores-de-83-anos-realizando-trekkings-en-Parque-Cordillera.png","type":"image\/png"}],"author":"Alejandro Albornoz","twitter_card":"summary_large_image","twitter_misc":{"Written by":"Alejandro Albornoz","Est. reading time":"5 minutes"},"schema":{"@context":"https:\/\/schema.org","@graph":[{"@type":"Article","@id":"https:\/\/asociacionparquecordillera.cl\/carlos-pertuze-y-salvador-cazabon-monitores-de-83-anos-de-edad-realizan-tres-senderos-a-la-semana-junto-a-parque-cordillera\/#article","isPartOf":{"@id":"https:\/\/asociacionparquecordillera.cl\/carlos-pertuze-y-salvador-cazabon-monitores-de-83-anos-de-edad-realizan-tres-senderos-a-la-semana-junto-a-parque-cordillera\/"},"author":{"name":"Alejandro Albornoz","@id":"https:\/\/asociacionparquecordillera.cl\/#\/schema\/person\/2640f49b096aa0717d1150f9708ee6b9"},"headline":"Carlos Pertuz\u00e9 y Salvador Cazab\u00f3n: Monitores de 83 a\u00f1os de edad","datePublished":"2024-11-15T13:10:56+00:00","dateModified":"2025-07-02T17:51:55+00:00","mainEntityOfPage":{"@id":"https:\/\/asociacionparquecordillera.cl\/carlos-pertuze-y-salvador-cazabon-monitores-de-83-anos-de-edad-realizan-tres-senderos-a-la-semana-junto-a-parque-cordillera\/"},"wordCount":947,"publisher":{"@id":"https:\/\/asociacionparquecordillera.cl\/#organization"},"image":{"@id":"https:\/\/asociacionparquecordillera.cl\/carlos-pertuze-y-salvador-cazabon-monitores-de-83-anos-de-edad-realizan-tres-senderos-a-la-semana-junto-a-parque-cordillera\/#primaryimage"},"thumbnailUrl":"https:\/\/asociacionparquecordillera.cl\/wp-content\/uploads\/2024\/11\/Monitores-de-83-anos-realizando-trekkings-en-Parque-Cordillera.png","articleSection":["Educaci\u00f3n ambiental"],"inLanguage":"en-US"},{"@type":"WebPage","@id":"https:\/\/asociacionparquecordillera.cl\/carlos-pertuze-y-salvador-cazabon-monitores-de-83-anos-de-edad-realizan-tres-senderos-a-la-semana-junto-a-parque-cordillera\/","url":"https:\/\/asociacionparquecordillera.cl\/carlos-pertuze-y-salvador-cazabon-monitores-de-83-anos-de-edad-realizan-tres-senderos-a-la-semana-junto-a-parque-cordillera\/","name":"Carlos Pertuz\u00e9 y Salvador Cazab\u00f3n: Monitores de 83 a\u00f1os de edad - Asociaci\u00f3n Parque Cordillera - Parques Regi\u00f3n Metropolitana","isPartOf":{"@id":"https:\/\/asociacionparquecordillera.cl\/#website"},"primaryImageOfPage":{"@id":"https:\/\/asociacionparquecordillera.cl\/carlos-pertuze-y-salvador-cazabon-monitores-de-83-anos-de-edad-realizan-tres-senderos-a-la-semana-junto-a-parque-cordillera\/#primaryimage"},"image":{"@id":"https:\/\/asociacionparquecordillera.cl\/carlos-pertuze-y-salvador-cazabon-monitores-de-83-anos-de-edad-realizan-tres-senderos-a-la-semana-junto-a-parque-cordillera\/#primaryimage"},"thumbnailUrl":"https:\/\/asociacionparquecordillera.cl\/wp-content\/uploads\/2024\/11\/Monitores-de-83-anos-realizando-trekkings-en-Parque-Cordillera.png","datePublished":"2024-11-15T13:10:56+00:00","dateModified":"2025-07-02T17:51:55+00:00","description":"Carlos Pertuz\u00e9 y Salvador Cazab\u00f3n: Monitores de 83 a\u00f1os de edad realizan tres senderos a la semana junto a Parque Cordillera &nbsp; Este 9 de noviembre,","breadcrumb":{"@id":"https:\/\/asociacionparquecordillera.cl\/carlos-pertuze-y-salvador-cazabon-monitores-de-83-anos-de-edad-realizan-tres-senderos-a-la-semana-junto-a-parque-cordillera\/#breadcrumb"},"inLanguage":"en-US","potentialAction":[{"@type":"ReadAction","target":["https:\/\/asociacionparquecordillera.cl\/carlos-pertuze-y-salvador-cazabon-monitores-de-83-anos-de-edad-realizan-tres-senderos-a-la-semana-junto-a-parque-cordillera\/"]}]},{"@type":"ImageObject","inLanguage":"en-US","@id":"https:\/\/asociacionparquecordillera.cl\/carlos-pertuze-y-salvador-cazabon-monitores-de-83-anos-de-edad-realizan-tres-senderos-a-la-semana-junto-a-parque-cordillera\/#primaryimage","url":"https:\/\/asociacionparquecordillera.cl\/wp-content\/uploads\/2024\/11\/Monitores-de-83-anos-realizando-trekkings-en-Parque-Cordillera.png","contentUrl":"https:\/\/asociacionparquecordillera.cl\/wp-content\/uploads\/2024\/11\/Monitores-de-83-anos-realizando-trekkings-en-Parque-Cordillera.png","width":596,"height":395},{"@type":"BreadcrumbList","@id":"https:\/\/asociacionparquecordillera.cl\/carlos-pertuze-y-salvador-cazabon-monitores-de-83-anos-de-edad-realizan-tres-senderos-a-la-semana-junto-a-parque-cordillera\/#breadcrumb","itemListElement":[{"@type":"ListItem","position":1,"name":"Home","item":"https:\/\/asociacionparquecordillera.cl\/"},{"@type":"ListItem","position":2,"name":"Carlos Pertuz\u00e9 y Salvador Cazab\u00f3n: Monitores de 83 a\u00f1os de edad"}]},{"@type":"WebSite","@id":"https:\/\/asociacionparquecordillera.cl\/#website","url":"https:\/\/asociacionparquecordillera.cl\/","name":"Asociaci\u00f3n Parque Cordillera - Parques Regi\u00f3n Metropolitana","description":"Asociaci\u00f3n Parque Cordillera promueve la conservaci\u00f3n de la precordillera de Santiago mediante la administraci\u00f3n de parques naturales y el fomento de la educaci\u00f3n ambiental y el turismo sustentable.","publisher":{"@id":"https:\/\/asociacionparquecordillera.cl\/#organization"},"alternateName":"Parque Cordillera","potentialAction":[{"@type":"SearchAction","target":{"@type":"EntryPoint","urlTemplate":"https:\/\/asociacionparquecordillera.cl\/?s={search_term_string}"},"query-input":{"@type":"PropertyValueSpecification","valueRequired":true,"valueName":"search_term_string"}}],"inLanguage":"en-US"},{"@type":"Organization","@id":"https:\/\/asociacionparquecordillera.cl\/#organization","name":"Asociaci\u00f3n Parque Cordillera - Parques Regi\u00f3n Metropolitana","alternateName":"Parque Cordillera","url":"https:\/\/asociacionparquecordillera.cl\/","logo":{"@type":"ImageObject","inLanguage":"en-US","@id":"https:\/\/asociacionparquecordillera.cl\/#\/schema\/logo\/image\/","url":"https:\/\/asociacionparquecordillera.cl\/wp-content\/uploads\/2023\/01\/logo-apc-white-2.svg","contentUrl":"https:\/\/asociacionparquecordillera.cl\/wp-content\/uploads\/2023\/01\/logo-apc-white-2.svg","width":240.789999999999992041921359486877918243408203125,"height":80.969999999999998863131622783839702606201171875,"caption":"Asociaci\u00f3n Parque Cordillera - Parques Regi\u00f3n Metropolitana"},"image":{"@id":"https:\/\/asociacionparquecordillera.cl\/#\/schema\/logo\/image\/"}},{"@type":"Person","@id":"https:\/\/asociacionparquecordillera.cl\/#\/schema\/person\/2640f49b096aa0717d1150f9708ee6b9","name":"Alejandro Albornoz","image":{"@type":"ImageObject","inLanguage":"en-US","@id":"https:\/\/asociacionparquecordillera.cl\/#\/schema\/person\/image\/","url":"https:\/\/secure.gravatar.com\/avatar\/758aec5659ec6e8ada660b4c49f539cacd73130470e925941e3e9a1df5b5895a?s=96&d=mm&r=g","contentUrl":"https:\/\/secure.gravatar.com\/avatar\/758aec5659ec6e8ada660b4c49f539cacd73130470e925941e3e9a1df5b5895a?s=96&d=mm&r=g","caption":"Alejandro Albornoz"},"url":"https:\/\/asociacionparquecordillera.cl\/en\/author\/alejandro-albornoz\/"}]}},"_links":{"self":[{"href":"https:\/\/asociacionparquecordillera.cl\/en\/wp-json\/wp\/v2\/posts\/4653","targetHints":{"allow":["GET"]}}],"collection":[{"href":"https:\/\/asociacionparquecordillera.cl\/en\/wp-json\/wp\/v2\/posts"}],"about":[{"href":"https:\/\/asociacionparquecordillera.cl\/en\/wp-json\/wp\/v2\/types\/post"}],"author":[{"embeddable":true,"href":"https:\/\/asociacionparquecordillera.cl\/en\/wp-json\/wp\/v2\/users\/8"}],"replies":[{"embeddable":true,"href":"https:\/\/asociacionparquecordillera.cl\/en\/wp-json\/wp\/v2\/comments?post=4653"}],"version-history":[{"count":8,"href":"https:\/\/asociacionparquecordillera.cl\/en\/wp-json\/wp\/v2\/posts\/4653\/revisions"}],"predecessor-version":[{"id":5788,"href":"https:\/\/asociacionparquecordillera.cl\/en\/wp-json\/wp\/v2\/posts\/4653\/revisions\/5788"}],"wp:featuredmedia":[{"embeddable":true,"href":"https:\/\/asociacionparquecordillera.cl\/en\/wp-json\/wp\/v2\/media\/5486"}],"wp:attachment":[{"href":"https:\/\/asociacionparquecordillera.cl\/en\/wp-json\/wp\/v2\/media?parent=4653"}],"wp:term":[{"taxonomy":"category","embeddable":true,"href":"https:\/\/asociacionparquecordillera.cl\/en\/wp-json\/wp\/v2\/categories?post=4653"},{"taxonomy":"post_tag","embeddable":true,"href":"https:\/\/asociacionparquecordillera.cl\/en\/wp-json\/wp\/v2\/tags?post=4653"},{"taxonomy":"slider-category","embeddable":true,"href":"https:\/\/asociacionparquecordillera.cl\/en\/wp-json\/wp\/v2\/slider-category?post=4653"}],"curies":[{"name":"wp","href":"https:\/\/api.w.org\/{rel}","templated":true}]}}