{"id":4762,"date":"2024-12-17T14:05:07","date_gmt":"2024-12-17T17:05:07","guid":{"rendered":"https:\/\/asociacionparquecordillera.cl\/?p=4762"},"modified":"2025-07-02T14:49:38","modified_gmt":"2025-07-02T18:49:38","slug":"de-la-jubilacion-a-los-senderos","status":"publish","type":"post","link":"https:\/\/asociacionparquecordillera.cl\/en\/de-la-jubilacion-a-los-senderos\/","title":{"rendered":"Diario El Mercurio: \u00abDe la Jubilaci\u00f3n a los Senderos\u00bb"},"content":{"rendered":"<p><a href=\"https:\/\/digital.elmercurio.com\/2024\/12\/17\/EE-TAB-T\/4Q4GIEMK#zoom=page-width\"><img fetchpriority=\"high\" decoding=\"async\" class=\"alignnone size-full wp-image-4763\" src=\"https:\/\/asociacionparquecordillera.cl\/wp-content\/uploads\/2024\/12\/Nota-el-mercurio.jpg\" alt=\"\" width=\"2154\" height=\"2370\" srcset=\"https:\/\/asociacionparquecordillera.cl\/wp-content\/uploads\/2024\/12\/Nota-el-mercurio.jpg 2154w, https:\/\/asociacionparquecordillera.cl\/wp-content\/uploads\/2024\/12\/Nota-el-mercurio-273x300.jpg 273w, https:\/\/asociacionparquecordillera.cl\/wp-content\/uploads\/2024\/12\/Nota-el-mercurio-931x1024.jpg 931w, https:\/\/asociacionparquecordillera.cl\/wp-content\/uploads\/2024\/12\/Nota-el-mercurio-768x845.jpg 768w, https:\/\/asociacionparquecordillera.cl\/wp-content\/uploads\/2024\/12\/Nota-el-mercurio-1396x1536.jpg 1396w, https:\/\/asociacionparquecordillera.cl\/wp-content\/uploads\/2024\/12\/Nota-el-mercurio-1861x2048.jpg 1861w, https:\/\/asociacionparquecordillera.cl\/wp-content\/uploads\/2024\/12\/Nota-el-mercurio-11x12.jpg 11w\" sizes=\"(max-width: 2154px) 100vw, 2154px\" \/><\/a>Fuente: Diario El Mercurio, suplemento Outdoor, 17 de diciembre 2024<\/p>","protected":false},"excerpt":{"rendered":"<p>Fuente: Diario El Mercurio, suplemento Outdoor, 17 de diciembre 2024<\/p>","protected":false},"author":8,"featured_media":5827,"comment_status":"closed","ping_status":"closed","sticky":false,"template":"","format":"standard","meta":{"site-sidebar-layout":"default","site-content-layout":"","ast-site-content-layout":"default","site-content-style":"default","site-sidebar-style":"default","ast-global-header-display":"","ast-banner-title-visibility":"","ast-main-header-display":"","ast-hfb-above-header-display":"","ast-hfb-below-header-display":"","ast-hfb-mobile-header-display":"","site-post-title":"","ast-breadcrumbs-content":"","ast-featured-img":"","footer-sml-layout":"","theme-transparent-header-meta":"default","adv-header-id-meta":"","stick-header-meta":"default","header-above-stick-meta":"","header-main-stick-meta":"","header-below-stick-meta":"","astra-migrate-meta-layouts":"set","ast-page-background-enabled":"default","ast-page-background-meta":{"desktop":{"background-color":"var(--ast-global-color-4)","background-image":"","background-repeat":"repeat","background-position":"center center","background-size":"auto","background-attachment":"scroll","background-type":"","background-media":"","overlay-type":"","overlay-color":"","overlay-opacity":"","overlay-gradient":""},"tablet":{"background-color":"","background-image":"","background-repeat":"repeat","background-position":"center center","background-size":"auto","background-attachment":"scroll","background-type":"","background-media":"","overlay-type":"","overlay-color":"","overlay-opacity":"","overlay-gradient":""},"mobile":{"background-color":"","background-image":"","background-repeat":"repeat","background-position":"center center","background-size":"auto","background-attachment":"scroll","background-type":"","background-media":"","overlay-type":"","overlay-color":"","overlay-opacity":"","overlay-gradient":""}},"ast-content-background-meta":{"desktop":{"background-color":"var(--ast-global-color-5)","background-image":"","background-repeat":"repeat","background-position":"center center","background-size":"auto","background-attachment":"scroll","background-type":"","background-media":"","overlay-type":"","overlay-color":"","overlay-opacity":"","overlay-gradient":""},"tablet":{"background-color":"var(--ast-global-color-5)","background-image":"","background-repeat":"repeat","background-position":"center center","background-size":"auto","background-attachment":"scroll","background-type":"","background-media":"","overlay-type":"","overlay-color":"","overlay-opacity":"","overlay-gradient":""},"mobile":{"background-color":"var(--ast-global-color-5)","background-image":"","background-repeat":"repeat","background-position":"center center","background-size":"auto","background-attachment":"scroll","background-type":"","background-media":"","overlay-type":"","overlay-color":"","overlay-opacity":"","overlay-gradient":""}},"footnotes":""},"categories":[16],"tags":[],"slider-category":[],"class_list":["post-4762","post","type-post","status-publish","format-standard","has-post-thumbnail","hentry","category-prensa"],"yoast_head":"<!-- This site is optimized with the Yoast SEO Premium plugin v22.9 (Yoast SEO v23.9) - https:\/\/yoast.com\/wordpress\/plugins\/seo\/ -->\n<title>Diario El Mercurio: &quot;De la Jubilaci\u00f3n a los Senderos&quot; - Asociaci\u00f3n Parque Cordillera - Parques Regi\u00f3n Metropolitana<\/title>\n<meta name=\"description\" content=\"Fuente: Diario El Mercurio, suplemento Outdoor, 17 de diciembre 2024\" \/>\n<meta name=\"robots\" content=\"index, follow, max-snippet:-1, max-image-preview:large, max-video-preview:-1\" \/>\n<link rel=\"canonical\" href=\"https:\/\/asociacionparquecordillera.cl\/en\/de-la-jubilacion-a-los-senderos\/\" \/>\n<meta property=\"og:locale\" content=\"en_US\" \/>\n<meta property=\"og:type\" content=\"article\" \/>\n<meta property=\"og:title\" content=\"Diario El Mercurio: &quot;De la Jubilaci\u00f3n a los Senderos&quot;\" \/>\n<meta property=\"og:description\" content=\"Fuente: Diario El Mercurio, suplemento Outdoor, 17 de diciembre 2024\" \/>\n<meta property=\"og:url\" content=\"https:\/\/asociacionparquecordillera.cl\/en\/de-la-jubilacion-a-los-senderos\/\" \/>\n<meta property=\"og:site_name\" content=\"Asociaci\u00f3n Parque Cordillera - Parques Regi\u00f3n Metropolitana\" \/>\n<meta property=\"article:published_time\" content=\"2024-12-17T17:05:07+00:00\" \/>\n<meta property=\"article:modified_time\" content=\"2025-07-02T18:49:38+00:00\" \/>\n<meta property=\"og:image\" content=\"https:\/\/asociacionparquecordillera.cl\/wp-content\/uploads\/2024\/12\/imagen_2025-07-02_144708094.png\" \/>\n\t<meta property=\"og:image:width\" content=\"594\" \/>\n\t<meta property=\"og:image:height\" content=\"393\" \/>\n\t<meta property=\"og:image:type\" content=\"image\/png\" \/>\n<meta name=\"author\" content=\"Alejandro Albornoz\" \/>\n<meta name=\"twitter:card\" content=\"summary_large_image\" \/>\n<meta name=\"twitter:label1\" content=\"Written by\" \/>\n\t<meta name=\"twitter:data1\" content=\"Alejandro Albornoz\" \/>\n\t<meta name=\"twitter:label2\" content=\"Est. reading time\" \/>\n\t<meta name=\"twitter:data2\" content=\"1 minute\" \/>\n<script type=\"application\/ld+json\" class=\"yoast-schema-graph\">{\"@context\":\"https:\/\/schema.org\",\"@graph\":[{\"@type\":\"Article\",\"@id\":\"https:\/\/asociacionparquecordillera.cl\/de-la-jubilacion-a-los-senderos\/#article\",\"isPartOf\":{\"@id\":\"https:\/\/asociacionparquecordillera.cl\/de-la-jubilacion-a-los-senderos\/\"},\"author\":{\"name\":\"Alejandro Albornoz\",\"@id\":\"https:\/\/asociacionparquecordillera.cl\/#\/schema\/person\/2640f49b096aa0717d1150f9708ee6b9\"},\"headline\":\"Diario El Mercurio: \u00abDe la Jubilaci\u00f3n a los Senderos\u00bb\",\"datePublished\":\"2024-12-17T17:05:07+00:00\",\"dateModified\":\"2025-07-02T18:49:38+00:00\",\"mainEntityOfPage\":{\"@id\":\"https:\/\/asociacionparquecordillera.cl\/de-la-jubilacion-a-los-senderos\/\"},\"wordCount\":18,\"publisher\":{\"@id\":\"https:\/\/asociacionparquecordillera.cl\/#organization\"},\"image\":{\"@id\":\"https:\/\/asociacionparquecordillera.cl\/de-la-jubilacion-a-los-senderos\/#primaryimage\"},\"thumbnailUrl\":\"https:\/\/asociacionparquecordillera.cl\/wp-content\/uploads\/2024\/12\/imagen_2025-07-02_144708094.png\",\"articleSection\":[\"Prensa\"],\"inLanguage\":\"en-US\"},{\"@type\":\"WebPage\",\"@id\":\"https:\/\/asociacionparquecordillera.cl\/de-la-jubilacion-a-los-senderos\/\",\"url\":\"https:\/\/asociacionparquecordillera.cl\/de-la-jubilacion-a-los-senderos\/\",\"name\":\"Diario El Mercurio: \\\"De la Jubilaci\u00f3n a los Senderos\\\" - Asociaci\u00f3n Parque Cordillera - Parques Regi\u00f3n Metropolitana\",\"isPartOf\":{\"@id\":\"https:\/\/asociacionparquecordillera.cl\/#website\"},\"primaryImageOfPage\":{\"@id\":\"https:\/\/asociacionparquecordillera.cl\/de-la-jubilacion-a-los-senderos\/#primaryimage\"},\"image\":{\"@id\":\"https:\/\/asociacionparquecordillera.cl\/de-la-jubilacion-a-los-senderos\/#primaryimage\"},\"thumbnailUrl\":\"https:\/\/asociacionparquecordillera.cl\/wp-content\/uploads\/2024\/12\/imagen_2025-07-02_144708094.png\",\"datePublished\":\"2024-12-17T17:05:07+00:00\",\"dateModified\":\"2025-07-02T18:49:38+00:00\",\"description\":\"Fuente: Diario El Mercurio, suplemento Outdoor, 17 de diciembre 2024\",\"breadcrumb\":{\"@id\":\"https:\/\/asociacionparquecordillera.cl\/de-la-jubilacion-a-los-senderos\/#breadcrumb\"},\"inLanguage\":\"en-US\",\"potentialAction\":[{\"@type\":\"ReadAction\",\"target\":[\"https:\/\/asociacionparquecordillera.cl\/de-la-jubilacion-a-los-senderos\/\"]}]},{\"@type\":\"ImageObject\",\"inLanguage\":\"en-US\",\"@id\":\"https:\/\/asociacionparquecordillera.cl\/de-la-jubilacion-a-los-senderos\/#primaryimage\",\"url\":\"https:\/\/asociacionparquecordillera.cl\/wp-content\/uploads\/2024\/12\/imagen_2025-07-02_144708094.png\",\"contentUrl\":\"https:\/\/asociacionparquecordillera.cl\/wp-content\/uploads\/2024\/12\/imagen_2025-07-02_144708094.png\",\"width\":594,\"height\":393,\"caption\":\"Guardaparques de 83 a\u00f1os en Parque Cordillera\"},{\"@type\":\"BreadcrumbList\",\"@id\":\"https:\/\/asociacionparquecordillera.cl\/de-la-jubilacion-a-los-senderos\/#breadcrumb\",\"itemListElement\":[{\"@type\":\"ListItem\",\"position\":1,\"name\":\"Home\",\"item\":\"https:\/\/asociacionparquecordillera.cl\/\"},{\"@type\":\"ListItem\",\"position\":2,\"name\":\"Diario El Mercurio: \u00abDe la Jubilaci\u00f3n a los Senderos\u00bb\"}]},{\"@type\":\"WebSite\",\"@id\":\"https:\/\/asociacionparquecordillera.cl\/#website\",\"url\":\"https:\/\/asociacionparquecordillera.cl\/\",\"name\":\"Asociaci\u00f3n Parque Cordillera - Parques Regi\u00f3n Metropolitana\",\"description\":\"Asociaci\u00f3n Parque Cordillera promueve la conservaci\u00f3n de la precordillera de Santiago mediante la administraci\u00f3n de parques naturales y el fomento de la educaci\u00f3n ambiental y el turismo sustentable.\",\"publisher\":{\"@id\":\"https:\/\/asociacionparquecordillera.cl\/#organization\"},\"alternateName\":\"Parque Cordillera\",\"potentialAction\":[{\"@type\":\"SearchAction\",\"target\":{\"@type\":\"EntryPoint\",\"urlTemplate\":\"https:\/\/asociacionparquecordillera.cl\/?s={search_term_string}\"},\"query-input\":{\"@type\":\"PropertyValueSpecification\",\"valueRequired\":true,\"valueName\":\"search_term_string\"}}],\"inLanguage\":\"en-US\"},{\"@type\":\"Organization\",\"@id\":\"https:\/\/asociacionparquecordillera.cl\/#organization\",\"name\":\"Asociaci\u00f3n Parque Cordillera - Parques Regi\u00f3n Metropolitana\",\"alternateName\":\"Parque Cordillera\",\"url\":\"https:\/\/asociacionparquecordillera.cl\/\",\"logo\":{\"@type\":\"ImageObject\",\"inLanguage\":\"en-US\",\"@id\":\"https:\/\/asociacionparquecordillera.cl\/#\/schema\/logo\/image\/\",\"url\":\"https:\/\/asociacionparquecordillera.cl\/wp-content\/uploads\/2023\/01\/logo-apc-white-2.svg\",\"contentUrl\":\"https:\/\/asociacionparquecordillera.cl\/wp-content\/uploads\/2023\/01\/logo-apc-white-2.svg\",\"width\":240.789999999999992041921359486877918243408203125,\"height\":80.969999999999998863131622783839702606201171875,\"caption\":\"Asociaci\u00f3n Parque Cordillera - Parques Regi\u00f3n Metropolitana\"},\"image\":{\"@id\":\"https:\/\/asociacionparquecordillera.cl\/#\/schema\/logo\/image\/\"}},{\"@type\":\"Person\",\"@id\":\"https:\/\/asociacionparquecordillera.cl\/#\/schema\/person\/2640f49b096aa0717d1150f9708ee6b9\",\"name\":\"Alejandro Albornoz\",\"image\":{\"@type\":\"ImageObject\",\"inLanguage\":\"en-US\",\"@id\":\"https:\/\/asociacionparquecordillera.cl\/#\/schema\/person\/image\/\",\"url\":\"https:\/\/secure.gravatar.com\/avatar\/758aec5659ec6e8ada660b4c49f539cacd73130470e925941e3e9a1df5b5895a?s=96&d=mm&r=g\",\"contentUrl\":\"https:\/\/secure.gravatar.com\/avatar\/758aec5659ec6e8ada660b4c49f539cacd73130470e925941e3e9a1df5b5895a?s=96&d=mm&r=g\",\"caption\":\"Alejandro Albornoz\"},\"url\":\"https:\/\/asociacionparquecordillera.cl\/en\/author\/alejandro-albornoz\/\"}]}<\/script>\n<!-- \/ Yoast SEO Premium plugin. -->","yoast_head_json":{"title":"Diario El Mercurio: \"De la Jubilaci\u00f3n a los Senderos\" - Asociaci\u00f3n Parque Cordillera - Parques Regi\u00f3n Metropolitana","description":"Fuente: Diario El Mercurio, suplemento Outdoor, 17 de diciembre 2024","robots":{"index":"index","follow":"follow","max-snippet":"max-snippet:-1","max-image-preview":"max-image-preview:large","max-video-preview":"max-video-preview:-1"},"canonical":"https:\/\/asociacionparquecordillera.cl\/en\/de-la-jubilacion-a-los-senderos\/","og_locale":"en_US","og_type":"article","og_title":"Diario El Mercurio: \"De la Jubilaci\u00f3n a los Senderos\"","og_description":"Fuente: Diario El Mercurio, suplemento Outdoor, 17 de diciembre 2024","og_url":"https:\/\/asociacionparquecordillera.cl\/en\/de-la-jubilacion-a-los-senderos\/","og_site_name":"Asociaci\u00f3n Parque Cordillera - Parques Regi\u00f3n Metropolitana","article_published_time":"2024-12-17T17:05:07+00:00","article_modified_time":"2025-07-02T18:49:38+00:00","og_image":[{"width":594,"height":393,"url":"https:\/\/asociacionparquecordillera.cl\/wp-content\/uploads\/2024\/12\/imagen_2025-07-02_144708094.png","type":"image\/png"}],"author":"Alejandro Albornoz","twitter_card":"summary_large_image","twitter_misc":{"Written by":"Alejandro Albornoz","Est. reading time":"1 minute"},"schema":{"@context":"https:\/\/schema.org","@graph":[{"@type":"Article","@id":"https:\/\/asociacionparquecordillera.cl\/de-la-jubilacion-a-los-senderos\/#article","isPartOf":{"@id":"https:\/\/asociacionparquecordillera.cl\/de-la-jubilacion-a-los-senderos\/"},"author":{"name":"Alejandro Albornoz","@id":"https:\/\/asociacionparquecordillera.cl\/#\/schema\/person\/2640f49b096aa0717d1150f9708ee6b9"},"headline":"Diario El Mercurio: \u00abDe la Jubilaci\u00f3n a los Senderos\u00bb","datePublished":"2024-12-17T17:05:07+00:00","dateModified":"2025-07-02T18:49:38+00:00","mainEntityOfPage":{"@id":"https:\/\/asociacionparquecordillera.cl\/de-la-jubilacion-a-los-senderos\/"},"wordCount":18,"publisher":{"@id":"https:\/\/asociacionparquecordillera.cl\/#organization"},"image":{"@id":"https:\/\/asociacionparquecordillera.cl\/de-la-jubilacion-a-los-senderos\/#primaryimage"},"thumbnailUrl":"https:\/\/asociacionparquecordillera.cl\/wp-content\/uploads\/2024\/12\/imagen_2025-07-02_144708094.png","articleSection":["Prensa"],"inLanguage":"en-US"},{"@type":"WebPage","@id":"https:\/\/asociacionparquecordillera.cl\/de-la-jubilacion-a-los-senderos\/","url":"https:\/\/asociacionparquecordillera.cl\/de-la-jubilacion-a-los-senderos\/","name":"Diario El Mercurio: \"De la Jubilaci\u00f3n a los Senderos\" - Asociaci\u00f3n Parque Cordillera - Parques Regi\u00f3n Metropolitana","isPartOf":{"@id":"https:\/\/asociacionparquecordillera.cl\/#website"},"primaryImageOfPage":{"@id":"https:\/\/asociacionparquecordillera.cl\/de-la-jubilacion-a-los-senderos\/#primaryimage"},"image":{"@id":"https:\/\/asociacionparquecordillera.cl\/de-la-jubilacion-a-los-senderos\/#primaryimage"},"thumbnailUrl":"https:\/\/asociacionparquecordillera.cl\/wp-content\/uploads\/2024\/12\/imagen_2025-07-02_144708094.png","datePublished":"2024-12-17T17:05:07+00:00","dateModified":"2025-07-02T18:49:38+00:00","description":"Fuente: Diario El Mercurio, suplemento Outdoor, 17 de diciembre 2024","breadcrumb":{"@id":"https:\/\/asociacionparquecordillera.cl\/de-la-jubilacion-a-los-senderos\/#breadcrumb"},"inLanguage":"en-US","potentialAction":[{"@type":"ReadAction","target":["https:\/\/asociacionparquecordillera.cl\/de-la-jubilacion-a-los-senderos\/"]}]},{"@type":"ImageObject","inLanguage":"en-US","@id":"https:\/\/asociacionparquecordillera.cl\/de-la-jubilacion-a-los-senderos\/#primaryimage","url":"https:\/\/asociacionparquecordillera.cl\/wp-content\/uploads\/2024\/12\/imagen_2025-07-02_144708094.png","contentUrl":"https:\/\/asociacionparquecordillera.cl\/wp-content\/uploads\/2024\/12\/imagen_2025-07-02_144708094.png","width":594,"height":393,"caption":"Guardaparques de 83 a\u00f1os en Parque Cordillera"},{"@type":"BreadcrumbList","@id":"https:\/\/asociacionparquecordillera.cl\/de-la-jubilacion-a-los-senderos\/#breadcrumb","itemListElement":[{"@type":"ListItem","position":1,"name":"Home","item":"https:\/\/asociacionparquecordillera.cl\/"},{"@type":"ListItem","position":2,"name":"Diario El Mercurio: \u00abDe la Jubilaci\u00f3n a los Senderos\u00bb"}]},{"@type":"WebSite","@id":"https:\/\/asociacionparquecordillera.cl\/#website","url":"https:\/\/asociacionparquecordillera.cl\/","name":"Asociaci\u00f3n Parque Cordillera - Parques Regi\u00f3n Metropolitana","description":"Asociaci\u00f3n Parque Cordillera promueve la conservaci\u00f3n de la precordillera de Santiago mediante la administraci\u00f3n de parques naturales y el fomento de la educaci\u00f3n ambiental y el turismo sustentable.","publisher":{"@id":"https:\/\/asociacionparquecordillera.cl\/#organization"},"alternateName":"Parque Cordillera","potentialAction":[{"@type":"SearchAction","target":{"@type":"EntryPoint","urlTemplate":"https:\/\/asociacionparquecordillera.cl\/?s={search_term_string}"},"query-input":{"@type":"PropertyValueSpecification","valueRequired":true,"valueName":"search_term_string"}}],"inLanguage":"en-US"},{"@type":"Organization","@id":"https:\/\/asociacionparquecordillera.cl\/#organization","name":"Asociaci\u00f3n Parque Cordillera - Parques Regi\u00f3n Metropolitana","alternateName":"Parque Cordillera","url":"https:\/\/asociacionparquecordillera.cl\/","logo":{"@type":"ImageObject","inLanguage":"en-US","@id":"https:\/\/asociacionparquecordillera.cl\/#\/schema\/logo\/image\/","url":"https:\/\/asociacionparquecordillera.cl\/wp-content\/uploads\/2023\/01\/logo-apc-white-2.svg","contentUrl":"https:\/\/asociacionparquecordillera.cl\/wp-content\/uploads\/2023\/01\/logo-apc-white-2.svg","width":240.789999999999992041921359486877918243408203125,"height":80.969999999999998863131622783839702606201171875,"caption":"Asociaci\u00f3n Parque Cordillera - Parques Regi\u00f3n Metropolitana"},"image":{"@id":"https:\/\/asociacionparquecordillera.cl\/#\/schema\/logo\/image\/"}},{"@type":"Person","@id":"https:\/\/asociacionparquecordillera.cl\/#\/schema\/person\/2640f49b096aa0717d1150f9708ee6b9","name":"Alejandro Albornoz","image":{"@type":"ImageObject","inLanguage":"en-US","@id":"https:\/\/asociacionparquecordillera.cl\/#\/schema\/person\/image\/","url":"https:\/\/secure.gravatar.com\/avatar\/758aec5659ec6e8ada660b4c49f539cacd73130470e925941e3e9a1df5b5895a?s=96&d=mm&r=g","contentUrl":"https:\/\/secure.gravatar.com\/avatar\/758aec5659ec6e8ada660b4c49f539cacd73130470e925941e3e9a1df5b5895a?s=96&d=mm&r=g","caption":"Alejandro Albornoz"},"url":"https:\/\/asociacionparquecordillera.cl\/en\/author\/alejandro-albornoz\/"}]}},"_links":{"self":[{"href":"https:\/\/asociacionparquecordillera.cl\/en\/wp-json\/wp\/v2\/posts\/4762","targetHints":{"allow":["GET"]}}],"collection":[{"href":"https:\/\/asociacionparquecordillera.cl\/en\/wp-json\/wp\/v2\/posts"}],"about":[{"href":"https:\/\/asociacionparquecordillera.cl\/en\/wp-json\/wp\/v2\/types\/post"}],"author":[{"embeddable":true,"href":"https:\/\/asociacionparquecordillera.cl\/en\/wp-json\/wp\/v2\/users\/8"}],"replies":[{"embeddable":true,"href":"https:\/\/asociacionparquecordillera.cl\/en\/wp-json\/wp\/v2\/comments?post=4762"}],"version-history":[{"count":6,"href":"https:\/\/asociacionparquecordillera.cl\/en\/wp-json\/wp\/v2\/posts\/4762\/revisions"}],"predecessor-version":[{"id":5828,"href":"https:\/\/asociacionparquecordillera.cl\/en\/wp-json\/wp\/v2\/posts\/4762\/revisions\/5828"}],"wp:featuredmedia":[{"embeddable":true,"href":"https:\/\/asociacionparquecordillera.cl\/en\/wp-json\/wp\/v2\/media\/5827"}],"wp:attachment":[{"href":"https:\/\/asociacionparquecordillera.cl\/en\/wp-json\/wp\/v2\/media?parent=4762"}],"wp:term":[{"taxonomy":"category","embeddable":true,"href":"https:\/\/asociacionparquecordillera.cl\/en\/wp-json\/wp\/v2\/categories?post=4762"},{"taxonomy":"post_tag","embeddable":true,"href":"https:\/\/asociacionparquecordillera.cl\/en\/wp-json\/wp\/v2\/tags?post=4762"},{"taxonomy":"slider-category","embeddable":true,"href":"https:\/\/asociacionparquecordillera.cl\/en\/wp-json\/wp\/v2\/slider-category?post=4762"}],"curies":[{"name":"wp","href":"https:\/\/api.w.org\/{rel}","templated":true}]}}