{"id":5103,"date":"2025-03-12T17:43:15","date_gmt":"2025-03-12T20:43:15","guid":{"rendered":"https:\/\/asociacionparquecordillera.cl\/?p=5103"},"modified":"2025-07-02T15:41:04","modified_gmt":"2025-07-02T19:41:04","slug":"expedicion-victor-vira-jefe-de-guardaparque-2","status":"publish","type":"post","link":"https:\/\/asociacionparquecordillera.cl\/en\/expedicion-victor-vira-jefe-de-guardaparque-2\/","title":{"rendered":"Expedici\u00f3n Victor Vira Jefe de Guardaparque"},"content":{"rendered":"<p><strong>Conoce sobre la expedici\u00f3n de nuestro Jefe de Guardaparque Victor Vira: Expedici\u00f3n de alta monta\u00f1a, logrando las cumbres del Marmolejo y Aconcagua<\/strong><\/p>\n<p>Tras un a\u00f1o de rigurosa planificaci\u00f3n, un equipo de monta\u00f1istas logr\u00f3 con \u00e9xito alcanzar las cumbres de dos de los cerros m\u00e1s emblem\u00e1ticos de Sudam\u00e9rica: el Cerro Marmolejo, el seis mil m\u00e1s austral del mundo con una altitud de 6.108 metros, y el desafiante Cerro Aconcagua, la monta\u00f1a m\u00e1s alta del hemisferio sur con 6.960 metros sobre el nivel del mar.<\/p>\n<p>La primera expedici\u00f3n se concret\u00f3 a mediados de diciembre de 2024, cuando el equipo logr\u00f3 la cumbre del Cerro Marmolejo, marcando un hito en su preparaci\u00f3n para el siguiente desaf\u00edo: la ascensi\u00f3n al Aconcagua.<\/p>\n<p>El 17 de enero, la expedici\u00f3n parti\u00f3 desde Santiago rumbo a Penitentes, en la provincia de Mendoza, Argentina. Desde all\u00ed, los equipos fueron trasladados en mulas hasta el campamento Confluencia (3.400 m). Al d\u00eda siguiente, el equipo enfrent\u00f3 la extensa traves\u00eda de la \u00abPlaya Ancha\u00bb, una planicie de aproximadamente 19 km que los condujo al campamento Plaza de Mulas (4.300 m). En este punto, la aclimataci\u00f3n se realiz\u00f3 ascendiendo hasta el Campamento Canad\u00e1 (5.050 m), donde pernoctaron antes de continuar el ascenso.<\/p>\n<p>Ya adaptados a la altura, avanzaron hacia Campamento Nido de C\u00f3ndores (5.550 m), donde una intensa nevada los acompa\u00f1\u00f3 durante medio d\u00eda. El 25 de enero, a las 14:30 horas, el equipo inici\u00f3 el asalto final a la cumbre, aprovechando una ventana de buen clima. Con un desafiante desnivel de 1.562 metros, tras 10 horas de ascensi\u00f3n, lograron coronar la cumbre del Aconcagua, siendo testigos de una vista inigualable sobre la inmensidad de la cordillera de los Andes.<\/p>\n<p>Este importante logro fue posible gracias al esfuerzo y compromiso del equipo de cordada.<\/p>\n<p>Asimismo, se extiende un especial agradecimiento a la Administraci\u00f3n de Parque Cordillera y a Jos\u00e9 Pedro Guilisasti Palacios por el apoyo brindado a estas expediciones, que han representado un desaf\u00edo tanto f\u00edsico como log\u00edstico, y han permitido la concreci\u00f3n de un sue\u00f1o en las alturas de Sudam\u00e9rica.<\/p>\n<p>&nbsp;<\/p>\n<p data-pm-slice=\"1 1 []\"><strong>Como Parque Cordillera, apoyamos estos movimientos y lo seguiremos haciendo en futuras expediciones, reafirmando nuestro compromiso con la exploraci\u00f3n, la conservaci\u00f3n y el desarrollo del monta\u00f1ismo en la regi\u00f3n.<\/strong><\/p>","protected":false},"excerpt":{"rendered":"<p>Conoce sobre la expedici\u00f3n de nuestro Jefe de Guardaparque Victor Vira: Expedici\u00f3n de alta monta\u00f1a, logrando las cumbres del Marmolejo y Aconcagua Tras un a\u00f1o de rigurosa planificaci\u00f3n, un equipo de monta\u00f1istas logr\u00f3 con \u00e9xito alcanzar las cumbres de dos de los cerros m\u00e1s emblem\u00e1ticos de Sudam\u00e9rica: el Cerro Marmolejo, el seis mil m\u00e1s austral [&hellip;]<\/p>","protected":false},"author":11,"featured_media":5850,"comment_status":"closed","ping_status":"closed","sticky":false,"template":"","format":"standard","meta":{"site-sidebar-layout":"default","site-content-layout":"","ast-site-content-layout":"default","site-content-style":"default","site-sidebar-style":"default","ast-global-header-display":"","ast-banner-title-visibility":"","ast-main-header-display":"","ast-hfb-above-header-display":"","ast-hfb-below-header-display":"","ast-hfb-mobile-header-display":"","site-post-title":"","ast-breadcrumbs-content":"","ast-featured-img":"","footer-sml-layout":"","theme-transparent-header-meta":"default","adv-header-id-meta":"","stick-header-meta":"default","header-above-stick-meta":"","header-main-stick-meta":"","header-below-stick-meta":"","astra-migrate-meta-layouts":"set","ast-page-background-enabled":"default","ast-page-background-meta":{"desktop":{"background-color":"var(--ast-global-color-4)","background-image":"","background-repeat":"repeat","background-position":"center center","background-size":"auto","background-attachment":"scroll","background-type":"","background-media":"","overlay-type":"","overlay-color":"","overlay-opacity":"","overlay-gradient":""},"tablet":{"background-color":"","background-image":"","background-repeat":"repeat","background-position":"center center","background-size":"auto","background-attachment":"scroll","background-type":"","background-media":"","overlay-type":"","overlay-color":"","overlay-opacity":"","overlay-gradient":""},"mobile":{"background-color":"","background-image":"","background-repeat":"repeat","background-position":"center center","background-size":"auto","background-attachment":"scroll","background-type":"","background-media":"","overlay-type":"","overlay-color":"","overlay-opacity":"","overlay-gradient":""}},"ast-content-background-meta":{"desktop":{"background-color":"var(--ast-global-color-5)","background-image":"","background-repeat":"repeat","background-position":"center center","background-size":"auto","background-attachment":"scroll","background-type":"","background-media":"","overlay-type":"","overlay-color":"","overlay-opacity":"","overlay-gradient":""},"tablet":{"background-color":"var(--ast-global-color-5)","background-image":"","background-repeat":"repeat","background-position":"center center","background-size":"auto","background-attachment":"scroll","background-type":"","background-media":"","overlay-type":"","overlay-color":"","overlay-opacity":"","overlay-gradient":""},"mobile":{"background-color":"var(--ast-global-color-5)","background-image":"","background-repeat":"repeat","background-position":"center center","background-size":"auto","background-attachment":"scroll","background-type":"","background-media":"","overlay-type":"","overlay-color":"","overlay-opacity":"","overlay-gradient":""}},"footnotes":""},"categories":[17],"tags":[],"slider-category":[],"class_list":["post-5103","post","type-post","status-publish","format-standard","has-post-thumbnail","hentry","category-comunidad"],"yoast_head":"<!-- This site is optimized with the Yoast SEO Premium plugin v22.9 (Yoast SEO v23.9) - https:\/\/yoast.com\/wordpress\/plugins\/seo\/ -->\n<title>Expedici\u00f3n Victor Vira Jefe de Guardaparque - Asociaci\u00f3n Parque Cordillera - Parques Regi\u00f3n Metropolitana<\/title>\n<meta name=\"description\" content=\"Conoce sobre la expedici\u00f3n de nuestro Jefe de Guardaparque Victor Vira: Expedici\u00f3n de alta monta\u00f1a, logrando las cumbres del Marmolejo y Aconcagua Tras un\" \/>\n<meta name=\"robots\" content=\"index, follow, max-snippet:-1, max-image-preview:large, max-video-preview:-1\" \/>\n<link rel=\"canonical\" href=\"https:\/\/asociacionparquecordillera.cl\/en\/expedicion-victor-vira-jefe-de-guardaparque-2\/\" \/>\n<meta property=\"og:locale\" content=\"en_US\" \/>\n<meta property=\"og:type\" content=\"article\" \/>\n<meta property=\"og:title\" content=\"Expedici\u00f3n Victor Vira Jefe de Guardaparque\" \/>\n<meta property=\"og:description\" content=\"Conoce sobre la expedici\u00f3n de nuestro Jefe de Guardaparque Victor Vira: Expedici\u00f3n de alta monta\u00f1a, logrando las cumbres del Marmolejo y Aconcagua Tras un\" \/>\n<meta property=\"og:url\" content=\"https:\/\/asociacionparquecordillera.cl\/en\/expedicion-victor-vira-jefe-de-guardaparque-2\/\" \/>\n<meta property=\"og:site_name\" content=\"Asociaci\u00f3n Parque Cordillera - Parques Regi\u00f3n Metropolitana\" \/>\n<meta property=\"article:published_time\" content=\"2025-03-12T20:43:15+00:00\" \/>\n<meta property=\"article:modified_time\" content=\"2025-07-02T19:41:04+00:00\" \/>\n<meta property=\"og:image\" content=\"https:\/\/asociacionparquecordillera.cl\/wp-content\/uploads\/2025\/03\/imagen_2025-07-02_153926638.png\" \/>\n\t<meta property=\"og:image:width\" content=\"594\" \/>\n\t<meta property=\"og:image:height\" content=\"265\" \/>\n\t<meta property=\"og:image:type\" content=\"image\/png\" \/>\n<meta name=\"author\" content=\"Andrea Nieto (DYATEC)\" \/>\n<meta name=\"twitter:card\" content=\"summary_large_image\" \/>\n<meta name=\"twitter:label1\" content=\"Written by\" \/>\n\t<meta name=\"twitter:data1\" content=\"Andrea Nieto (DYATEC)\" \/>\n\t<meta name=\"twitter:label2\" content=\"Est. reading time\" \/>\n\t<meta name=\"twitter:data2\" content=\"2 minutes\" \/>\n<script type=\"application\/ld+json\" class=\"yoast-schema-graph\">{\"@context\":\"https:\/\/schema.org\",\"@graph\":[{\"@type\":\"Article\",\"@id\":\"https:\/\/asociacionparquecordillera.cl\/expedicion-victor-vira-jefe-de-guardaparque-2\/#article\",\"isPartOf\":{\"@id\":\"https:\/\/asociacionparquecordillera.cl\/expedicion-victor-vira-jefe-de-guardaparque-2\/\"},\"author\":{\"name\":\"Andrea Nieto (DYATEC)\",\"@id\":\"https:\/\/asociacionparquecordillera.cl\/#\/schema\/person\/190869e49caaed7fee072788be3f9c48\"},\"headline\":\"Expedici\u00f3n Victor Vira Jefe de Guardaparque\",\"datePublished\":\"2025-03-12T20:43:15+00:00\",\"dateModified\":\"2025-07-02T19:41:04+00:00\",\"mainEntityOfPage\":{\"@id\":\"https:\/\/asociacionparquecordillera.cl\/expedicion-victor-vira-jefe-de-guardaparque-2\/\"},\"wordCount\":396,\"publisher\":{\"@id\":\"https:\/\/asociacionparquecordillera.cl\/#organization\"},\"image\":{\"@id\":\"https:\/\/asociacionparquecordillera.cl\/expedicion-victor-vira-jefe-de-guardaparque-2\/#primaryimage\"},\"thumbnailUrl\":\"https:\/\/asociacionparquecordillera.cl\/wp-content\/uploads\/2025\/03\/imagen_2025-07-02_153926638.png\",\"articleSection\":[\"Comunidad\"],\"inLanguage\":\"en-US\"},{\"@type\":\"WebPage\",\"@id\":\"https:\/\/asociacionparquecordillera.cl\/expedicion-victor-vira-jefe-de-guardaparque-2\/\",\"url\":\"https:\/\/asociacionparquecordillera.cl\/expedicion-victor-vira-jefe-de-guardaparque-2\/\",\"name\":\"Expedici\u00f3n Victor Vira Jefe de Guardaparque - Asociaci\u00f3n Parque Cordillera - Parques Regi\u00f3n Metropolitana\",\"isPartOf\":{\"@id\":\"https:\/\/asociacionparquecordillera.cl\/#website\"},\"primaryImageOfPage\":{\"@id\":\"https:\/\/asociacionparquecordillera.cl\/expedicion-victor-vira-jefe-de-guardaparque-2\/#primaryimage\"},\"image\":{\"@id\":\"https:\/\/asociacionparquecordillera.cl\/expedicion-victor-vira-jefe-de-guardaparque-2\/#primaryimage\"},\"thumbnailUrl\":\"https:\/\/asociacionparquecordillera.cl\/wp-content\/uploads\/2025\/03\/imagen_2025-07-02_153926638.png\",\"datePublished\":\"2025-03-12T20:43:15+00:00\",\"dateModified\":\"2025-07-02T19:41:04+00:00\",\"description\":\"Conoce sobre la expedici\u00f3n de nuestro Jefe de Guardaparque Victor Vira: Expedici\u00f3n de alta monta\u00f1a, logrando las cumbres del Marmolejo y Aconcagua Tras un\",\"breadcrumb\":{\"@id\":\"https:\/\/asociacionparquecordillera.cl\/expedicion-victor-vira-jefe-de-guardaparque-2\/#breadcrumb\"},\"inLanguage\":\"en-US\",\"potentialAction\":[{\"@type\":\"ReadAction\",\"target\":[\"https:\/\/asociacionparquecordillera.cl\/expedicion-victor-vira-jefe-de-guardaparque-2\/\"]}]},{\"@type\":\"ImageObject\",\"inLanguage\":\"en-US\",\"@id\":\"https:\/\/asociacionparquecordillera.cl\/expedicion-victor-vira-jefe-de-guardaparque-2\/#primaryimage\",\"url\":\"https:\/\/asociacionparquecordillera.cl\/wp-content\/uploads\/2025\/03\/imagen_2025-07-02_153926638.png\",\"contentUrl\":\"https:\/\/asociacionparquecordillera.cl\/wp-content\/uploads\/2025\/03\/imagen_2025-07-02_153926638.png\",\"width\":594,\"height\":265},{\"@type\":\"BreadcrumbList\",\"@id\":\"https:\/\/asociacionparquecordillera.cl\/expedicion-victor-vira-jefe-de-guardaparque-2\/#breadcrumb\",\"itemListElement\":[{\"@type\":\"ListItem\",\"position\":1,\"name\":\"Home\",\"item\":\"https:\/\/asociacionparquecordillera.cl\/\"},{\"@type\":\"ListItem\",\"position\":2,\"name\":\"Expedici\u00f3n Victor Vira Jefe de Guardaparque\"}]},{\"@type\":\"WebSite\",\"@id\":\"https:\/\/asociacionparquecordillera.cl\/#website\",\"url\":\"https:\/\/asociacionparquecordillera.cl\/\",\"name\":\"Asociaci\u00f3n Parque Cordillera - Parques Regi\u00f3n Metropolitana\",\"description\":\"Asociaci\u00f3n Parque Cordillera promueve la conservaci\u00f3n de la precordillera de Santiago mediante la administraci\u00f3n de parques naturales y el fomento de la educaci\u00f3n ambiental y el turismo sustentable.\",\"publisher\":{\"@id\":\"https:\/\/asociacionparquecordillera.cl\/#organization\"},\"alternateName\":\"Parque Cordillera\",\"potentialAction\":[{\"@type\":\"SearchAction\",\"target\":{\"@type\":\"EntryPoint\",\"urlTemplate\":\"https:\/\/asociacionparquecordillera.cl\/?s={search_term_string}\"},\"query-input\":{\"@type\":\"PropertyValueSpecification\",\"valueRequired\":true,\"valueName\":\"search_term_string\"}}],\"inLanguage\":\"en-US\"},{\"@type\":\"Organization\",\"@id\":\"https:\/\/asociacionparquecordillera.cl\/#organization\",\"name\":\"Asociaci\u00f3n Parque Cordillera - Parques Regi\u00f3n Metropolitana\",\"alternateName\":\"Parque Cordillera\",\"url\":\"https:\/\/asociacionparquecordillera.cl\/\",\"logo\":{\"@type\":\"ImageObject\",\"inLanguage\":\"en-US\",\"@id\":\"https:\/\/asociacionparquecordillera.cl\/#\/schema\/logo\/image\/\",\"url\":\"https:\/\/asociacionparquecordillera.cl\/wp-content\/uploads\/2023\/01\/logo-apc-white-2.svg\",\"contentUrl\":\"https:\/\/asociacionparquecordillera.cl\/wp-content\/uploads\/2023\/01\/logo-apc-white-2.svg\",\"width\":240.789999999999992041921359486877918243408203125,\"height\":80.969999999999998863131622783839702606201171875,\"caption\":\"Asociaci\u00f3n Parque Cordillera - Parques Regi\u00f3n Metropolitana\"},\"image\":{\"@id\":\"https:\/\/asociacionparquecordillera.cl\/#\/schema\/logo\/image\/\"}},{\"@type\":\"Person\",\"@id\":\"https:\/\/asociacionparquecordillera.cl\/#\/schema\/person\/190869e49caaed7fee072788be3f9c48\",\"name\":\"Andrea Nieto (DYATEC)\",\"image\":{\"@type\":\"ImageObject\",\"inLanguage\":\"en-US\",\"@id\":\"https:\/\/asociacionparquecordillera.cl\/#\/schema\/person\/image\/\",\"url\":\"https:\/\/secure.gravatar.com\/avatar\/d679b004d6c0f4651975ef3c78e25db7e8ce645fd2f64982dabc0bc319616932?s=96&d=mm&r=g\",\"contentUrl\":\"https:\/\/secure.gravatar.com\/avatar\/d679b004d6c0f4651975ef3c78e25db7e8ce645fd2f64982dabc0bc319616932?s=96&d=mm&r=g\",\"caption\":\"Andrea Nieto (DYATEC)\"},\"url\":\"https:\/\/asociacionparquecordillera.cl\/en\/author\/andrea-nieto\/\"}]}<\/script>\n<!-- \/ Yoast SEO Premium plugin. -->","yoast_head_json":{"title":"Expedici\u00f3n Victor Vira Jefe de Guardaparque - Asociaci\u00f3n Parque Cordillera - Parques Regi\u00f3n Metropolitana","description":"Conoce sobre la expedici\u00f3n de nuestro Jefe de Guardaparque Victor Vira: Expedici\u00f3n de alta monta\u00f1a, logrando las cumbres del Marmolejo y Aconcagua Tras un","robots":{"index":"index","follow":"follow","max-snippet":"max-snippet:-1","max-image-preview":"max-image-preview:large","max-video-preview":"max-video-preview:-1"},"canonical":"https:\/\/asociacionparquecordillera.cl\/en\/expedicion-victor-vira-jefe-de-guardaparque-2\/","og_locale":"en_US","og_type":"article","og_title":"Expedici\u00f3n Victor Vira Jefe de Guardaparque","og_description":"Conoce sobre la expedici\u00f3n de nuestro Jefe de Guardaparque Victor Vira: Expedici\u00f3n de alta monta\u00f1a, logrando las cumbres del Marmolejo y Aconcagua Tras un","og_url":"https:\/\/asociacionparquecordillera.cl\/en\/expedicion-victor-vira-jefe-de-guardaparque-2\/","og_site_name":"Asociaci\u00f3n Parque Cordillera - Parques Regi\u00f3n Metropolitana","article_published_time":"2025-03-12T20:43:15+00:00","article_modified_time":"2025-07-02T19:41:04+00:00","og_image":[{"width":594,"height":265,"url":"https:\/\/asociacionparquecordillera.cl\/wp-content\/uploads\/2025\/03\/imagen_2025-07-02_153926638.png","type":"image\/png"}],"author":"Andrea Nieto (DYATEC)","twitter_card":"summary_large_image","twitter_misc":{"Written by":"Andrea Nieto (DYATEC)","Est. reading time":"2 minutes"},"schema":{"@context":"https:\/\/schema.org","@graph":[{"@type":"Article","@id":"https:\/\/asociacionparquecordillera.cl\/expedicion-victor-vira-jefe-de-guardaparque-2\/#article","isPartOf":{"@id":"https:\/\/asociacionparquecordillera.cl\/expedicion-victor-vira-jefe-de-guardaparque-2\/"},"author":{"name":"Andrea Nieto (DYATEC)","@id":"https:\/\/asociacionparquecordillera.cl\/#\/schema\/person\/190869e49caaed7fee072788be3f9c48"},"headline":"Expedici\u00f3n Victor Vira Jefe de Guardaparque","datePublished":"2025-03-12T20:43:15+00:00","dateModified":"2025-07-02T19:41:04+00:00","mainEntityOfPage":{"@id":"https:\/\/asociacionparquecordillera.cl\/expedicion-victor-vira-jefe-de-guardaparque-2\/"},"wordCount":396,"publisher":{"@id":"https:\/\/asociacionparquecordillera.cl\/#organization"},"image":{"@id":"https:\/\/asociacionparquecordillera.cl\/expedicion-victor-vira-jefe-de-guardaparque-2\/#primaryimage"},"thumbnailUrl":"https:\/\/asociacionparquecordillera.cl\/wp-content\/uploads\/2025\/03\/imagen_2025-07-02_153926638.png","articleSection":["Comunidad"],"inLanguage":"en-US"},{"@type":"WebPage","@id":"https:\/\/asociacionparquecordillera.cl\/expedicion-victor-vira-jefe-de-guardaparque-2\/","url":"https:\/\/asociacionparquecordillera.cl\/expedicion-victor-vira-jefe-de-guardaparque-2\/","name":"Expedici\u00f3n Victor Vira Jefe de Guardaparque - Asociaci\u00f3n Parque Cordillera - Parques Regi\u00f3n Metropolitana","isPartOf":{"@id":"https:\/\/asociacionparquecordillera.cl\/#website"},"primaryImageOfPage":{"@id":"https:\/\/asociacionparquecordillera.cl\/expedicion-victor-vira-jefe-de-guardaparque-2\/#primaryimage"},"image":{"@id":"https:\/\/asociacionparquecordillera.cl\/expedicion-victor-vira-jefe-de-guardaparque-2\/#primaryimage"},"thumbnailUrl":"https:\/\/asociacionparquecordillera.cl\/wp-content\/uploads\/2025\/03\/imagen_2025-07-02_153926638.png","datePublished":"2025-03-12T20:43:15+00:00","dateModified":"2025-07-02T19:41:04+00:00","description":"Conoce sobre la expedici\u00f3n de nuestro Jefe de Guardaparque Victor Vira: Expedici\u00f3n de alta monta\u00f1a, logrando las cumbres del Marmolejo y Aconcagua Tras un","breadcrumb":{"@id":"https:\/\/asociacionparquecordillera.cl\/expedicion-victor-vira-jefe-de-guardaparque-2\/#breadcrumb"},"inLanguage":"en-US","potentialAction":[{"@type":"ReadAction","target":["https:\/\/asociacionparquecordillera.cl\/expedicion-victor-vira-jefe-de-guardaparque-2\/"]}]},{"@type":"ImageObject","inLanguage":"en-US","@id":"https:\/\/asociacionparquecordillera.cl\/expedicion-victor-vira-jefe-de-guardaparque-2\/#primaryimage","url":"https:\/\/asociacionparquecordillera.cl\/wp-content\/uploads\/2025\/03\/imagen_2025-07-02_153926638.png","contentUrl":"https:\/\/asociacionparquecordillera.cl\/wp-content\/uploads\/2025\/03\/imagen_2025-07-02_153926638.png","width":594,"height":265},{"@type":"BreadcrumbList","@id":"https:\/\/asociacionparquecordillera.cl\/expedicion-victor-vira-jefe-de-guardaparque-2\/#breadcrumb","itemListElement":[{"@type":"ListItem","position":1,"name":"Home","item":"https:\/\/asociacionparquecordillera.cl\/"},{"@type":"ListItem","position":2,"name":"Expedici\u00f3n Victor Vira Jefe de Guardaparque"}]},{"@type":"WebSite","@id":"https:\/\/asociacionparquecordillera.cl\/#website","url":"https:\/\/asociacionparquecordillera.cl\/","name":"Asociaci\u00f3n Parque Cordillera - Parques Regi\u00f3n Metropolitana","description":"Asociaci\u00f3n Parque Cordillera promueve la conservaci\u00f3n de la precordillera de Santiago mediante la administraci\u00f3n de parques naturales y el fomento de la educaci\u00f3n ambiental y el turismo sustentable.","publisher":{"@id":"https:\/\/asociacionparquecordillera.cl\/#organization"},"alternateName":"Parque Cordillera","potentialAction":[{"@type":"SearchAction","target":{"@type":"EntryPoint","urlTemplate":"https:\/\/asociacionparquecordillera.cl\/?s={search_term_string}"},"query-input":{"@type":"PropertyValueSpecification","valueRequired":true,"valueName":"search_term_string"}}],"inLanguage":"en-US"},{"@type":"Organization","@id":"https:\/\/asociacionparquecordillera.cl\/#organization","name":"Asociaci\u00f3n Parque Cordillera - Parques Regi\u00f3n Metropolitana","alternateName":"Parque Cordillera","url":"https:\/\/asociacionparquecordillera.cl\/","logo":{"@type":"ImageObject","inLanguage":"en-US","@id":"https:\/\/asociacionparquecordillera.cl\/#\/schema\/logo\/image\/","url":"https:\/\/asociacionparquecordillera.cl\/wp-content\/uploads\/2023\/01\/logo-apc-white-2.svg","contentUrl":"https:\/\/asociacionparquecordillera.cl\/wp-content\/uploads\/2023\/01\/logo-apc-white-2.svg","width":240.789999999999992041921359486877918243408203125,"height":80.969999999999998863131622783839702606201171875,"caption":"Asociaci\u00f3n Parque Cordillera - Parques Regi\u00f3n Metropolitana"},"image":{"@id":"https:\/\/asociacionparquecordillera.cl\/#\/schema\/logo\/image\/"}},{"@type":"Person","@id":"https:\/\/asociacionparquecordillera.cl\/#\/schema\/person\/190869e49caaed7fee072788be3f9c48","name":"Andrea Nieto (DYATEC)","image":{"@type":"ImageObject","inLanguage":"en-US","@id":"https:\/\/asociacionparquecordillera.cl\/#\/schema\/person\/image\/","url":"https:\/\/secure.gravatar.com\/avatar\/d679b004d6c0f4651975ef3c78e25db7e8ce645fd2f64982dabc0bc319616932?s=96&d=mm&r=g","contentUrl":"https:\/\/secure.gravatar.com\/avatar\/d679b004d6c0f4651975ef3c78e25db7e8ce645fd2f64982dabc0bc319616932?s=96&d=mm&r=g","caption":"Andrea Nieto (DYATEC)"},"url":"https:\/\/asociacionparquecordillera.cl\/en\/author\/andrea-nieto\/"}]}},"_links":{"self":[{"href":"https:\/\/asociacionparquecordillera.cl\/en\/wp-json\/wp\/v2\/posts\/5103","targetHints":{"allow":["GET"]}}],"collection":[{"href":"https:\/\/asociacionparquecordillera.cl\/en\/wp-json\/wp\/v2\/posts"}],"about":[{"href":"https:\/\/asociacionparquecordillera.cl\/en\/wp-json\/wp\/v2\/types\/post"}],"author":[{"embeddable":true,"href":"https:\/\/asociacionparquecordillera.cl\/en\/wp-json\/wp\/v2\/users\/11"}],"replies":[{"embeddable":true,"href":"https:\/\/asociacionparquecordillera.cl\/en\/wp-json\/wp\/v2\/comments?post=5103"}],"version-history":[{"count":4,"href":"https:\/\/asociacionparquecordillera.cl\/en\/wp-json\/wp\/v2\/posts\/5103\/revisions"}],"predecessor-version":[{"id":5109,"href":"https:\/\/asociacionparquecordillera.cl\/en\/wp-json\/wp\/v2\/posts\/5103\/revisions\/5109"}],"wp:featuredmedia":[{"embeddable":true,"href":"https:\/\/asociacionparquecordillera.cl\/en\/wp-json\/wp\/v2\/media\/5850"}],"wp:attachment":[{"href":"https:\/\/asociacionparquecordillera.cl\/en\/wp-json\/wp\/v2\/media?parent=5103"}],"wp:term":[{"taxonomy":"category","embeddable":true,"href":"https:\/\/asociacionparquecordillera.cl\/en\/wp-json\/wp\/v2\/categories?post=5103"},{"taxonomy":"post_tag","embeddable":true,"href":"https:\/\/asociacionparquecordillera.cl\/en\/wp-json\/wp\/v2\/tags?post=5103"},{"taxonomy":"slider-category","embeddable":true,"href":"https:\/\/asociacionparquecordillera.cl\/en\/wp-json\/wp\/v2\/slider-category?post=5103"}],"curies":[{"name":"wp","href":"https:\/\/api.w.org\/{rel}","templated":true}]}}