{"id":5117,"date":"2025-03-17T14:31:37","date_gmt":"2025-03-17T17:31:37","guid":{"rendered":"https:\/\/asociacionparquecordillera.cl\/?p=5117"},"modified":"2025-07-02T15:42:27","modified_gmt":"2025-07-02T19:42:27","slug":"revista-domingo-nos-acompano-por-la-nueva-ruta-del-agua-17-km-de-aventura-en-la-precordillera","status":"publish","type":"post","link":"https:\/\/asociacionparquecordillera.cl\/en\/revista-domingo-nos-acompano-por-la-nueva-ruta-del-agua-17-km-de-aventura-en-la-precordillera\/","title":{"rendered":"Revista Domingo nos acompa\u00f1\u00f3 por la nueva Ruta del Agua: 17 km de aventura en la precordillera"},"content":{"rendered":"<p>Junto a Revista Domingo, recorrimos los senderos de Bulnes Correa y Aguas de Ram\u00f3n para explorar una nueva ruta de 17 kil\u00f3metros, que conecta ambos parques y nos lleva hasta uno de los hitos naturales m\u00e1s impresionantes de la precordillera de Santiago: el Salto de Apoquindo.<\/p>\n<p>Revisa la publicaci\u00f3n aqu\u00ed:<\/p>\n<p><img fetchpriority=\"high\" decoding=\"async\" class=\"alignnone wp-image-5139\" src=\"https:\/\/asociacionparquecordillera.cl\/wp-content\/uploads\/2025\/03\/imagen_2025-03-17_144645468.png\" alt=\"\" width=\"721\" height=\"1374\" srcset=\"https:\/\/asociacionparquecordillera.cl\/wp-content\/uploads\/2025\/03\/imagen_2025-03-17_144645468.png 488w, https:\/\/asociacionparquecordillera.cl\/wp-content\/uploads\/2025\/03\/imagen_2025-03-17_144645468-157x300.png 157w, https:\/\/asociacionparquecordillera.cl\/wp-content\/uploads\/2025\/03\/imagen_2025-03-17_144645468-6x12.png 6w\" sizes=\"(max-width: 721px) 100vw, 721px\" \/><\/p>\n<p>Fuente: Revista Domingo, El Mercurio, domingo 16 de marzo de 2025.<\/p>\n<p>&nbsp;<\/p>","protected":false},"excerpt":{"rendered":"<p>Junto a Revista Domingo, recorrimos los senderos de Bulnes Correa y Aguas de Ram\u00f3n para explorar una nueva ruta de 17 kil\u00f3metros, que conecta ambos parques y nos lleva hasta uno de los hitos naturales m\u00e1s impresionantes de la precordillera de Santiago: el Salto de Apoquindo. Revisa la publicaci\u00f3n aqu\u00ed: Fuente: Revista Domingo, El Mercurio, [&hellip;]<\/p>","protected":false},"author":11,"featured_media":5118,"comment_status":"closed","ping_status":"closed","sticky":false,"template":"","format":"standard","meta":{"site-sidebar-layout":"default","site-content-layout":"","ast-site-content-layout":"default","site-content-style":"default","site-sidebar-style":"default","ast-global-header-display":"","ast-banner-title-visibility":"","ast-main-header-display":"","ast-hfb-above-header-display":"","ast-hfb-below-header-display":"","ast-hfb-mobile-header-display":"","site-post-title":"","ast-breadcrumbs-content":"","ast-featured-img":"","footer-sml-layout":"","theme-transparent-header-meta":"default","adv-header-id-meta":"","stick-header-meta":"default","header-above-stick-meta":"","header-main-stick-meta":"","header-below-stick-meta":"","astra-migrate-meta-layouts":"set","ast-page-background-enabled":"default","ast-page-background-meta":{"desktop":{"background-color":"var(--ast-global-color-4)","background-image":"","background-repeat":"repeat","background-position":"center center","background-size":"auto","background-attachment":"scroll","background-type":"","background-media":"","overlay-type":"","overlay-color":"","overlay-opacity":"","overlay-gradient":""},"tablet":{"background-color":"","background-image":"","background-repeat":"repeat","background-position":"center center","background-size":"auto","background-attachment":"scroll","background-type":"","background-media":"","overlay-type":"","overlay-color":"","overlay-opacity":"","overlay-gradient":""},"mobile":{"background-color":"","background-image":"","background-repeat":"repeat","background-position":"center center","background-size":"auto","background-attachment":"scroll","background-type":"","background-media":"","overlay-type":"","overlay-color":"","overlay-opacity":"","overlay-gradient":""}},"ast-content-background-meta":{"desktop":{"background-color":"var(--ast-global-color-5)","background-image":"","background-repeat":"repeat","background-position":"center center","background-size":"auto","background-attachment":"scroll","background-type":"","background-media":"","overlay-type":"","overlay-color":"","overlay-opacity":"","overlay-gradient":""},"tablet":{"background-color":"var(--ast-global-color-5)","background-image":"","background-repeat":"repeat","background-position":"center center","background-size":"auto","background-attachment":"scroll","background-type":"","background-media":"","overlay-type":"","overlay-color":"","overlay-opacity":"","overlay-gradient":""},"mobile":{"background-color":"var(--ast-global-color-5)","background-image":"","background-repeat":"repeat","background-position":"center center","background-size":"auto","background-attachment":"scroll","background-type":"","background-media":"","overlay-type":"","overlay-color":"","overlay-opacity":"","overlay-gradient":""}},"footnotes":""},"categories":[16],"tags":[],"slider-category":[],"class_list":["post-5117","post","type-post","status-publish","format-standard","has-post-thumbnail","hentry","category-prensa"],"yoast_head":"<!-- This site is optimized with the Yoast SEO Premium plugin v22.9 (Yoast SEO v23.9) - https:\/\/yoast.com\/wordpress\/plugins\/seo\/ -->\n<title>Revista Domingo nos acompa\u00f1\u00f3 por la nueva Ruta del Agua: 17 km de aventura en la precordillera - Asociaci\u00f3n Parque Cordillera - Parques Regi\u00f3n Metropolitana<\/title>\n<meta name=\"description\" content=\"Junto a Revista Domingo, recorrimos los senderos de Bulnes Correa y Aguas de Ram\u00f3n para explorar una nueva ruta de 17 kil\u00f3metros, que conecta ambos\" \/>\n<meta name=\"robots\" content=\"index, follow, max-snippet:-1, max-image-preview:large, max-video-preview:-1\" \/>\n<link rel=\"canonical\" href=\"https:\/\/asociacionparquecordillera.cl\/en\/revista-domingo-nos-acompano-por-la-nueva-ruta-del-agua-17-km-de-aventura-en-la-precordillera\/\" \/>\n<meta property=\"og:locale\" content=\"en_US\" \/>\n<meta property=\"og:type\" content=\"article\" \/>\n<meta property=\"og:title\" content=\"Revista Domingo nos acompa\u00f1\u00f3 por la nueva Ruta del Agua: 17 km de aventura en la precordillera\" \/>\n<meta property=\"og:description\" content=\"Junto a Revista Domingo, recorrimos los senderos de Bulnes Correa y Aguas de Ram\u00f3n para explorar una nueva ruta de 17 kil\u00f3metros, que conecta ambos\" \/>\n<meta property=\"og:url\" content=\"https:\/\/asociacionparquecordillera.cl\/en\/revista-domingo-nos-acompano-por-la-nueva-ruta-del-agua-17-km-de-aventura-en-la-precordillera\/\" \/>\n<meta property=\"og:site_name\" content=\"Asociaci\u00f3n Parque Cordillera - Parques Regi\u00f3n Metropolitana\" \/>\n<meta property=\"article:published_time\" content=\"2025-03-17T17:31:37+00:00\" \/>\n<meta property=\"article:modified_time\" content=\"2025-07-02T19:42:27+00:00\" \/>\n<meta property=\"og:image\" content=\"https:\/\/asociacionparquecordillera.cl\/wp-content\/uploads\/2025\/03\/imagen_2025-03-17_142912088.png\" \/>\n\t<meta property=\"og:image:width\" content=\"684\" \/>\n\t<meta property=\"og:image:height\" content=\"619\" \/>\n\t<meta property=\"og:image:type\" content=\"image\/png\" \/>\n<meta name=\"author\" content=\"Andrea Nieto (DYATEC)\" \/>\n<meta name=\"twitter:card\" content=\"summary_large_image\" \/>\n<meta name=\"twitter:label1\" content=\"Written by\" \/>\n\t<meta name=\"twitter:data1\" content=\"Andrea Nieto (DYATEC)\" \/>\n\t<meta name=\"twitter:label2\" content=\"Est. reading time\" \/>\n\t<meta name=\"twitter:data2\" content=\"1 minute\" \/>\n<script type=\"application\/ld+json\" class=\"yoast-schema-graph\">{\"@context\":\"https:\/\/schema.org\",\"@graph\":[{\"@type\":\"Article\",\"@id\":\"https:\/\/asociacionparquecordillera.cl\/revista-domingo-nos-acompano-por-la-nueva-ruta-del-agua-17-km-de-aventura-en-la-precordillera\/#article\",\"isPartOf\":{\"@id\":\"https:\/\/asociacionparquecordillera.cl\/revista-domingo-nos-acompano-por-la-nueva-ruta-del-agua-17-km-de-aventura-en-la-precordillera\/\"},\"author\":{\"name\":\"Andrea Nieto (DYATEC)\",\"@id\":\"https:\/\/asociacionparquecordillera.cl\/#\/schema\/person\/190869e49caaed7fee072788be3f9c48\"},\"headline\":\"Revista Domingo nos acompa\u00f1\u00f3 por la nueva Ruta del Agua: 17 km de aventura en la precordillera\",\"datePublished\":\"2025-03-17T17:31:37+00:00\",\"dateModified\":\"2025-07-02T19:42:27+00:00\",\"mainEntityOfPage\":{\"@id\":\"https:\/\/asociacionparquecordillera.cl\/revista-domingo-nos-acompano-por-la-nueva-ruta-del-agua-17-km-de-aventura-en-la-precordillera\/\"},\"wordCount\":79,\"publisher\":{\"@id\":\"https:\/\/asociacionparquecordillera.cl\/#organization\"},\"image\":{\"@id\":\"https:\/\/asociacionparquecordillera.cl\/revista-domingo-nos-acompano-por-la-nueva-ruta-del-agua-17-km-de-aventura-en-la-precordillera\/#primaryimage\"},\"thumbnailUrl\":\"https:\/\/asociacionparquecordillera.cl\/wp-content\/uploads\/2025\/03\/imagen_2025-03-17_142912088.png\",\"articleSection\":[\"Prensa\"],\"inLanguage\":\"en-US\"},{\"@type\":\"WebPage\",\"@id\":\"https:\/\/asociacionparquecordillera.cl\/revista-domingo-nos-acompano-por-la-nueva-ruta-del-agua-17-km-de-aventura-en-la-precordillera\/\",\"url\":\"https:\/\/asociacionparquecordillera.cl\/revista-domingo-nos-acompano-por-la-nueva-ruta-del-agua-17-km-de-aventura-en-la-precordillera\/\",\"name\":\"Revista Domingo nos acompa\u00f1\u00f3 por la nueva Ruta del Agua: 17 km de aventura en la precordillera - Asociaci\u00f3n Parque Cordillera - Parques Regi\u00f3n Metropolitana\",\"isPartOf\":{\"@id\":\"https:\/\/asociacionparquecordillera.cl\/#website\"},\"primaryImageOfPage\":{\"@id\":\"https:\/\/asociacionparquecordillera.cl\/revista-domingo-nos-acompano-por-la-nueva-ruta-del-agua-17-km-de-aventura-en-la-precordillera\/#primaryimage\"},\"image\":{\"@id\":\"https:\/\/asociacionparquecordillera.cl\/revista-domingo-nos-acompano-por-la-nueva-ruta-del-agua-17-km-de-aventura-en-la-precordillera\/#primaryimage\"},\"thumbnailUrl\":\"https:\/\/asociacionparquecordillera.cl\/wp-content\/uploads\/2025\/03\/imagen_2025-03-17_142912088.png\",\"datePublished\":\"2025-03-17T17:31:37+00:00\",\"dateModified\":\"2025-07-02T19:42:27+00:00\",\"description\":\"Junto a Revista Domingo, recorrimos los senderos de Bulnes Correa y Aguas de Ram\u00f3n para explorar una nueva ruta de 17 kil\u00f3metros, que conecta ambos\",\"breadcrumb\":{\"@id\":\"https:\/\/asociacionparquecordillera.cl\/revista-domingo-nos-acompano-por-la-nueva-ruta-del-agua-17-km-de-aventura-en-la-precordillera\/#breadcrumb\"},\"inLanguage\":\"en-US\",\"potentialAction\":[{\"@type\":\"ReadAction\",\"target\":[\"https:\/\/asociacionparquecordillera.cl\/revista-domingo-nos-acompano-por-la-nueva-ruta-del-agua-17-km-de-aventura-en-la-precordillera\/\"]}]},{\"@type\":\"ImageObject\",\"inLanguage\":\"en-US\",\"@id\":\"https:\/\/asociacionparquecordillera.cl\/revista-domingo-nos-acompano-por-la-nueva-ruta-del-agua-17-km-de-aventura-en-la-precordillera\/#primaryimage\",\"url\":\"https:\/\/asociacionparquecordillera.cl\/wp-content\/uploads\/2025\/03\/imagen_2025-03-17_142912088.png\",\"contentUrl\":\"https:\/\/asociacionparquecordillera.cl\/wp-content\/uploads\/2025\/03\/imagen_2025-03-17_142912088.png\",\"width\":684,\"height\":619},{\"@type\":\"BreadcrumbList\",\"@id\":\"https:\/\/asociacionparquecordillera.cl\/revista-domingo-nos-acompano-por-la-nueva-ruta-del-agua-17-km-de-aventura-en-la-precordillera\/#breadcrumb\",\"itemListElement\":[{\"@type\":\"ListItem\",\"position\":1,\"name\":\"Home\",\"item\":\"https:\/\/asociacionparquecordillera.cl\/\"},{\"@type\":\"ListItem\",\"position\":2,\"name\":\"Revista Domingo nos acompa\u00f1\u00f3 por la nueva Ruta del Agua: 17 km de aventura en la precordillera\"}]},{\"@type\":\"WebSite\",\"@id\":\"https:\/\/asociacionparquecordillera.cl\/#website\",\"url\":\"https:\/\/asociacionparquecordillera.cl\/\",\"name\":\"Asociaci\u00f3n Parque Cordillera - Parques Regi\u00f3n Metropolitana\",\"description\":\"Asociaci\u00f3n Parque Cordillera promueve la conservaci\u00f3n de la precordillera de Santiago mediante la administraci\u00f3n de parques naturales y el fomento de la educaci\u00f3n ambiental y el turismo sustentable.\",\"publisher\":{\"@id\":\"https:\/\/asociacionparquecordillera.cl\/#organization\"},\"alternateName\":\"Parque Cordillera\",\"potentialAction\":[{\"@type\":\"SearchAction\",\"target\":{\"@type\":\"EntryPoint\",\"urlTemplate\":\"https:\/\/asociacionparquecordillera.cl\/?s={search_term_string}\"},\"query-input\":{\"@type\":\"PropertyValueSpecification\",\"valueRequired\":true,\"valueName\":\"search_term_string\"}}],\"inLanguage\":\"en-US\"},{\"@type\":\"Organization\",\"@id\":\"https:\/\/asociacionparquecordillera.cl\/#organization\",\"name\":\"Asociaci\u00f3n Parque Cordillera - Parques Regi\u00f3n Metropolitana\",\"alternateName\":\"Parque Cordillera\",\"url\":\"https:\/\/asociacionparquecordillera.cl\/\",\"logo\":{\"@type\":\"ImageObject\",\"inLanguage\":\"en-US\",\"@id\":\"https:\/\/asociacionparquecordillera.cl\/#\/schema\/logo\/image\/\",\"url\":\"https:\/\/asociacionparquecordillera.cl\/wp-content\/uploads\/2023\/01\/logo-apc-white-2.svg\",\"contentUrl\":\"https:\/\/asociacionparquecordillera.cl\/wp-content\/uploads\/2023\/01\/logo-apc-white-2.svg\",\"width\":240.789999999999992041921359486877918243408203125,\"height\":80.969999999999998863131622783839702606201171875,\"caption\":\"Asociaci\u00f3n Parque Cordillera - Parques Regi\u00f3n Metropolitana\"},\"image\":{\"@id\":\"https:\/\/asociacionparquecordillera.cl\/#\/schema\/logo\/image\/\"}},{\"@type\":\"Person\",\"@id\":\"https:\/\/asociacionparquecordillera.cl\/#\/schema\/person\/190869e49caaed7fee072788be3f9c48\",\"name\":\"Andrea Nieto (DYATEC)\",\"image\":{\"@type\":\"ImageObject\",\"inLanguage\":\"en-US\",\"@id\":\"https:\/\/asociacionparquecordillera.cl\/#\/schema\/person\/image\/\",\"url\":\"https:\/\/secure.gravatar.com\/avatar\/d679b004d6c0f4651975ef3c78e25db7e8ce645fd2f64982dabc0bc319616932?s=96&d=mm&r=g\",\"contentUrl\":\"https:\/\/secure.gravatar.com\/avatar\/d679b004d6c0f4651975ef3c78e25db7e8ce645fd2f64982dabc0bc319616932?s=96&d=mm&r=g\",\"caption\":\"Andrea Nieto (DYATEC)\"},\"url\":\"https:\/\/asociacionparquecordillera.cl\/en\/author\/andrea-nieto\/\"}]}<\/script>\n<!-- \/ Yoast SEO Premium plugin. -->","yoast_head_json":{"title":"Revista Domingo nos acompa\u00f1\u00f3 por la nueva Ruta del Agua: 17 km de aventura en la precordillera - Asociaci\u00f3n Parque Cordillera - Parques Regi\u00f3n Metropolitana","description":"Junto a Revista Domingo, recorrimos los senderos de Bulnes Correa y Aguas de Ram\u00f3n para explorar una nueva ruta de 17 kil\u00f3metros, que conecta ambos","robots":{"index":"index","follow":"follow","max-snippet":"max-snippet:-1","max-image-preview":"max-image-preview:large","max-video-preview":"max-video-preview:-1"},"canonical":"https:\/\/asociacionparquecordillera.cl\/en\/revista-domingo-nos-acompano-por-la-nueva-ruta-del-agua-17-km-de-aventura-en-la-precordillera\/","og_locale":"en_US","og_type":"article","og_title":"Revista Domingo nos acompa\u00f1\u00f3 por la nueva Ruta del Agua: 17 km de aventura en la precordillera","og_description":"Junto a Revista Domingo, recorrimos los senderos de Bulnes Correa y Aguas de Ram\u00f3n para explorar una nueva ruta de 17 kil\u00f3metros, que conecta ambos","og_url":"https:\/\/asociacionparquecordillera.cl\/en\/revista-domingo-nos-acompano-por-la-nueva-ruta-del-agua-17-km-de-aventura-en-la-precordillera\/","og_site_name":"Asociaci\u00f3n Parque Cordillera - Parques Regi\u00f3n Metropolitana","article_published_time":"2025-03-17T17:31:37+00:00","article_modified_time":"2025-07-02T19:42:27+00:00","og_image":[{"width":684,"height":619,"url":"https:\/\/asociacionparquecordillera.cl\/wp-content\/uploads\/2025\/03\/imagen_2025-03-17_142912088.png","type":"image\/png"}],"author":"Andrea Nieto (DYATEC)","twitter_card":"summary_large_image","twitter_misc":{"Written by":"Andrea Nieto (DYATEC)","Est. reading time":"1 minute"},"schema":{"@context":"https:\/\/schema.org","@graph":[{"@type":"Article","@id":"https:\/\/asociacionparquecordillera.cl\/revista-domingo-nos-acompano-por-la-nueva-ruta-del-agua-17-km-de-aventura-en-la-precordillera\/#article","isPartOf":{"@id":"https:\/\/asociacionparquecordillera.cl\/revista-domingo-nos-acompano-por-la-nueva-ruta-del-agua-17-km-de-aventura-en-la-precordillera\/"},"author":{"name":"Andrea Nieto (DYATEC)","@id":"https:\/\/asociacionparquecordillera.cl\/#\/schema\/person\/190869e49caaed7fee072788be3f9c48"},"headline":"Revista Domingo nos acompa\u00f1\u00f3 por la nueva Ruta del Agua: 17 km de aventura en la precordillera","datePublished":"2025-03-17T17:31:37+00:00","dateModified":"2025-07-02T19:42:27+00:00","mainEntityOfPage":{"@id":"https:\/\/asociacionparquecordillera.cl\/revista-domingo-nos-acompano-por-la-nueva-ruta-del-agua-17-km-de-aventura-en-la-precordillera\/"},"wordCount":79,"publisher":{"@id":"https:\/\/asociacionparquecordillera.cl\/#organization"},"image":{"@id":"https:\/\/asociacionparquecordillera.cl\/revista-domingo-nos-acompano-por-la-nueva-ruta-del-agua-17-km-de-aventura-en-la-precordillera\/#primaryimage"},"thumbnailUrl":"https:\/\/asociacionparquecordillera.cl\/wp-content\/uploads\/2025\/03\/imagen_2025-03-17_142912088.png","articleSection":["Prensa"],"inLanguage":"en-US"},{"@type":"WebPage","@id":"https:\/\/asociacionparquecordillera.cl\/revista-domingo-nos-acompano-por-la-nueva-ruta-del-agua-17-km-de-aventura-en-la-precordillera\/","url":"https:\/\/asociacionparquecordillera.cl\/revista-domingo-nos-acompano-por-la-nueva-ruta-del-agua-17-km-de-aventura-en-la-precordillera\/","name":"Revista Domingo nos acompa\u00f1\u00f3 por la nueva Ruta del Agua: 17 km de aventura en la precordillera - Asociaci\u00f3n Parque Cordillera - Parques Regi\u00f3n Metropolitana","isPartOf":{"@id":"https:\/\/asociacionparquecordillera.cl\/#website"},"primaryImageOfPage":{"@id":"https:\/\/asociacionparquecordillera.cl\/revista-domingo-nos-acompano-por-la-nueva-ruta-del-agua-17-km-de-aventura-en-la-precordillera\/#primaryimage"},"image":{"@id":"https:\/\/asociacionparquecordillera.cl\/revista-domingo-nos-acompano-por-la-nueva-ruta-del-agua-17-km-de-aventura-en-la-precordillera\/#primaryimage"},"thumbnailUrl":"https:\/\/asociacionparquecordillera.cl\/wp-content\/uploads\/2025\/03\/imagen_2025-03-17_142912088.png","datePublished":"2025-03-17T17:31:37+00:00","dateModified":"2025-07-02T19:42:27+00:00","description":"Junto a Revista Domingo, recorrimos los senderos de Bulnes Correa y Aguas de Ram\u00f3n para explorar una nueva ruta de 17 kil\u00f3metros, que conecta ambos","breadcrumb":{"@id":"https:\/\/asociacionparquecordillera.cl\/revista-domingo-nos-acompano-por-la-nueva-ruta-del-agua-17-km-de-aventura-en-la-precordillera\/#breadcrumb"},"inLanguage":"en-US","potentialAction":[{"@type":"ReadAction","target":["https:\/\/asociacionparquecordillera.cl\/revista-domingo-nos-acompano-por-la-nueva-ruta-del-agua-17-km-de-aventura-en-la-precordillera\/"]}]},{"@type":"ImageObject","inLanguage":"en-US","@id":"https:\/\/asociacionparquecordillera.cl\/revista-domingo-nos-acompano-por-la-nueva-ruta-del-agua-17-km-de-aventura-en-la-precordillera\/#primaryimage","url":"https:\/\/asociacionparquecordillera.cl\/wp-content\/uploads\/2025\/03\/imagen_2025-03-17_142912088.png","contentUrl":"https:\/\/asociacionparquecordillera.cl\/wp-content\/uploads\/2025\/03\/imagen_2025-03-17_142912088.png","width":684,"height":619},{"@type":"BreadcrumbList","@id":"https:\/\/asociacionparquecordillera.cl\/revista-domingo-nos-acompano-por-la-nueva-ruta-del-agua-17-km-de-aventura-en-la-precordillera\/#breadcrumb","itemListElement":[{"@type":"ListItem","position":1,"name":"Home","item":"https:\/\/asociacionparquecordillera.cl\/"},{"@type":"ListItem","position":2,"name":"Revista Domingo nos acompa\u00f1\u00f3 por la nueva Ruta del Agua: 17 km de aventura en la precordillera"}]},{"@type":"WebSite","@id":"https:\/\/asociacionparquecordillera.cl\/#website","url":"https:\/\/asociacionparquecordillera.cl\/","name":"Asociaci\u00f3n Parque Cordillera - Parques Regi\u00f3n Metropolitana","description":"Asociaci\u00f3n Parque Cordillera promueve la conservaci\u00f3n de la precordillera de Santiago mediante la administraci\u00f3n de parques naturales y el fomento de la educaci\u00f3n ambiental y el turismo sustentable.","publisher":{"@id":"https:\/\/asociacionparquecordillera.cl\/#organization"},"alternateName":"Parque Cordillera","potentialAction":[{"@type":"SearchAction","target":{"@type":"EntryPoint","urlTemplate":"https:\/\/asociacionparquecordillera.cl\/?s={search_term_string}"},"query-input":{"@type":"PropertyValueSpecification","valueRequired":true,"valueName":"search_term_string"}}],"inLanguage":"en-US"},{"@type":"Organization","@id":"https:\/\/asociacionparquecordillera.cl\/#organization","name":"Asociaci\u00f3n Parque Cordillera - Parques Regi\u00f3n Metropolitana","alternateName":"Parque Cordillera","url":"https:\/\/asociacionparquecordillera.cl\/","logo":{"@type":"ImageObject","inLanguage":"en-US","@id":"https:\/\/asociacionparquecordillera.cl\/#\/schema\/logo\/image\/","url":"https:\/\/asociacionparquecordillera.cl\/wp-content\/uploads\/2023\/01\/logo-apc-white-2.svg","contentUrl":"https:\/\/asociacionparquecordillera.cl\/wp-content\/uploads\/2023\/01\/logo-apc-white-2.svg","width":240.789999999999992041921359486877918243408203125,"height":80.969999999999998863131622783839702606201171875,"caption":"Asociaci\u00f3n Parque Cordillera - Parques Regi\u00f3n Metropolitana"},"image":{"@id":"https:\/\/asociacionparquecordillera.cl\/#\/schema\/logo\/image\/"}},{"@type":"Person","@id":"https:\/\/asociacionparquecordillera.cl\/#\/schema\/person\/190869e49caaed7fee072788be3f9c48","name":"Andrea Nieto (DYATEC)","image":{"@type":"ImageObject","inLanguage":"en-US","@id":"https:\/\/asociacionparquecordillera.cl\/#\/schema\/person\/image\/","url":"https:\/\/secure.gravatar.com\/avatar\/d679b004d6c0f4651975ef3c78e25db7e8ce645fd2f64982dabc0bc319616932?s=96&d=mm&r=g","contentUrl":"https:\/\/secure.gravatar.com\/avatar\/d679b004d6c0f4651975ef3c78e25db7e8ce645fd2f64982dabc0bc319616932?s=96&d=mm&r=g","caption":"Andrea Nieto (DYATEC)"},"url":"https:\/\/asociacionparquecordillera.cl\/en\/author\/andrea-nieto\/"}]}},"_links":{"self":[{"href":"https:\/\/asociacionparquecordillera.cl\/en\/wp-json\/wp\/v2\/posts\/5117","targetHints":{"allow":["GET"]}}],"collection":[{"href":"https:\/\/asociacionparquecordillera.cl\/en\/wp-json\/wp\/v2\/posts"}],"about":[{"href":"https:\/\/asociacionparquecordillera.cl\/en\/wp-json\/wp\/v2\/types\/post"}],"author":[{"embeddable":true,"href":"https:\/\/asociacionparquecordillera.cl\/en\/wp-json\/wp\/v2\/users\/11"}],"replies":[{"embeddable":true,"href":"https:\/\/asociacionparquecordillera.cl\/en\/wp-json\/wp\/v2\/comments?post=5117"}],"version-history":[{"count":15,"href":"https:\/\/asociacionparquecordillera.cl\/en\/wp-json\/wp\/v2\/posts\/5117\/revisions"}],"predecessor-version":[{"id":5147,"href":"https:\/\/asociacionparquecordillera.cl\/en\/wp-json\/wp\/v2\/posts\/5117\/revisions\/5147"}],"wp:featuredmedia":[{"embeddable":true,"href":"https:\/\/asociacionparquecordillera.cl\/en\/wp-json\/wp\/v2\/media\/5118"}],"wp:attachment":[{"href":"https:\/\/asociacionparquecordillera.cl\/en\/wp-json\/wp\/v2\/media?parent=5117"}],"wp:term":[{"taxonomy":"category","embeddable":true,"href":"https:\/\/asociacionparquecordillera.cl\/en\/wp-json\/wp\/v2\/categories?post=5117"},{"taxonomy":"post_tag","embeddable":true,"href":"https:\/\/asociacionparquecordillera.cl\/en\/wp-json\/wp\/v2\/tags?post=5117"},{"taxonomy":"slider-category","embeddable":true,"href":"https:\/\/asociacionparquecordillera.cl\/en\/wp-json\/wp\/v2\/slider-category?post=5117"}],"curies":[{"name":"wp","href":"https:\/\/api.w.org\/{rel}","templated":true}]}}