{"id":5160,"date":"2025-03-24T18:28:09","date_gmt":"2025-03-24T21:28:09","guid":{"rendered":"https:\/\/asociacionparquecordillera.cl\/?p=5160"},"modified":"2025-07-02T16:08:04","modified_gmt":"2025-07-02T20:08:04","slug":"parque-el-yeso-laguna-negra-de-parque-cordillera-recibio-a-participantes-de-la-gran-travesia-2025","status":"publish","type":"post","link":"https:\/\/asociacionparquecordillera.cl\/en\/parque-el-yeso-laguna-negra-de-parque-cordillera-recibio-a-participantes-de-la-gran-travesia-2025\/","title":{"rendered":"Parque El Yeso &#8211; Laguna Negra\u00a0 de Parque Cordillera recibi\u00f3 a participantes de La Gran Traves\u00eda 2025"},"content":{"rendered":"<p><span style=\"font-weight: 400;\">Parque Cordillera, a trav\u00e9s del Parque El Yeso &#8211; Laguna Negra, fue el anfitri\u00f3n de la VI Edici\u00f3n de \u201cLa Gran Traves\u00eda\u201d, corrida de monta\u00f1a de gran intensidad, organizada por Latitud Sur Expedition con el auspicio de Aguas Andinas.<\/span><\/p>\n<p><span style=\"font-weight: 400;\">La corrida, que se realiz\u00f3 el pasado 22 de marzo durante el d\u00eda internacional del agua, consider\u00f3 distintas categor\u00edas, incluyendo las de car\u00e1cter familiar de 5k y 9k (Aguas Andinas Trail Run), la media traves\u00eda de 50k, y la gran traves\u00eda de 100k. Esta \u00faltima contempl\u00f3 m\u00e1s de 30 horas de competencia, donde las y los participantes se desafiaron a s\u00ed mismos y corrieron bordeando la precordillera de Los Andes, bajo distintas condiciones clim\u00e1ticas, desde el Embalse El Yeso hasta la meta ubicada en La Parva en Santiago.<\/span><\/p>\n<p><span style=\"font-weight: 400;\">En la instancia, Jos\u00e9 Pedro Guilisasti, secretario ejecutivo de Parque Cordillera, expres\u00f3 que fue una gran jornada junto con felicitar a las y los ganadores \u201cpor ponerse a prueba, con todo el esfuerzo y preparaci\u00f3n f\u00edsica y mental que eso conlleva \u201c y, asimismo, invit\u00f3 tanto a ni\u00f1os y adultos, como tambi\u00e9n a las familias \u201ca visitar los diez distintos parques que Parque Cordillera tiene el privilegio de administrar a lo largo de la regi\u00f3n Metropolitana\u201d.\u00a0<\/span><\/p>\n<p><span style=\"font-weight: 400;\">Guilisasti tambi\u00e9n agradeci\u00f3 a la organizaci\u00f3n por elegir el Parque El Yeso &#8211; Laguna Negra como punto de inicio de la actividad: \u201cDurante un a\u00f1o y medio hemos enfocado nuestro esfuerzo en la creaci\u00f3n de este parque, siendo un lugar ic\u00f3nico para la regi\u00f3n Metropolitana, donde hoy las y los visitantes, de\u00a0 todo Chile y tambi\u00e9n desde el extranjero, pueden venir a realizar dos senderos distintos, ya sea bordeando el embalse o subiendo hasta la Laguna Negra, en ambos casos con maravillosas vistas en presencia de aguas cristalinas que abastecen a todo Santiago\u201d.<\/span><\/p>\n<p><b>Informaci\u00f3n del parque<\/b><\/p>\n<p><span style=\"font-weight: 400;\">El <\/span><b>sendero \u201cCortina del Embalse<\/b><span style=\"font-weight: 400;\">\u201d est\u00e1 ubicado a una altitud de 2.560 m.s.n.m (metros sobre nivel del mar), y rodea un tramo de la represa, con una distancia total de 3 kms y baja dificultad. Se puede asistir los d\u00edas s\u00e1bado y domingo, previa compra de entradas en <\/span><a href=\"https:\/\/www.puntoticket.com\/parque-cordillera\"><span style=\"font-weight: 400;\">www.puntoticket.com\/parque-cordillera<\/span><\/a><span style=\"font-weight: 400;\">. La entrada tiene un valor de $3.450 para adultos, mientras que los adultos mayores y ni\u00f1os pagan un precio especial de $2.300, y los menores de 2 a\u00f1os entran gratis.\u00a0<\/span><\/p>\n<p><span style=\"font-weight: 400;\">El <\/span><b>sendero \u201cLaguna Negra\u201d,<\/b><span style=\"font-weight: 400;\"> est\u00e1 ubicado a una altitud de 2.700 m.s.n.m., con una altitud m\u00e1xima de 2788 m.s.n.m., con una distancia de 11,5 kms y dificultad media. A este sendero los visitantes pueden asistir de jueves a domingo, exclusivamente en compa\u00f1\u00eda de gu\u00edas o tour operadores certificados, quienes ofrecen la excursi\u00f3n como parte de sus destinos tur\u00edsticos.<\/span><\/p>\n<p><span style=\"font-weight: 400;\">Fotograf\u00edas gentileza de La Voz del Trail.\u00a0<\/span><span style=\"font-weight: 400;\">Ver galer\u00eda completa <a href=\"https:\/\/www.facebook.com\/media\/set\/?set=a.965425662412381&amp;type=3\">aqu\u00ed.<\/a><\/span><\/p>\n<div id='gallery-1' class='gallery galleryid-5160 gallery-columns-3 gallery-size-medium'><figure class='gallery-item'>\n\t\t\t<div class='gallery-icon landscape'>\n\t\t\t\t<a href='https:\/\/asociacionparquecordillera.cl\/en\/parque-el-yeso-laguna-negra-de-parque-cordillera-recibio-a-participantes-de-la-gran-travesia-2025\/imagen_2025-07-02_155503070\/'><img fetchpriority=\"high\" decoding=\"async\" width=\"300\" height=\"223\" src=\"https:\/\/asociacionparquecordillera.cl\/wp-content\/uploads\/2025\/03\/imagen_2025-07-02_155503070-300x223.png\" class=\"attachment-medium size-medium\" alt=\"Personas posando en el podio despues de la corrida de La Gran Traves\u00eda en Parque Natural El Yeso-Laguna Negra\" srcset=\"https:\/\/asociacionparquecordillera.cl\/wp-content\/uploads\/2025\/03\/imagen_2025-07-02_155503070-300x223.png 300w, https:\/\/asociacionparquecordillera.cl\/wp-content\/uploads\/2025\/03\/imagen_2025-07-02_155503070-16x12.png 16w, https:\/\/asociacionparquecordillera.cl\/wp-content\/uploads\/2025\/03\/imagen_2025-07-02_155503070.png 599w\" sizes=\"(max-width: 300px) 100vw, 300px\" \/><\/a>\n\t\t\t<\/div><\/figure><figure class='gallery-item'>\n\t\t\t<div class='gallery-icon landscape'>\n\t\t\t\t<a href='https:\/\/asociacionparquecordillera.cl\/en\/parque-el-yeso-laguna-negra-de-parque-cordillera-recibio-a-participantes-de-la-gran-travesia-2025\/imagen_2025-07-02_155518061\/'><img decoding=\"async\" width=\"300\" height=\"225\" src=\"https:\/\/asociacionparquecordillera.cl\/wp-content\/uploads\/2025\/03\/imagen_2025-07-02_155518061-300x225.png\" class=\"attachment-medium size-medium\" alt=\"Personas corriendo en la ruta de La Gran Traves\u00eda en Parque Natural El Yeso - Laguna Negra\u00a0\" srcset=\"https:\/\/asociacionparquecordillera.cl\/wp-content\/uploads\/2025\/03\/imagen_2025-07-02_155518061-300x225.png 300w, https:\/\/asociacionparquecordillera.cl\/wp-content\/uploads\/2025\/03\/imagen_2025-07-02_155518061-16x12.png 16w, https:\/\/asociacionparquecordillera.cl\/wp-content\/uploads\/2025\/03\/imagen_2025-07-02_155518061.png 593w\" sizes=\"(max-width: 300px) 100vw, 300px\" \/><\/a>\n\t\t\t<\/div><\/figure><figure class='gallery-item'>\n\t\t\t<div class='gallery-icon landscape'>\n\t\t\t\t<a href='https:\/\/asociacionparquecordillera.cl\/en\/parque-el-yeso-laguna-negra-de-parque-cordillera-recibio-a-participantes-de-la-gran-travesia-2025\/imagen_2025-07-02_155533672\/'><img decoding=\"async\" width=\"300\" height=\"225\" src=\"https:\/\/asociacionparquecordillera.cl\/wp-content\/uploads\/2025\/03\/imagen_2025-07-02_155533672-300x225.png\" class=\"attachment-medium size-medium\" alt=\"Paisaje de la corrida del Parque Natural El Yeso-Laguna Negra\" srcset=\"https:\/\/asociacionparquecordillera.cl\/wp-content\/uploads\/2025\/03\/imagen_2025-07-02_155533672-300x225.png 300w, https:\/\/asociacionparquecordillera.cl\/wp-content\/uploads\/2025\/03\/imagen_2025-07-02_155533672-16x12.png 16w, https:\/\/asociacionparquecordillera.cl\/wp-content\/uploads\/2025\/03\/imagen_2025-07-02_155533672.png 594w\" sizes=\"(max-width: 300px) 100vw, 300px\" \/><\/a>\n\t\t\t<\/div><\/figure><figure class='gallery-item'>\n\t\t\t<div class='gallery-icon landscape'>\n\t\t\t\t<a href='https:\/\/asociacionparquecordillera.cl\/en\/parque-el-yeso-laguna-negra-de-parque-cordillera-recibio-a-participantes-de-la-gran-travesia-2025\/imagen_2025-07-02_155553276\/'><img loading=\"lazy\" decoding=\"async\" width=\"300\" height=\"224\" src=\"https:\/\/asociacionparquecordillera.cl\/wp-content\/uploads\/2025\/03\/imagen_2025-07-02_155553276-300x224.png\" class=\"attachment-medium size-medium\" alt=\"Paisaje de la corrida del Parque Natural El Yeso-Laguna Negra\" srcset=\"https:\/\/asociacionparquecordillera.cl\/wp-content\/uploads\/2025\/03\/imagen_2025-07-02_155553276-300x224.png 300w, https:\/\/asociacionparquecordillera.cl\/wp-content\/uploads\/2025\/03\/imagen_2025-07-02_155553276-16x12.png 16w, https:\/\/asociacionparquecordillera.cl\/wp-content\/uploads\/2025\/03\/imagen_2025-07-02_155553276.png 595w\" sizes=\"(max-width: 300px) 100vw, 300px\" \/><\/a>\n\t\t\t<\/div><\/figure><figure class='gallery-item'>\n\t\t\t<div class='gallery-icon landscape'>\n\t\t\t\t<a href='https:\/\/asociacionparquecordillera.cl\/en\/parque-el-yeso-laguna-negra-de-parque-cordillera-recibio-a-participantes-de-la-gran-travesia-2025\/la-gran-travesia-02\/'><img loading=\"lazy\" decoding=\"async\" width=\"300\" height=\"225\" src=\"https:\/\/asociacionparquecordillera.cl\/wp-content\/uploads\/2025\/03\/La-gran-travesia-02-300x225.jpg\" class=\"attachment-medium size-medium\" alt=\"Grupo de personas en inicio de corrida La Gran Traves\u00eda\" srcset=\"https:\/\/asociacionparquecordillera.cl\/wp-content\/uploads\/2025\/03\/La-gran-travesia-02-300x225.jpg 300w, https:\/\/asociacionparquecordillera.cl\/wp-content\/uploads\/2025\/03\/La-gran-travesia-02-1024x768.jpg 1024w, https:\/\/asociacionparquecordillera.cl\/wp-content\/uploads\/2025\/03\/La-gran-travesia-02-768x576.jpg 768w, https:\/\/asociacionparquecordillera.cl\/wp-content\/uploads\/2025\/03\/La-gran-travesia-02-1536x1152.jpg 1536w, https:\/\/asociacionparquecordillera.cl\/wp-content\/uploads\/2025\/03\/La-gran-travesia-02-16x12.jpg 16w, https:\/\/asociacionparquecordillera.cl\/wp-content\/uploads\/2025\/03\/La-gran-travesia-02.jpg 2048w\" sizes=\"(max-width: 300px) 100vw, 300px\" \/><\/a>\n\t\t\t<\/div><\/figure>\n\t\t<\/div>","protected":false},"excerpt":{"rendered":"<p>Parque Cordillera, a trav\u00e9s del Parque El Yeso &#8211; Laguna Negra, fue el anfitri\u00f3n de la VI Edici\u00f3n de \u201cLa Gran Traves\u00eda\u201d, corrida de monta\u00f1a de gran intensidad, organizada por Latitud Sur Expedition con el auspicio de Aguas Andinas. La corrida, que se realiz\u00f3 el pasado 22 de marzo durante el d\u00eda internacional del agua, [&hellip;]<\/p>","protected":false},"author":10,"featured_media":5161,"comment_status":"closed","ping_status":"closed","sticky":false,"template":"","format":"standard","meta":{"site-sidebar-layout":"default","site-content-layout":"","ast-site-content-layout":"default","site-content-style":"default","site-sidebar-style":"default","ast-global-header-display":"","ast-banner-title-visibility":"","ast-main-header-display":"","ast-hfb-above-header-display":"","ast-hfb-below-header-display":"","ast-hfb-mobile-header-display":"","site-post-title":"","ast-breadcrumbs-content":"","ast-featured-img":"","footer-sml-layout":"","theme-transparent-header-meta":"default","adv-header-id-meta":"","stick-header-meta":"default","header-above-stick-meta":"","header-main-stick-meta":"","header-below-stick-meta":"","astra-migrate-meta-layouts":"set","ast-page-background-enabled":"default","ast-page-background-meta":{"desktop":{"background-color":"var(--ast-global-color-4)","background-image":"","background-repeat":"repeat","background-position":"center center","background-size":"auto","background-attachment":"scroll","background-type":"","background-media":"","overlay-type":"","overlay-color":"","overlay-opacity":"","overlay-gradient":""},"tablet":{"background-color":"","background-image":"","background-repeat":"repeat","background-position":"center center","background-size":"auto","background-attachment":"scroll","background-type":"","background-media":"","overlay-type":"","overlay-color":"","overlay-opacity":"","overlay-gradient":""},"mobile":{"background-color":"","background-image":"","background-repeat":"repeat","background-position":"center center","background-size":"auto","background-attachment":"scroll","background-type":"","background-media":"","overlay-type":"","overlay-color":"","overlay-opacity":"","overlay-gradient":""}},"ast-content-background-meta":{"desktop":{"background-color":"var(--ast-global-color-5)","background-image":"","background-repeat":"repeat","background-position":"center center","background-size":"auto","background-attachment":"scroll","background-type":"","background-media":"","overlay-type":"","overlay-color":"","overlay-opacity":"","overlay-gradient":""},"tablet":{"background-color":"var(--ast-global-color-5)","background-image":"","background-repeat":"repeat","background-position":"center center","background-size":"auto","background-attachment":"scroll","background-type":"","background-media":"","overlay-type":"","overlay-color":"","overlay-opacity":"","overlay-gradient":""},"mobile":{"background-color":"var(--ast-global-color-5)","background-image":"","background-repeat":"repeat","background-position":"center center","background-size":"auto","background-attachment":"scroll","background-type":"","background-media":"","overlay-type":"","overlay-color":"","overlay-opacity":"","overlay-gradient":""}},"footnotes":""},"categories":[16],"tags":[],"slider-category":[],"class_list":["post-5160","post","type-post","status-publish","format-standard","has-post-thumbnail","hentry","category-prensa"],"yoast_head":"<!-- This site is optimized with the Yoast SEO Premium plugin v22.9 (Yoast SEO v23.9) - https:\/\/yoast.com\/wordpress\/plugins\/seo\/ -->\n<title>Parque El Yeso - Laguna Negra\u00a0 de Parque Cordillera recibi\u00f3 a participantes de La Gran Traves\u00eda 2025 - Asociaci\u00f3n Parque Cordillera - Parques Regi\u00f3n Metropolitana<\/title>\n<meta name=\"description\" content=\"Parque Cordillera, a trav\u00e9s del Parque El Yeso - Laguna Negra, fue el anfitri\u00f3n de la VI Edici\u00f3n de \u201cLa Gran Traves\u00eda\u201d, corrida de monta\u00f1a de gran\" \/>\n<meta name=\"robots\" content=\"index, follow, max-snippet:-1, max-image-preview:large, max-video-preview:-1\" \/>\n<link rel=\"canonical\" href=\"https:\/\/asociacionparquecordillera.cl\/en\/parque-el-yeso-laguna-negra-de-parque-cordillera-recibio-a-participantes-de-la-gran-travesia-2025\/\" \/>\n<meta property=\"og:locale\" content=\"en_US\" \/>\n<meta property=\"og:type\" content=\"article\" \/>\n<meta property=\"og:title\" content=\"Parque El Yeso - Laguna Negra\u00a0 de Parque Cordillera recibi\u00f3 a participantes de La Gran Traves\u00eda 2025\" \/>\n<meta property=\"og:description\" content=\"Parque Cordillera, a trav\u00e9s del Parque El Yeso - Laguna Negra, fue el anfitri\u00f3n de la VI Edici\u00f3n de \u201cLa Gran Traves\u00eda\u201d, corrida de monta\u00f1a de gran\" \/>\n<meta property=\"og:url\" content=\"https:\/\/asociacionparquecordillera.cl\/en\/parque-el-yeso-laguna-negra-de-parque-cordillera-recibio-a-participantes-de-la-gran-travesia-2025\/\" \/>\n<meta property=\"og:site_name\" content=\"Asociaci\u00f3n Parque Cordillera - Parques Regi\u00f3n Metropolitana\" \/>\n<meta property=\"article:published_time\" content=\"2025-03-24T21:28:09+00:00\" \/>\n<meta property=\"article:modified_time\" content=\"2025-07-02T20:08:04+00:00\" \/>\n<meta property=\"og:image\" content=\"https:\/\/asociacionparquecordillera.cl\/wp-content\/uploads\/2025\/03\/La-gran-travesia-02.jpg\" \/>\n\t<meta property=\"og:image:width\" content=\"2048\" \/>\n\t<meta property=\"og:image:height\" content=\"1536\" \/>\n\t<meta property=\"og:image:type\" content=\"image\/jpeg\" \/>\n<meta name=\"author\" content=\"Camila Silva Galdames\" \/>\n<meta name=\"twitter:card\" content=\"summary_large_image\" \/>\n<meta name=\"twitter:label1\" content=\"Written by\" \/>\n\t<meta name=\"twitter:data1\" content=\"Camila Silva Galdames\" \/>\n\t<meta name=\"twitter:label2\" content=\"Est. reading time\" \/>\n\t<meta name=\"twitter:data2\" content=\"3 minutes\" \/>\n<script type=\"application\/ld+json\" class=\"yoast-schema-graph\">{\"@context\":\"https:\/\/schema.org\",\"@graph\":[{\"@type\":\"Article\",\"@id\":\"https:\/\/asociacionparquecordillera.cl\/parque-el-yeso-laguna-negra-de-parque-cordillera-recibio-a-participantes-de-la-gran-travesia-2025\/#article\",\"isPartOf\":{\"@id\":\"https:\/\/asociacionparquecordillera.cl\/parque-el-yeso-laguna-negra-de-parque-cordillera-recibio-a-participantes-de-la-gran-travesia-2025\/\"},\"author\":{\"name\":\"Camila Silva Galdames\",\"@id\":\"https:\/\/asociacionparquecordillera.cl\/#\/schema\/person\/bebe62983102f2478a516a7c4f770a52\"},\"headline\":\"Parque El Yeso &#8211; Laguna Negra\u00a0 de Parque Cordillera recibi\u00f3 a participantes de La Gran Traves\u00eda 2025\",\"datePublished\":\"2025-03-24T21:28:09+00:00\",\"dateModified\":\"2025-07-02T20:08:04+00:00\",\"mainEntityOfPage\":{\"@id\":\"https:\/\/asociacionparquecordillera.cl\/parque-el-yeso-laguna-negra-de-parque-cordillera-recibio-a-participantes-de-la-gran-travesia-2025\/\"},\"wordCount\":505,\"publisher\":{\"@id\":\"https:\/\/asociacionparquecordillera.cl\/#organization\"},\"image\":{\"@id\":\"https:\/\/asociacionparquecordillera.cl\/parque-el-yeso-laguna-negra-de-parque-cordillera-recibio-a-participantes-de-la-gran-travesia-2025\/#primaryimage\"},\"thumbnailUrl\":\"https:\/\/asociacionparquecordillera.cl\/wp-content\/uploads\/2025\/03\/La-gran-travesia-02.jpg\",\"articleSection\":[\"Prensa\"],\"inLanguage\":\"en-US\"},{\"@type\":\"WebPage\",\"@id\":\"https:\/\/asociacionparquecordillera.cl\/parque-el-yeso-laguna-negra-de-parque-cordillera-recibio-a-participantes-de-la-gran-travesia-2025\/\",\"url\":\"https:\/\/asociacionparquecordillera.cl\/parque-el-yeso-laguna-negra-de-parque-cordillera-recibio-a-participantes-de-la-gran-travesia-2025\/\",\"name\":\"Parque El Yeso - Laguna Negra\u00a0 de Parque Cordillera recibi\u00f3 a participantes de La Gran Traves\u00eda 2025 - Asociaci\u00f3n Parque Cordillera - Parques Regi\u00f3n Metropolitana\",\"isPartOf\":{\"@id\":\"https:\/\/asociacionparquecordillera.cl\/#website\"},\"primaryImageOfPage\":{\"@id\":\"https:\/\/asociacionparquecordillera.cl\/parque-el-yeso-laguna-negra-de-parque-cordillera-recibio-a-participantes-de-la-gran-travesia-2025\/#primaryimage\"},\"image\":{\"@id\":\"https:\/\/asociacionparquecordillera.cl\/parque-el-yeso-laguna-negra-de-parque-cordillera-recibio-a-participantes-de-la-gran-travesia-2025\/#primaryimage\"},\"thumbnailUrl\":\"https:\/\/asociacionparquecordillera.cl\/wp-content\/uploads\/2025\/03\/La-gran-travesia-02.jpg\",\"datePublished\":\"2025-03-24T21:28:09+00:00\",\"dateModified\":\"2025-07-02T20:08:04+00:00\",\"description\":\"Parque Cordillera, a trav\u00e9s del Parque El Yeso - Laguna Negra, fue el anfitri\u00f3n de la VI Edici\u00f3n de \u201cLa Gran Traves\u00eda\u201d, corrida de monta\u00f1a de gran\",\"breadcrumb\":{\"@id\":\"https:\/\/asociacionparquecordillera.cl\/parque-el-yeso-laguna-negra-de-parque-cordillera-recibio-a-participantes-de-la-gran-travesia-2025\/#breadcrumb\"},\"inLanguage\":\"en-US\",\"potentialAction\":[{\"@type\":\"ReadAction\",\"target\":[\"https:\/\/asociacionparquecordillera.cl\/parque-el-yeso-laguna-negra-de-parque-cordillera-recibio-a-participantes-de-la-gran-travesia-2025\/\"]}]},{\"@type\":\"ImageObject\",\"inLanguage\":\"en-US\",\"@id\":\"https:\/\/asociacionparquecordillera.cl\/parque-el-yeso-laguna-negra-de-parque-cordillera-recibio-a-participantes-de-la-gran-travesia-2025\/#primaryimage\",\"url\":\"https:\/\/asociacionparquecordillera.cl\/wp-content\/uploads\/2025\/03\/La-gran-travesia-02.jpg\",\"contentUrl\":\"https:\/\/asociacionparquecordillera.cl\/wp-content\/uploads\/2025\/03\/La-gran-travesia-02.jpg\",\"width\":2048,\"height\":1536,\"caption\":\"Grupo de personas en inicio de corrida La Gran Traves\u00eda\"},{\"@type\":\"BreadcrumbList\",\"@id\":\"https:\/\/asociacionparquecordillera.cl\/parque-el-yeso-laguna-negra-de-parque-cordillera-recibio-a-participantes-de-la-gran-travesia-2025\/#breadcrumb\",\"itemListElement\":[{\"@type\":\"ListItem\",\"position\":1,\"name\":\"Home\",\"item\":\"https:\/\/asociacionparquecordillera.cl\/\"},{\"@type\":\"ListItem\",\"position\":2,\"name\":\"Parque El Yeso &#8211; Laguna Negra\u00a0 de Parque Cordillera recibi\u00f3 a participantes de La Gran Traves\u00eda 2025\"}]},{\"@type\":\"WebSite\",\"@id\":\"https:\/\/asociacionparquecordillera.cl\/#website\",\"url\":\"https:\/\/asociacionparquecordillera.cl\/\",\"name\":\"Asociaci\u00f3n Parque Cordillera - Parques Regi\u00f3n Metropolitana\",\"description\":\"Asociaci\u00f3n Parque Cordillera promueve la conservaci\u00f3n de la precordillera de Santiago mediante la administraci\u00f3n de parques naturales y el fomento de la educaci\u00f3n ambiental y el turismo sustentable.\",\"publisher\":{\"@id\":\"https:\/\/asociacionparquecordillera.cl\/#organization\"},\"alternateName\":\"Parque Cordillera\",\"potentialAction\":[{\"@type\":\"SearchAction\",\"target\":{\"@type\":\"EntryPoint\",\"urlTemplate\":\"https:\/\/asociacionparquecordillera.cl\/?s={search_term_string}\"},\"query-input\":{\"@type\":\"PropertyValueSpecification\",\"valueRequired\":true,\"valueName\":\"search_term_string\"}}],\"inLanguage\":\"en-US\"},{\"@type\":\"Organization\",\"@id\":\"https:\/\/asociacionparquecordillera.cl\/#organization\",\"name\":\"Asociaci\u00f3n Parque Cordillera - Parques Regi\u00f3n Metropolitana\",\"alternateName\":\"Parque Cordillera\",\"url\":\"https:\/\/asociacionparquecordillera.cl\/\",\"logo\":{\"@type\":\"ImageObject\",\"inLanguage\":\"en-US\",\"@id\":\"https:\/\/asociacionparquecordillera.cl\/#\/schema\/logo\/image\/\",\"url\":\"https:\/\/asociacionparquecordillera.cl\/wp-content\/uploads\/2023\/01\/logo-apc-white-2.svg\",\"contentUrl\":\"https:\/\/asociacionparquecordillera.cl\/wp-content\/uploads\/2023\/01\/logo-apc-white-2.svg\",\"width\":240.789999999999992041921359486877918243408203125,\"height\":80.969999999999998863131622783839702606201171875,\"caption\":\"Asociaci\u00f3n Parque Cordillera - Parques Regi\u00f3n Metropolitana\"},\"image\":{\"@id\":\"https:\/\/asociacionparquecordillera.cl\/#\/schema\/logo\/image\/\"}},{\"@type\":\"Person\",\"@id\":\"https:\/\/asociacionparquecordillera.cl\/#\/schema\/person\/bebe62983102f2478a516a7c4f770a52\",\"name\":\"Camila Silva Galdames\",\"image\":{\"@type\":\"ImageObject\",\"inLanguage\":\"en-US\",\"@id\":\"https:\/\/asociacionparquecordillera.cl\/#\/schema\/person\/image\/\",\"url\":\"https:\/\/secure.gravatar.com\/avatar\/1b673f7345c7f66429fd57df264b9c0877ab6e9683936c15bafc9fadba046bf1?s=96&d=mm&r=g\",\"contentUrl\":\"https:\/\/secure.gravatar.com\/avatar\/1b673f7345c7f66429fd57df264b9c0877ab6e9683936c15bafc9fadba046bf1?s=96&d=mm&r=g\",\"caption\":\"Camila Silva Galdames\"},\"url\":\"https:\/\/asociacionparquecordillera.cl\/en\/author\/camila-silva-periodista\/\"}]}<\/script>\n<!-- \/ Yoast SEO Premium plugin. -->","yoast_head_json":{"title":"Parque El Yeso - Laguna Negra\u00a0 de Parque Cordillera recibi\u00f3 a participantes de La Gran Traves\u00eda 2025 - Asociaci\u00f3n Parque Cordillera - Parques Regi\u00f3n Metropolitana","description":"Parque Cordillera, a trav\u00e9s del Parque El Yeso - Laguna Negra, fue el anfitri\u00f3n de la VI Edici\u00f3n de \u201cLa Gran Traves\u00eda\u201d, corrida de monta\u00f1a de gran","robots":{"index":"index","follow":"follow","max-snippet":"max-snippet:-1","max-image-preview":"max-image-preview:large","max-video-preview":"max-video-preview:-1"},"canonical":"https:\/\/asociacionparquecordillera.cl\/en\/parque-el-yeso-laguna-negra-de-parque-cordillera-recibio-a-participantes-de-la-gran-travesia-2025\/","og_locale":"en_US","og_type":"article","og_title":"Parque El Yeso - Laguna Negra\u00a0 de Parque Cordillera recibi\u00f3 a participantes de La Gran Traves\u00eda 2025","og_description":"Parque Cordillera, a trav\u00e9s del Parque El Yeso - Laguna Negra, fue el anfitri\u00f3n de la VI Edici\u00f3n de \u201cLa Gran Traves\u00eda\u201d, corrida de monta\u00f1a de gran","og_url":"https:\/\/asociacionparquecordillera.cl\/en\/parque-el-yeso-laguna-negra-de-parque-cordillera-recibio-a-participantes-de-la-gran-travesia-2025\/","og_site_name":"Asociaci\u00f3n Parque Cordillera - Parques Regi\u00f3n Metropolitana","article_published_time":"2025-03-24T21:28:09+00:00","article_modified_time":"2025-07-02T20:08:04+00:00","og_image":[{"width":2048,"height":1536,"url":"https:\/\/asociacionparquecordillera.cl\/wp-content\/uploads\/2025\/03\/La-gran-travesia-02.jpg","type":"image\/jpeg"}],"author":"Camila Silva Galdames","twitter_card":"summary_large_image","twitter_misc":{"Written by":"Camila Silva Galdames","Est. reading time":"3 minutes"},"schema":{"@context":"https:\/\/schema.org","@graph":[{"@type":"Article","@id":"https:\/\/asociacionparquecordillera.cl\/parque-el-yeso-laguna-negra-de-parque-cordillera-recibio-a-participantes-de-la-gran-travesia-2025\/#article","isPartOf":{"@id":"https:\/\/asociacionparquecordillera.cl\/parque-el-yeso-laguna-negra-de-parque-cordillera-recibio-a-participantes-de-la-gran-travesia-2025\/"},"author":{"name":"Camila Silva Galdames","@id":"https:\/\/asociacionparquecordillera.cl\/#\/schema\/person\/bebe62983102f2478a516a7c4f770a52"},"headline":"Parque El Yeso &#8211; Laguna Negra\u00a0 de Parque Cordillera recibi\u00f3 a participantes de La Gran Traves\u00eda 2025","datePublished":"2025-03-24T21:28:09+00:00","dateModified":"2025-07-02T20:08:04+00:00","mainEntityOfPage":{"@id":"https:\/\/asociacionparquecordillera.cl\/parque-el-yeso-laguna-negra-de-parque-cordillera-recibio-a-participantes-de-la-gran-travesia-2025\/"},"wordCount":505,"publisher":{"@id":"https:\/\/asociacionparquecordillera.cl\/#organization"},"image":{"@id":"https:\/\/asociacionparquecordillera.cl\/parque-el-yeso-laguna-negra-de-parque-cordillera-recibio-a-participantes-de-la-gran-travesia-2025\/#primaryimage"},"thumbnailUrl":"https:\/\/asociacionparquecordillera.cl\/wp-content\/uploads\/2025\/03\/La-gran-travesia-02.jpg","articleSection":["Prensa"],"inLanguage":"en-US"},{"@type":"WebPage","@id":"https:\/\/asociacionparquecordillera.cl\/parque-el-yeso-laguna-negra-de-parque-cordillera-recibio-a-participantes-de-la-gran-travesia-2025\/","url":"https:\/\/asociacionparquecordillera.cl\/parque-el-yeso-laguna-negra-de-parque-cordillera-recibio-a-participantes-de-la-gran-travesia-2025\/","name":"Parque El Yeso - Laguna Negra\u00a0 de Parque Cordillera recibi\u00f3 a participantes de La Gran Traves\u00eda 2025 - Asociaci\u00f3n Parque Cordillera - Parques Regi\u00f3n Metropolitana","isPartOf":{"@id":"https:\/\/asociacionparquecordillera.cl\/#website"},"primaryImageOfPage":{"@id":"https:\/\/asociacionparquecordillera.cl\/parque-el-yeso-laguna-negra-de-parque-cordillera-recibio-a-participantes-de-la-gran-travesia-2025\/#primaryimage"},"image":{"@id":"https:\/\/asociacionparquecordillera.cl\/parque-el-yeso-laguna-negra-de-parque-cordillera-recibio-a-participantes-de-la-gran-travesia-2025\/#primaryimage"},"thumbnailUrl":"https:\/\/asociacionparquecordillera.cl\/wp-content\/uploads\/2025\/03\/La-gran-travesia-02.jpg","datePublished":"2025-03-24T21:28:09+00:00","dateModified":"2025-07-02T20:08:04+00:00","description":"Parque Cordillera, a trav\u00e9s del Parque El Yeso - Laguna Negra, fue el anfitri\u00f3n de la VI Edici\u00f3n de \u201cLa Gran Traves\u00eda\u201d, corrida de monta\u00f1a de gran","breadcrumb":{"@id":"https:\/\/asociacionparquecordillera.cl\/parque-el-yeso-laguna-negra-de-parque-cordillera-recibio-a-participantes-de-la-gran-travesia-2025\/#breadcrumb"},"inLanguage":"en-US","potentialAction":[{"@type":"ReadAction","target":["https:\/\/asociacionparquecordillera.cl\/parque-el-yeso-laguna-negra-de-parque-cordillera-recibio-a-participantes-de-la-gran-travesia-2025\/"]}]},{"@type":"ImageObject","inLanguage":"en-US","@id":"https:\/\/asociacionparquecordillera.cl\/parque-el-yeso-laguna-negra-de-parque-cordillera-recibio-a-participantes-de-la-gran-travesia-2025\/#primaryimage","url":"https:\/\/asociacionparquecordillera.cl\/wp-content\/uploads\/2025\/03\/La-gran-travesia-02.jpg","contentUrl":"https:\/\/asociacionparquecordillera.cl\/wp-content\/uploads\/2025\/03\/La-gran-travesia-02.jpg","width":2048,"height":1536,"caption":"Grupo de personas en inicio de corrida La Gran Traves\u00eda"},{"@type":"BreadcrumbList","@id":"https:\/\/asociacionparquecordillera.cl\/parque-el-yeso-laguna-negra-de-parque-cordillera-recibio-a-participantes-de-la-gran-travesia-2025\/#breadcrumb","itemListElement":[{"@type":"ListItem","position":1,"name":"Home","item":"https:\/\/asociacionparquecordillera.cl\/"},{"@type":"ListItem","position":2,"name":"Parque El Yeso &#8211; Laguna Negra\u00a0 de Parque Cordillera recibi\u00f3 a participantes de La Gran Traves\u00eda 2025"}]},{"@type":"WebSite","@id":"https:\/\/asociacionparquecordillera.cl\/#website","url":"https:\/\/asociacionparquecordillera.cl\/","name":"Asociaci\u00f3n Parque Cordillera - Parques Regi\u00f3n Metropolitana","description":"Asociaci\u00f3n Parque Cordillera promueve la conservaci\u00f3n de la precordillera de Santiago mediante la administraci\u00f3n de parques naturales y el fomento de la educaci\u00f3n ambiental y el turismo sustentable.","publisher":{"@id":"https:\/\/asociacionparquecordillera.cl\/#organization"},"alternateName":"Parque Cordillera","potentialAction":[{"@type":"SearchAction","target":{"@type":"EntryPoint","urlTemplate":"https:\/\/asociacionparquecordillera.cl\/?s={search_term_string}"},"query-input":{"@type":"PropertyValueSpecification","valueRequired":true,"valueName":"search_term_string"}}],"inLanguage":"en-US"},{"@type":"Organization","@id":"https:\/\/asociacionparquecordillera.cl\/#organization","name":"Asociaci\u00f3n Parque Cordillera - Parques Regi\u00f3n Metropolitana","alternateName":"Parque Cordillera","url":"https:\/\/asociacionparquecordillera.cl\/","logo":{"@type":"ImageObject","inLanguage":"en-US","@id":"https:\/\/asociacionparquecordillera.cl\/#\/schema\/logo\/image\/","url":"https:\/\/asociacionparquecordillera.cl\/wp-content\/uploads\/2023\/01\/logo-apc-white-2.svg","contentUrl":"https:\/\/asociacionparquecordillera.cl\/wp-content\/uploads\/2023\/01\/logo-apc-white-2.svg","width":240.789999999999992041921359486877918243408203125,"height":80.969999999999998863131622783839702606201171875,"caption":"Asociaci\u00f3n Parque Cordillera - Parques Regi\u00f3n Metropolitana"},"image":{"@id":"https:\/\/asociacionparquecordillera.cl\/#\/schema\/logo\/image\/"}},{"@type":"Person","@id":"https:\/\/asociacionparquecordillera.cl\/#\/schema\/person\/bebe62983102f2478a516a7c4f770a52","name":"Camila Silva Galdames","image":{"@type":"ImageObject","inLanguage":"en-US","@id":"https:\/\/asociacionparquecordillera.cl\/#\/schema\/person\/image\/","url":"https:\/\/secure.gravatar.com\/avatar\/1b673f7345c7f66429fd57df264b9c0877ab6e9683936c15bafc9fadba046bf1?s=96&d=mm&r=g","contentUrl":"https:\/\/secure.gravatar.com\/avatar\/1b673f7345c7f66429fd57df264b9c0877ab6e9683936c15bafc9fadba046bf1?s=96&d=mm&r=g","caption":"Camila Silva Galdames"},"url":"https:\/\/asociacionparquecordillera.cl\/en\/author\/camila-silva-periodista\/"}]}},"_links":{"self":[{"href":"https:\/\/asociacionparquecordillera.cl\/en\/wp-json\/wp\/v2\/posts\/5160","targetHints":{"allow":["GET"]}}],"collection":[{"href":"https:\/\/asociacionparquecordillera.cl\/en\/wp-json\/wp\/v2\/posts"}],"about":[{"href":"https:\/\/asociacionparquecordillera.cl\/en\/wp-json\/wp\/v2\/types\/post"}],"author":[{"embeddable":true,"href":"https:\/\/asociacionparquecordillera.cl\/en\/wp-json\/wp\/v2\/users\/10"}],"replies":[{"embeddable":true,"href":"https:\/\/asociacionparquecordillera.cl\/en\/wp-json\/wp\/v2\/comments?post=5160"}],"version-history":[{"count":2,"href":"https:\/\/asociacionparquecordillera.cl\/en\/wp-json\/wp\/v2\/posts\/5160\/revisions"}],"predecessor-version":[{"id":5857,"href":"https:\/\/asociacionparquecordillera.cl\/en\/wp-json\/wp\/v2\/posts\/5160\/revisions\/5857"}],"wp:featuredmedia":[{"embeddable":true,"href":"https:\/\/asociacionparquecordillera.cl\/en\/wp-json\/wp\/v2\/media\/5161"}],"wp:attachment":[{"href":"https:\/\/asociacionparquecordillera.cl\/en\/wp-json\/wp\/v2\/media?parent=5160"}],"wp:term":[{"taxonomy":"category","embeddable":true,"href":"https:\/\/asociacionparquecordillera.cl\/en\/wp-json\/wp\/v2\/categories?post=5160"},{"taxonomy":"post_tag","embeddable":true,"href":"https:\/\/asociacionparquecordillera.cl\/en\/wp-json\/wp\/v2\/tags?post=5160"},{"taxonomy":"slider-category","embeddable":true,"href":"https:\/\/asociacionparquecordillera.cl\/en\/wp-json\/wp\/v2\/slider-category?post=5160"}],"curies":[{"name":"wp","href":"https:\/\/api.w.org\/{rel}","templated":true}]}}