{"id":6385,"date":"2026-04-17T08:56:02","date_gmt":"2026-04-17T12:56:02","guid":{"rendered":"https:\/\/asociacionparquecordillera.cl\/?p=6385"},"modified":"2026-04-17T08:56:02","modified_gmt":"2026-04-17T12:56:02","slug":"durante-este-otono-invierno-asociacion-parque-cordillera-te-invita-a-sus-guiados-para-la-observacion-de-hongos","status":"publish","type":"post","link":"https:\/\/asociacionparquecordillera.cl\/en\/durante-este-otono-invierno-asociacion-parque-cordillera-te-invita-a-sus-guiados-para-la-observacion-de-hongos\/","title":{"rendered":"Durante este oto\u00f1o-invierno, Asociaci\u00f3n Parque Cordillera te invita a sus guiados para la observaci\u00f3n de hongos"},"content":{"rendered":"<p><span style=\"font-weight: 400;\">Hace un mes comenz\u00f3 la temporada de oto\u00f1o-invierno, y los hongos ya se pueden ver en la precordillera Metropolitana. Es por ello, que la Asociaci\u00f3n de Municipalidades Parque Cordillera -en colaboraci\u00f3n con la ONG Mic\u00f3filos Chile- anunci\u00f3 un nuevo formato de actividad al aire libre, que incluye la observaci\u00f3n de distintas especies del reino fungi, mientras se realiza un trekking de bajo intensidad y culmina con una sorpresa culinaria.\u00a0<\/span><\/p>\n<p><span style=\"font-weight: 400;\">La actividad llamada \u201cGuiado de Hongos\u201d ya cuenta con cuatro fechas agendadas para los meses de abril y mayo, donde las y los visitantes recorrer\u00e1n uno de los senderos del Parque Cantalao, ubicado en la comuna de Pe\u00f1alol\u00e9n. Se trata del sendero Litre-Guayac\u00e1n, de baja exigencia, ya que posee tan solo 1,5 km de extensi\u00f3n, tipo circuito y un desnivel total de 80 m.\u00a0<\/span><\/p>\n<p><span style=\"font-weight: 400;\">Con el apoyo de lupas y espejos, y mientras recorren el parque, las y los participantes (adultos y ni\u00f1os desde los doce a\u00f1os de edad) podr\u00e1n observar m\u00faltiples hongos, musgos, l\u00edquenes, entre otras especies. Asimismo, al llegar a la Plaza del Quillay, existir\u00e1 un momento de descanso y la degustaci\u00f3n de un ceviche de champi\u00f1ones, completamente apto para vegetarianos y veganos.\u00a0<\/span><\/p>\n<p><span style=\"font-weight: 400;\">\u201cCantalao fue elegido por su ambiente tranquilo, biodiversidad bien preservada durante estos a\u00f1os y por la dificultad baja que tiene el sendero, ya que la observaci\u00f3n de hongos es una actividad pausada donde se necesitan senderos amigables\u201d, coment\u00f3 Tamara Gonz\u00e1lez Vega (@tamycelium), monitora ambiental de la Asociaci\u00f3n Parque Cordillera y colaboradora de la ONG Mic\u00f3filos Chile, quien estar\u00e1 a cargo del guiado de esta actividad.\u00a0<\/span><\/p>\n<p><span style=\"font-weight: 400;\"><img fetchpriority=\"high\" decoding=\"async\" class=\"alignnone wp-image-6387\" src=\"https:\/\/asociacionparquecordillera.cl\/wp-content\/uploads\/2026\/04\/funga-Parque-Cantalao-Parque-Cordillera-10-300x225.jpeg\" alt=\"\" width=\"557\" height=\"418\" srcset=\"https:\/\/asociacionparquecordillera.cl\/wp-content\/uploads\/2026\/04\/funga-Parque-Cantalao-Parque-Cordillera-10-300x225.jpeg 300w, https:\/\/asociacionparquecordillera.cl\/wp-content\/uploads\/2026\/04\/funga-Parque-Cantalao-Parque-Cordillera-10-1024x768.jpeg 1024w, https:\/\/asociacionparquecordillera.cl\/wp-content\/uploads\/2026\/04\/funga-Parque-Cantalao-Parque-Cordillera-10-768x576.jpeg 768w, https:\/\/asociacionparquecordillera.cl\/wp-content\/uploads\/2026\/04\/funga-Parque-Cantalao-Parque-Cordillera-10-16x12.jpeg 16w, https:\/\/asociacionparquecordillera.cl\/wp-content\/uploads\/2026\/04\/funga-Parque-Cantalao-Parque-Cordillera-10.jpeg 1280w\" sizes=\"(max-width: 557px) 100vw, 557px\" \/><\/span><\/p>\n<p><span style=\"font-weight: 400;\">La especialista en funga tambi\u00e9n detall\u00f3 que, \u201cse suele generalizar y creer que todos los hongos son da\u00f1inos, pero esos son los hongos par\u00e1sitos. En el caso del l\u00edquen este ayuda al \u00e1rbol a sobrevivir, le entrega humedad y le permite sopesar la sequ\u00eda. No son un ataque, son una ayuda\u00bb. Por otro lado, agreg\u00f3, \u00absi no hubiese micelio no habr\u00eda bosque despu\u00e9s de un incendio\u00bb, esto, debido a que el micelio es una red subterr\u00e1nea que le permite a los hongos sobrevivir y funcionar como red ecol\u00f3gica vital.<\/span><\/p>\n<p><span style=\"font-weight: 400;\">Durante la marcha blanca de la actividad, se observaron las primeras especies incluyendo la collybia nuda (ex lepista nuda), stereum histurum, agaricus sp y el mycenastrum en la categor\u00eda de los hongos. En tanto, como l\u00edquenes, se observaron la ramalina, el teloschistes sp, crust\u00e1ceos (en rocas) y el fruticuloso (en \u00e1rboles). Lo anterior estuvo acompa\u00f1ado de la observaci\u00f3n de otras especies de flora y fauna, como por ejemplo el litre, el quillay, el espino, el \u00e1guila, el carpinterito, las t\u00f3rtolas y el tiuque.\u00a0<\/span><\/p>\n<p><span style=\"font-weight: 400;\">Las primeras fechas ser\u00e1n los d\u00edas s\u00e1bados 18 y 25 de abril, 9 y 16 de mayo, todas en el Parque Natural Cantalao y las entradas tienen un precio de $10.870 por persona independiente la edad. El ticket incluye el acceso al parque, el acompa\u00f1amiento de la monitora especializada en funga, herramientas de observaci\u00f3n y una degustaci\u00f3n.\u00a0<\/span><\/p>\n<p><span style=\"font-weight: 400;\">Las entradas ya est\u00e1n a la venta en el instagram de Parque Cordillera <\/span><a href=\"https:\/\/www.instagram.com\/parquecordillera\"><span style=\"font-weight: 400;\">@parquecordillera<\/span><\/a><span style=\"font-weight: 400;\"> y en el portal <\/span><a href=\"https:\/\/www.tur.com\/es\/santiago-228\/trekking-parque-cantalao-cordillera-fungi-4818\"><span style=\"font-weight: 400;\">www.tur.com<\/span><\/a><span style=\"font-weight: 400;\">.\u00a0<\/span><\/p>","protected":false},"excerpt":{"rendered":"<p>Hace un mes comenz\u00f3 la temporada de oto\u00f1o-invierno, y los hongos ya se pueden ver en la precordillera Metropolitana. Es por ello, que la Asociaci\u00f3n de Municipalidades Parque Cordillera -en colaboraci\u00f3n con la ONG Mic\u00f3filos Chile- anunci\u00f3 un nuevo formato de actividad al aire libre, que incluye la observaci\u00f3n de distintas especies del reino fungi, [&hellip;]<\/p>","protected":false},"author":10,"featured_media":6386,"comment_status":"closed","ping_status":"closed","sticky":false,"template":"","format":"standard","meta":{"site-sidebar-layout":"default","site-content-layout":"","ast-site-content-layout":"default","site-content-style":"default","site-sidebar-style":"default","ast-global-header-display":"","ast-banner-title-visibility":"","ast-main-header-display":"","ast-hfb-above-header-display":"","ast-hfb-below-header-display":"","ast-hfb-mobile-header-display":"","site-post-title":"","ast-breadcrumbs-content":"","ast-featured-img":"","footer-sml-layout":"","theme-transparent-header-meta":"default","adv-header-id-meta":"","stick-header-meta":"default","header-above-stick-meta":"","header-main-stick-meta":"","header-below-stick-meta":"","astra-migrate-meta-layouts":"set","ast-page-background-enabled":"default","ast-page-background-meta":{"desktop":{"background-color":"var(--ast-global-color-4)","background-image":"","background-repeat":"repeat","background-position":"center center","background-size":"auto","background-attachment":"scroll","background-type":"","background-media":"","overlay-type":"","overlay-color":"","overlay-opacity":"","overlay-gradient":""},"tablet":{"background-color":"","background-image":"","background-repeat":"repeat","background-position":"center center","background-size":"auto","background-attachment":"scroll","background-type":"","background-media":"","overlay-type":"","overlay-color":"","overlay-opacity":"","overlay-gradient":""},"mobile":{"background-color":"","background-image":"","background-repeat":"repeat","background-position":"center center","background-size":"auto","background-attachment":"scroll","background-type":"","background-media":"","overlay-type":"","overlay-color":"","overlay-opacity":"","overlay-gradient":""}},"ast-content-background-meta":{"desktop":{"background-color":"var(--ast-global-color-5)","background-image":"","background-repeat":"repeat","background-position":"center center","background-size":"auto","background-attachment":"scroll","background-type":"","background-media":"","overlay-type":"","overlay-color":"","overlay-opacity":"","overlay-gradient":""},"tablet":{"background-color":"var(--ast-global-color-5)","background-image":"","background-repeat":"repeat","background-position":"center center","background-size":"auto","background-attachment":"scroll","background-type":"","background-media":"","overlay-type":"","overlay-color":"","overlay-opacity":"","overlay-gradient":""},"mobile":{"background-color":"var(--ast-global-color-5)","background-image":"","background-repeat":"repeat","background-position":"center center","background-size":"auto","background-attachment":"scroll","background-type":"","background-media":"","overlay-type":"","overlay-color":"","overlay-opacity":"","overlay-gradient":""}},"footnotes":""},"categories":[16],"tags":[],"slider-category":[],"class_list":["post-6385","post","type-post","status-publish","format-standard","has-post-thumbnail","hentry","category-prensa"],"yoast_head":"<!-- This site is optimized with the Yoast SEO Premium plugin v22.9 (Yoast SEO v23.9) - https:\/\/yoast.com\/wordpress\/plugins\/seo\/ -->\n<title>Durante este oto\u00f1o-invierno, Asociaci\u00f3n Parque Cordillera te invita a sus guiados para la observaci\u00f3n de hongos - Asociaci\u00f3n Parque Cordillera - Parques Regi\u00f3n Metropolitana<\/title>\n<meta name=\"description\" content=\"Hace un mes comenz\u00f3 la temporada de oto\u00f1o-invierno, y los hongos ya se pueden ver en la precordillera Metropolitana. Es por ello, que la Asociaci\u00f3n de\" \/>\n<meta name=\"robots\" content=\"index, follow, max-snippet:-1, max-image-preview:large, max-video-preview:-1\" \/>\n<link rel=\"canonical\" href=\"https:\/\/asociacionparquecordillera.cl\/en\/durante-este-otono-invierno-asociacion-parque-cordillera-te-invita-a-sus-guiados-para-la-observacion-de-hongos\/\" \/>\n<meta property=\"og:locale\" content=\"en_US\" \/>\n<meta property=\"og:type\" content=\"article\" \/>\n<meta property=\"og:title\" content=\"Durante este oto\u00f1o-invierno, Asociaci\u00f3n Parque Cordillera te invita a sus guiados para la observaci\u00f3n de hongos\" \/>\n<meta property=\"og:description\" content=\"Hace un mes comenz\u00f3 la temporada de oto\u00f1o-invierno, y los hongos ya se pueden ver en la precordillera Metropolitana. Es por ello, que la Asociaci\u00f3n de\" \/>\n<meta property=\"og:url\" content=\"https:\/\/asociacionparquecordillera.cl\/en\/durante-este-otono-invierno-asociacion-parque-cordillera-te-invita-a-sus-guiados-para-la-observacion-de-hongos\/\" \/>\n<meta property=\"og:site_name\" content=\"Asociaci\u00f3n Parque Cordillera - Parques Regi\u00f3n Metropolitana\" \/>\n<meta property=\"article:published_time\" content=\"2026-04-17T12:56:02+00:00\" \/>\n<meta property=\"og:image\" content=\"https:\/\/asociacionparquecordillera.cl\/wp-content\/uploads\/2026\/04\/funga-Parque-Cantalao-Parque-Cordillera-2.jpeg\" \/>\n\t<meta property=\"og:image:width\" content=\"1280\" \/>\n\t<meta property=\"og:image:height\" content=\"960\" \/>\n\t<meta property=\"og:image:type\" content=\"image\/jpeg\" \/>\n<meta name=\"author\" content=\"Camila Silva Galdames\" \/>\n<meta name=\"twitter:card\" content=\"summary_large_image\" \/>\n<meta name=\"twitter:label1\" content=\"Written by\" \/>\n\t<meta name=\"twitter:data1\" content=\"Camila Silva Galdames\" \/>\n\t<meta name=\"twitter:label2\" content=\"Est. reading time\" \/>\n\t<meta name=\"twitter:data2\" content=\"3 minutes\" \/>\n<script type=\"application\/ld+json\" class=\"yoast-schema-graph\">{\"@context\":\"https:\/\/schema.org\",\"@graph\":[{\"@type\":\"Article\",\"@id\":\"https:\/\/asociacionparquecordillera.cl\/durante-este-otono-invierno-asociacion-parque-cordillera-te-invita-a-sus-guiados-para-la-observacion-de-hongos\/#article\",\"isPartOf\":{\"@id\":\"https:\/\/asociacionparquecordillera.cl\/durante-este-otono-invierno-asociacion-parque-cordillera-te-invita-a-sus-guiados-para-la-observacion-de-hongos\/\"},\"author\":{\"name\":\"Camila Silva Galdames\",\"@id\":\"https:\/\/asociacionparquecordillera.cl\/#\/schema\/person\/bebe62983102f2478a516a7c4f770a52\"},\"headline\":\"Durante este oto\u00f1o-invierno, Asociaci\u00f3n Parque Cordillera te invita a sus guiados para la observaci\u00f3n de hongos\",\"datePublished\":\"2026-04-17T12:56:02+00:00\",\"dateModified\":\"2026-04-17T12:56:02+00:00\",\"mainEntityOfPage\":{\"@id\":\"https:\/\/asociacionparquecordillera.cl\/durante-este-otono-invierno-asociacion-parque-cordillera-te-invita-a-sus-guiados-para-la-observacion-de-hongos\/\"},\"wordCount\":565,\"publisher\":{\"@id\":\"https:\/\/asociacionparquecordillera.cl\/#organization\"},\"image\":{\"@id\":\"https:\/\/asociacionparquecordillera.cl\/durante-este-otono-invierno-asociacion-parque-cordillera-te-invita-a-sus-guiados-para-la-observacion-de-hongos\/#primaryimage\"},\"thumbnailUrl\":\"https:\/\/asociacionparquecordillera.cl\/wp-content\/uploads\/2026\/04\/funga-Parque-Cantalao-Parque-Cordillera-2.jpeg\",\"articleSection\":[\"Prensa\"],\"inLanguage\":\"en-US\"},{\"@type\":\"WebPage\",\"@id\":\"https:\/\/asociacionparquecordillera.cl\/durante-este-otono-invierno-asociacion-parque-cordillera-te-invita-a-sus-guiados-para-la-observacion-de-hongos\/\",\"url\":\"https:\/\/asociacionparquecordillera.cl\/durante-este-otono-invierno-asociacion-parque-cordillera-te-invita-a-sus-guiados-para-la-observacion-de-hongos\/\",\"name\":\"Durante este oto\u00f1o-invierno, Asociaci\u00f3n Parque Cordillera te invita a sus guiados para la observaci\u00f3n de hongos - Asociaci\u00f3n Parque Cordillera - Parques Regi\u00f3n Metropolitana\",\"isPartOf\":{\"@id\":\"https:\/\/asociacionparquecordillera.cl\/#website\"},\"primaryImageOfPage\":{\"@id\":\"https:\/\/asociacionparquecordillera.cl\/durante-este-otono-invierno-asociacion-parque-cordillera-te-invita-a-sus-guiados-para-la-observacion-de-hongos\/#primaryimage\"},\"image\":{\"@id\":\"https:\/\/asociacionparquecordillera.cl\/durante-este-otono-invierno-asociacion-parque-cordillera-te-invita-a-sus-guiados-para-la-observacion-de-hongos\/#primaryimage\"},\"thumbnailUrl\":\"https:\/\/asociacionparquecordillera.cl\/wp-content\/uploads\/2026\/04\/funga-Parque-Cantalao-Parque-Cordillera-2.jpeg\",\"datePublished\":\"2026-04-17T12:56:02+00:00\",\"dateModified\":\"2026-04-17T12:56:02+00:00\",\"description\":\"Hace un mes comenz\u00f3 la temporada de oto\u00f1o-invierno, y los hongos ya se pueden ver en la precordillera Metropolitana. Es por ello, que la Asociaci\u00f3n de\",\"breadcrumb\":{\"@id\":\"https:\/\/asociacionparquecordillera.cl\/durante-este-otono-invierno-asociacion-parque-cordillera-te-invita-a-sus-guiados-para-la-observacion-de-hongos\/#breadcrumb\"},\"inLanguage\":\"en-US\",\"potentialAction\":[{\"@type\":\"ReadAction\",\"target\":[\"https:\/\/asociacionparquecordillera.cl\/durante-este-otono-invierno-asociacion-parque-cordillera-te-invita-a-sus-guiados-para-la-observacion-de-hongos\/\"]}]},{\"@type\":\"ImageObject\",\"inLanguage\":\"en-US\",\"@id\":\"https:\/\/asociacionparquecordillera.cl\/durante-este-otono-invierno-asociacion-parque-cordillera-te-invita-a-sus-guiados-para-la-observacion-de-hongos\/#primaryimage\",\"url\":\"https:\/\/asociacionparquecordillera.cl\/wp-content\/uploads\/2026\/04\/funga-Parque-Cantalao-Parque-Cordillera-2.jpeg\",\"contentUrl\":\"https:\/\/asociacionparquecordillera.cl\/wp-content\/uploads\/2026\/04\/funga-Parque-Cantalao-Parque-Cordillera-2.jpeg\",\"width\":1280,\"height\":960},{\"@type\":\"BreadcrumbList\",\"@id\":\"https:\/\/asociacionparquecordillera.cl\/durante-este-otono-invierno-asociacion-parque-cordillera-te-invita-a-sus-guiados-para-la-observacion-de-hongos\/#breadcrumb\",\"itemListElement\":[{\"@type\":\"ListItem\",\"position\":1,\"name\":\"Home\",\"item\":\"https:\/\/asociacionparquecordillera.cl\/\"},{\"@type\":\"ListItem\",\"position\":2,\"name\":\"Durante este oto\u00f1o-invierno, Asociaci\u00f3n Parque Cordillera te invita a sus guiados para la observaci\u00f3n de hongos\"}]},{\"@type\":\"WebSite\",\"@id\":\"https:\/\/asociacionparquecordillera.cl\/#website\",\"url\":\"https:\/\/asociacionparquecordillera.cl\/\",\"name\":\"Asociaci\u00f3n Parque Cordillera - Parques Regi\u00f3n Metropolitana\",\"description\":\"Asociaci\u00f3n Parque Cordillera promueve la conservaci\u00f3n de la precordillera de Santiago mediante la administraci\u00f3n de parques naturales y el fomento de la educaci\u00f3n ambiental y el turismo sustentable.\",\"publisher\":{\"@id\":\"https:\/\/asociacionparquecordillera.cl\/#organization\"},\"alternateName\":\"Parque Cordillera\",\"potentialAction\":[{\"@type\":\"SearchAction\",\"target\":{\"@type\":\"EntryPoint\",\"urlTemplate\":\"https:\/\/asociacionparquecordillera.cl\/?s={search_term_string}\"},\"query-input\":{\"@type\":\"PropertyValueSpecification\",\"valueRequired\":true,\"valueName\":\"search_term_string\"}}],\"inLanguage\":\"en-US\"},{\"@type\":\"Organization\",\"@id\":\"https:\/\/asociacionparquecordillera.cl\/#organization\",\"name\":\"Asociaci\u00f3n Parque Cordillera - Parques Regi\u00f3n Metropolitana\",\"alternateName\":\"Parque Cordillera\",\"url\":\"https:\/\/asociacionparquecordillera.cl\/\",\"logo\":{\"@type\":\"ImageObject\",\"inLanguage\":\"en-US\",\"@id\":\"https:\/\/asociacionparquecordillera.cl\/#\/schema\/logo\/image\/\",\"url\":\"https:\/\/asociacionparquecordillera.cl\/wp-content\/uploads\/2023\/01\/logo-apc-white-2.svg\",\"contentUrl\":\"https:\/\/asociacionparquecordillera.cl\/wp-content\/uploads\/2023\/01\/logo-apc-white-2.svg\",\"width\":240.789999999999992041921359486877918243408203125,\"height\":80.969999999999998863131622783839702606201171875,\"caption\":\"Asociaci\u00f3n Parque Cordillera - Parques Regi\u00f3n Metropolitana\"},\"image\":{\"@id\":\"https:\/\/asociacionparquecordillera.cl\/#\/schema\/logo\/image\/\"}},{\"@type\":\"Person\",\"@id\":\"https:\/\/asociacionparquecordillera.cl\/#\/schema\/person\/bebe62983102f2478a516a7c4f770a52\",\"name\":\"Camila Silva Galdames\",\"image\":{\"@type\":\"ImageObject\",\"inLanguage\":\"en-US\",\"@id\":\"https:\/\/asociacionparquecordillera.cl\/#\/schema\/person\/image\/\",\"url\":\"https:\/\/secure.gravatar.com\/avatar\/1b673f7345c7f66429fd57df264b9c0877ab6e9683936c15bafc9fadba046bf1?s=96&d=mm&r=g\",\"contentUrl\":\"https:\/\/secure.gravatar.com\/avatar\/1b673f7345c7f66429fd57df264b9c0877ab6e9683936c15bafc9fadba046bf1?s=96&d=mm&r=g\",\"caption\":\"Camila Silva Galdames\"},\"url\":\"https:\/\/asociacionparquecordillera.cl\/en\/author\/camila-silva-periodista\/\"}]}<\/script>\n<!-- \/ Yoast SEO Premium plugin. -->","yoast_head_json":{"title":"Durante este oto\u00f1o-invierno, Asociaci\u00f3n Parque Cordillera te invita a sus guiados para la observaci\u00f3n de hongos - Asociaci\u00f3n Parque Cordillera - Parques Regi\u00f3n Metropolitana","description":"Hace un mes comenz\u00f3 la temporada de oto\u00f1o-invierno, y los hongos ya se pueden ver en la precordillera Metropolitana. Es por ello, que la Asociaci\u00f3n de","robots":{"index":"index","follow":"follow","max-snippet":"max-snippet:-1","max-image-preview":"max-image-preview:large","max-video-preview":"max-video-preview:-1"},"canonical":"https:\/\/asociacionparquecordillera.cl\/en\/durante-este-otono-invierno-asociacion-parque-cordillera-te-invita-a-sus-guiados-para-la-observacion-de-hongos\/","og_locale":"en_US","og_type":"article","og_title":"Durante este oto\u00f1o-invierno, Asociaci\u00f3n Parque Cordillera te invita a sus guiados para la observaci\u00f3n de hongos","og_description":"Hace un mes comenz\u00f3 la temporada de oto\u00f1o-invierno, y los hongos ya se pueden ver en la precordillera Metropolitana. Es por ello, que la Asociaci\u00f3n de","og_url":"https:\/\/asociacionparquecordillera.cl\/en\/durante-este-otono-invierno-asociacion-parque-cordillera-te-invita-a-sus-guiados-para-la-observacion-de-hongos\/","og_site_name":"Asociaci\u00f3n Parque Cordillera - Parques Regi\u00f3n Metropolitana","article_published_time":"2026-04-17T12:56:02+00:00","og_image":[{"width":1280,"height":960,"url":"https:\/\/asociacionparquecordillera.cl\/wp-content\/uploads\/2026\/04\/funga-Parque-Cantalao-Parque-Cordillera-2.jpeg","type":"image\/jpeg"}],"author":"Camila Silva Galdames","twitter_card":"summary_large_image","twitter_misc":{"Written by":"Camila Silva Galdames","Est. reading time":"3 minutes"},"schema":{"@context":"https:\/\/schema.org","@graph":[{"@type":"Article","@id":"https:\/\/asociacionparquecordillera.cl\/durante-este-otono-invierno-asociacion-parque-cordillera-te-invita-a-sus-guiados-para-la-observacion-de-hongos\/#article","isPartOf":{"@id":"https:\/\/asociacionparquecordillera.cl\/durante-este-otono-invierno-asociacion-parque-cordillera-te-invita-a-sus-guiados-para-la-observacion-de-hongos\/"},"author":{"name":"Camila Silva Galdames","@id":"https:\/\/asociacionparquecordillera.cl\/#\/schema\/person\/bebe62983102f2478a516a7c4f770a52"},"headline":"Durante este oto\u00f1o-invierno, Asociaci\u00f3n Parque Cordillera te invita a sus guiados para la observaci\u00f3n de hongos","datePublished":"2026-04-17T12:56:02+00:00","dateModified":"2026-04-17T12:56:02+00:00","mainEntityOfPage":{"@id":"https:\/\/asociacionparquecordillera.cl\/durante-este-otono-invierno-asociacion-parque-cordillera-te-invita-a-sus-guiados-para-la-observacion-de-hongos\/"},"wordCount":565,"publisher":{"@id":"https:\/\/asociacionparquecordillera.cl\/#organization"},"image":{"@id":"https:\/\/asociacionparquecordillera.cl\/durante-este-otono-invierno-asociacion-parque-cordillera-te-invita-a-sus-guiados-para-la-observacion-de-hongos\/#primaryimage"},"thumbnailUrl":"https:\/\/asociacionparquecordillera.cl\/wp-content\/uploads\/2026\/04\/funga-Parque-Cantalao-Parque-Cordillera-2.jpeg","articleSection":["Prensa"],"inLanguage":"en-US"},{"@type":"WebPage","@id":"https:\/\/asociacionparquecordillera.cl\/durante-este-otono-invierno-asociacion-parque-cordillera-te-invita-a-sus-guiados-para-la-observacion-de-hongos\/","url":"https:\/\/asociacionparquecordillera.cl\/durante-este-otono-invierno-asociacion-parque-cordillera-te-invita-a-sus-guiados-para-la-observacion-de-hongos\/","name":"Durante este oto\u00f1o-invierno, Asociaci\u00f3n Parque Cordillera te invita a sus guiados para la observaci\u00f3n de hongos - Asociaci\u00f3n Parque Cordillera - Parques Regi\u00f3n Metropolitana","isPartOf":{"@id":"https:\/\/asociacionparquecordillera.cl\/#website"},"primaryImageOfPage":{"@id":"https:\/\/asociacionparquecordillera.cl\/durante-este-otono-invierno-asociacion-parque-cordillera-te-invita-a-sus-guiados-para-la-observacion-de-hongos\/#primaryimage"},"image":{"@id":"https:\/\/asociacionparquecordillera.cl\/durante-este-otono-invierno-asociacion-parque-cordillera-te-invita-a-sus-guiados-para-la-observacion-de-hongos\/#primaryimage"},"thumbnailUrl":"https:\/\/asociacionparquecordillera.cl\/wp-content\/uploads\/2026\/04\/funga-Parque-Cantalao-Parque-Cordillera-2.jpeg","datePublished":"2026-04-17T12:56:02+00:00","dateModified":"2026-04-17T12:56:02+00:00","description":"Hace un mes comenz\u00f3 la temporada de oto\u00f1o-invierno, y los hongos ya se pueden ver en la precordillera Metropolitana. Es por ello, que la Asociaci\u00f3n de","breadcrumb":{"@id":"https:\/\/asociacionparquecordillera.cl\/durante-este-otono-invierno-asociacion-parque-cordillera-te-invita-a-sus-guiados-para-la-observacion-de-hongos\/#breadcrumb"},"inLanguage":"en-US","potentialAction":[{"@type":"ReadAction","target":["https:\/\/asociacionparquecordillera.cl\/durante-este-otono-invierno-asociacion-parque-cordillera-te-invita-a-sus-guiados-para-la-observacion-de-hongos\/"]}]},{"@type":"ImageObject","inLanguage":"en-US","@id":"https:\/\/asociacionparquecordillera.cl\/durante-este-otono-invierno-asociacion-parque-cordillera-te-invita-a-sus-guiados-para-la-observacion-de-hongos\/#primaryimage","url":"https:\/\/asociacionparquecordillera.cl\/wp-content\/uploads\/2026\/04\/funga-Parque-Cantalao-Parque-Cordillera-2.jpeg","contentUrl":"https:\/\/asociacionparquecordillera.cl\/wp-content\/uploads\/2026\/04\/funga-Parque-Cantalao-Parque-Cordillera-2.jpeg","width":1280,"height":960},{"@type":"BreadcrumbList","@id":"https:\/\/asociacionparquecordillera.cl\/durante-este-otono-invierno-asociacion-parque-cordillera-te-invita-a-sus-guiados-para-la-observacion-de-hongos\/#breadcrumb","itemListElement":[{"@type":"ListItem","position":1,"name":"Home","item":"https:\/\/asociacionparquecordillera.cl\/"},{"@type":"ListItem","position":2,"name":"Durante este oto\u00f1o-invierno, Asociaci\u00f3n Parque Cordillera te invita a sus guiados para la observaci\u00f3n de hongos"}]},{"@type":"WebSite","@id":"https:\/\/asociacionparquecordillera.cl\/#website","url":"https:\/\/asociacionparquecordillera.cl\/","name":"Asociaci\u00f3n Parque Cordillera - Parques Regi\u00f3n Metropolitana","description":"Asociaci\u00f3n Parque Cordillera promueve la conservaci\u00f3n de la precordillera de Santiago mediante la administraci\u00f3n de parques naturales y el fomento de la educaci\u00f3n ambiental y el turismo sustentable.","publisher":{"@id":"https:\/\/asociacionparquecordillera.cl\/#organization"},"alternateName":"Parque Cordillera","potentialAction":[{"@type":"SearchAction","target":{"@type":"EntryPoint","urlTemplate":"https:\/\/asociacionparquecordillera.cl\/?s={search_term_string}"},"query-input":{"@type":"PropertyValueSpecification","valueRequired":true,"valueName":"search_term_string"}}],"inLanguage":"en-US"},{"@type":"Organization","@id":"https:\/\/asociacionparquecordillera.cl\/#organization","name":"Asociaci\u00f3n Parque Cordillera - Parques Regi\u00f3n Metropolitana","alternateName":"Parque Cordillera","url":"https:\/\/asociacionparquecordillera.cl\/","logo":{"@type":"ImageObject","inLanguage":"en-US","@id":"https:\/\/asociacionparquecordillera.cl\/#\/schema\/logo\/image\/","url":"https:\/\/asociacionparquecordillera.cl\/wp-content\/uploads\/2023\/01\/logo-apc-white-2.svg","contentUrl":"https:\/\/asociacionparquecordillera.cl\/wp-content\/uploads\/2023\/01\/logo-apc-white-2.svg","width":240.789999999999992041921359486877918243408203125,"height":80.969999999999998863131622783839702606201171875,"caption":"Asociaci\u00f3n Parque Cordillera - Parques Regi\u00f3n Metropolitana"},"image":{"@id":"https:\/\/asociacionparquecordillera.cl\/#\/schema\/logo\/image\/"}},{"@type":"Person","@id":"https:\/\/asociacionparquecordillera.cl\/#\/schema\/person\/bebe62983102f2478a516a7c4f770a52","name":"Camila Silva Galdames","image":{"@type":"ImageObject","inLanguage":"en-US","@id":"https:\/\/asociacionparquecordillera.cl\/#\/schema\/person\/image\/","url":"https:\/\/secure.gravatar.com\/avatar\/1b673f7345c7f66429fd57df264b9c0877ab6e9683936c15bafc9fadba046bf1?s=96&d=mm&r=g","contentUrl":"https:\/\/secure.gravatar.com\/avatar\/1b673f7345c7f66429fd57df264b9c0877ab6e9683936c15bafc9fadba046bf1?s=96&d=mm&r=g","caption":"Camila Silva Galdames"},"url":"https:\/\/asociacionparquecordillera.cl\/en\/author\/camila-silva-periodista\/"}]}},"_links":{"self":[{"href":"https:\/\/asociacionparquecordillera.cl\/en\/wp-json\/wp\/v2\/posts\/6385","targetHints":{"allow":["GET"]}}],"collection":[{"href":"https:\/\/asociacionparquecordillera.cl\/en\/wp-json\/wp\/v2\/posts"}],"about":[{"href":"https:\/\/asociacionparquecordillera.cl\/en\/wp-json\/wp\/v2\/types\/post"}],"author":[{"embeddable":true,"href":"https:\/\/asociacionparquecordillera.cl\/en\/wp-json\/wp\/v2\/users\/10"}],"replies":[{"embeddable":true,"href":"https:\/\/asociacionparquecordillera.cl\/en\/wp-json\/wp\/v2\/comments?post=6385"}],"version-history":[{"count":3,"href":"https:\/\/asociacionparquecordillera.cl\/en\/wp-json\/wp\/v2\/posts\/6385\/revisions"}],"predecessor-version":[{"id":6390,"href":"https:\/\/asociacionparquecordillera.cl\/en\/wp-json\/wp\/v2\/posts\/6385\/revisions\/6390"}],"wp:featuredmedia":[{"embeddable":true,"href":"https:\/\/asociacionparquecordillera.cl\/en\/wp-json\/wp\/v2\/media\/6386"}],"wp:attachment":[{"href":"https:\/\/asociacionparquecordillera.cl\/en\/wp-json\/wp\/v2\/media?parent=6385"}],"wp:term":[{"taxonomy":"category","embeddable":true,"href":"https:\/\/asociacionparquecordillera.cl\/en\/wp-json\/wp\/v2\/categories?post=6385"},{"taxonomy":"post_tag","embeddable":true,"href":"https:\/\/asociacionparquecordillera.cl\/en\/wp-json\/wp\/v2\/tags?post=6385"},{"taxonomy":"slider-category","embeddable":true,"href":"https:\/\/asociacionparquecordillera.cl\/en\/wp-json\/wp\/v2\/slider-category?post=6385"}],"curies":[{"name":"wp","href":"https:\/\/api.w.org\/{rel}","templated":true}]}}