{"id":6391,"date":"2026-04-20T11:49:12","date_gmt":"2026-04-20T15:49:12","guid":{"rendered":"https:\/\/asociacionparquecordillera.cl\/?p=6391"},"modified":"2026-04-20T11:49:34","modified_gmt":"2026-04-20T15:49:34","slug":"revista-domingo-los-hongos-valen","status":"publish","type":"post","link":"https:\/\/asociacionparquecordillera.cl\/en\/revista-domingo-los-hongos-valen\/","title":{"rendered":"Revista Domingo: \u00abLos hongos valen\u00bb"},"content":{"rendered":"<p>Junto a Revista Domingo, recorrimos el sendero Litre-Guayac\u00e1n del Parque Cantalao, en la comuna de Pe\u00f1alol\u00e9n, en b\u00fasqueda de distintas especies del reino fungi, incluyendo hongos, musgos y l\u00edquenes. Lo anterior, se enmarca en el nuevo formato de actividad \u00abGuiado de Hongos\u00bb de Parque Cordillera, el cual es liderado por el \u00e1rea de educaci\u00f3n ambiental, la monitora ambiental\u00a0Tamara Gonz\u00e1lez Vega y en colaboraci\u00f3n con la ONG Mic\u00f3filos Chile.<\/p>\n<p>Revisa la publicaci\u00f3n aqu\u00ed:<\/p>\n<p><a href=\"https:\/\/asociacionparquecordillera.cl\/?attachment_id=6392\"><img fetchpriority=\"high\" decoding=\"async\" class=\"alignnone wp-image-6392 size-full\" src=\"https:\/\/asociacionparquecordillera.cl\/wp-content\/uploads\/2026\/04\/2026-04-19-Revista-Domingo-El-Mercurio-guiado-de-hongos.png\" alt=\"\" width=\"492\" height=\"893\" srcset=\"https:\/\/asociacionparquecordillera.cl\/wp-content\/uploads\/2026\/04\/2026-04-19-Revista-Domingo-El-Mercurio-guiado-de-hongos.png 492w, https:\/\/asociacionparquecordillera.cl\/wp-content\/uploads\/2026\/04\/2026-04-19-Revista-Domingo-El-Mercurio-guiado-de-hongos-165x300.png 165w, https:\/\/asociacionparquecordillera.cl\/wp-content\/uploads\/2026\/04\/2026-04-19-Revista-Domingo-El-Mercurio-guiado-de-hongos-7x12.png 7w\" sizes=\"(max-width: 492px) 100vw, 492px\" \/><\/a><\/p>\n<p>Fuente: Revista Domingo, El Mercurio, domingo 19 de abril de 2026.<\/p>","protected":false},"excerpt":{"rendered":"<p>Junto a Revista Domingo, recorrimos el sendero Litre-Guayac\u00e1n del Parque Cantalao, en la comuna de Pe\u00f1alol\u00e9n, en b\u00fasqueda de distintas especies del reino fungi, incluyendo hongos, musgos y l\u00edquenes. Lo anterior, se enmarca en el nuevo formato de actividad \u00abGuiado de Hongos\u00bb de Parque Cordillera, el cual es liderado por el \u00e1rea de educaci\u00f3n ambiental, [&hellip;]<\/p>","protected":false},"author":10,"featured_media":6392,"comment_status":"closed","ping_status":"closed","sticky":false,"template":"","format":"standard","meta":{"site-sidebar-layout":"default","site-content-layout":"","ast-site-content-layout":"default","site-content-style":"default","site-sidebar-style":"default","ast-global-header-display":"","ast-banner-title-visibility":"","ast-main-header-display":"","ast-hfb-above-header-display":"","ast-hfb-below-header-display":"","ast-hfb-mobile-header-display":"","site-post-title":"","ast-breadcrumbs-content":"","ast-featured-img":"","footer-sml-layout":"","theme-transparent-header-meta":"default","adv-header-id-meta":"","stick-header-meta":"default","header-above-stick-meta":"","header-main-stick-meta":"","header-below-stick-meta":"","astra-migrate-meta-layouts":"set","ast-page-background-enabled":"default","ast-page-background-meta":{"desktop":{"background-color":"var(--ast-global-color-4)","background-image":"","background-repeat":"repeat","background-position":"center center","background-size":"auto","background-attachment":"scroll","background-type":"","background-media":"","overlay-type":"","overlay-color":"","overlay-opacity":"","overlay-gradient":""},"tablet":{"background-color":"","background-image":"","background-repeat":"repeat","background-position":"center center","background-size":"auto","background-attachment":"scroll","background-type":"","background-media":"","overlay-type":"","overlay-color":"","overlay-opacity":"","overlay-gradient":""},"mobile":{"background-color":"","background-image":"","background-repeat":"repeat","background-position":"center center","background-size":"auto","background-attachment":"scroll","background-type":"","background-media":"","overlay-type":"","overlay-color":"","overlay-opacity":"","overlay-gradient":""}},"ast-content-background-meta":{"desktop":{"background-color":"var(--ast-global-color-5)","background-image":"","background-repeat":"repeat","background-position":"center center","background-size":"auto","background-attachment":"scroll","background-type":"","background-media":"","overlay-type":"","overlay-color":"","overlay-opacity":"","overlay-gradient":""},"tablet":{"background-color":"var(--ast-global-color-5)","background-image":"","background-repeat":"repeat","background-position":"center center","background-size":"auto","background-attachment":"scroll","background-type":"","background-media":"","overlay-type":"","overlay-color":"","overlay-opacity":"","overlay-gradient":""},"mobile":{"background-color":"var(--ast-global-color-5)","background-image":"","background-repeat":"repeat","background-position":"center center","background-size":"auto","background-attachment":"scroll","background-type":"","background-media":"","overlay-type":"","overlay-color":"","overlay-opacity":"","overlay-gradient":""}},"footnotes":""},"categories":[16],"tags":[],"slider-category":[],"class_list":["post-6391","post","type-post","status-publish","format-standard","has-post-thumbnail","hentry","category-prensa"],"yoast_head":"<!-- This site is optimized with the Yoast SEO Premium plugin v22.9 (Yoast SEO v23.9) - https:\/\/yoast.com\/wordpress\/plugins\/seo\/ -->\n<title>Revista Domingo: &quot;Los hongos valen&quot; - Asociaci\u00f3n Parque Cordillera - Parques Regi\u00f3n Metropolitana<\/title>\n<meta name=\"description\" content=\"Junto a Revista Domingo, recorrimos el sendero Litre-Guayac\u00e1n del Parque Cantalao, en la comuna de Pe\u00f1alol\u00e9n, en b\u00fasqueda de distintas especies del reino\" \/>\n<meta name=\"robots\" content=\"index, follow, max-snippet:-1, max-image-preview:large, max-video-preview:-1\" \/>\n<link rel=\"canonical\" href=\"https:\/\/asociacionparquecordillera.cl\/en\/revista-domingo-los-hongos-valen\/\" \/>\n<meta property=\"og:locale\" content=\"en_US\" \/>\n<meta property=\"og:type\" content=\"article\" \/>\n<meta property=\"og:title\" content=\"Revista Domingo: &quot;Los hongos valen&quot;\" \/>\n<meta property=\"og:description\" content=\"Junto a Revista Domingo, recorrimos el sendero Litre-Guayac\u00e1n del Parque Cantalao, en la comuna de Pe\u00f1alol\u00e9n, en b\u00fasqueda de distintas especies del reino\" \/>\n<meta property=\"og:url\" content=\"https:\/\/asociacionparquecordillera.cl\/en\/revista-domingo-los-hongos-valen\/\" \/>\n<meta property=\"og:site_name\" content=\"Asociaci\u00f3n Parque Cordillera - Parques Regi\u00f3n Metropolitana\" \/>\n<meta property=\"article:published_time\" content=\"2026-04-20T15:49:12+00:00\" \/>\n<meta property=\"article:modified_time\" content=\"2026-04-20T15:49:34+00:00\" \/>\n<meta property=\"og:image\" content=\"https:\/\/asociacionparquecordillera.cl\/wp-content\/uploads\/2026\/04\/2026-04-19-Revista-Domingo-El-Mercurio-guiado-de-hongos.png\" \/>\n\t<meta property=\"og:image:width\" content=\"492\" \/>\n\t<meta property=\"og:image:height\" content=\"893\" \/>\n\t<meta property=\"og:image:type\" content=\"image\/png\" \/>\n<meta name=\"author\" content=\"Camila Silva Galdames\" \/>\n<meta name=\"twitter:card\" content=\"summary_large_image\" \/>\n<meta name=\"twitter:label1\" content=\"Written by\" \/>\n\t<meta name=\"twitter:data1\" content=\"Camila Silva Galdames\" \/>\n\t<meta name=\"twitter:label2\" content=\"Est. reading time\" \/>\n\t<meta name=\"twitter:data2\" content=\"1 minute\" \/>\n<script type=\"application\/ld+json\" class=\"yoast-schema-graph\">{\"@context\":\"https:\/\/schema.org\",\"@graph\":[{\"@type\":\"Article\",\"@id\":\"https:\/\/asociacionparquecordillera.cl\/revista-domingo-los-hongos-valen\/#article\",\"isPartOf\":{\"@id\":\"https:\/\/asociacionparquecordillera.cl\/revista-domingo-los-hongos-valen\/\"},\"author\":{\"name\":\"Camila Silva Galdames\",\"@id\":\"https:\/\/asociacionparquecordillera.cl\/#\/schema\/person\/bebe62983102f2478a516a7c4f770a52\"},\"headline\":\"Revista Domingo: \u00abLos hongos valen\u00bb\",\"datePublished\":\"2026-04-20T15:49:12+00:00\",\"dateModified\":\"2026-04-20T15:49:34+00:00\",\"mainEntityOfPage\":{\"@id\":\"https:\/\/asociacionparquecordillera.cl\/revista-domingo-los-hongos-valen\/\"},\"wordCount\":97,\"publisher\":{\"@id\":\"https:\/\/asociacionparquecordillera.cl\/#organization\"},\"image\":{\"@id\":\"https:\/\/asociacionparquecordillera.cl\/revista-domingo-los-hongos-valen\/#primaryimage\"},\"thumbnailUrl\":\"https:\/\/asociacionparquecordillera.cl\/wp-content\/uploads\/2026\/04\/2026-04-19-Revista-Domingo-El-Mercurio-guiado-de-hongos.png\",\"articleSection\":[\"Prensa\"],\"inLanguage\":\"en-US\"},{\"@type\":\"WebPage\",\"@id\":\"https:\/\/asociacionparquecordillera.cl\/revista-domingo-los-hongos-valen\/\",\"url\":\"https:\/\/asociacionparquecordillera.cl\/revista-domingo-los-hongos-valen\/\",\"name\":\"Revista Domingo: \\\"Los hongos valen\\\" - Asociaci\u00f3n Parque Cordillera - Parques Regi\u00f3n Metropolitana\",\"isPartOf\":{\"@id\":\"https:\/\/asociacionparquecordillera.cl\/#website\"},\"primaryImageOfPage\":{\"@id\":\"https:\/\/asociacionparquecordillera.cl\/revista-domingo-los-hongos-valen\/#primaryimage\"},\"image\":{\"@id\":\"https:\/\/asociacionparquecordillera.cl\/revista-domingo-los-hongos-valen\/#primaryimage\"},\"thumbnailUrl\":\"https:\/\/asociacionparquecordillera.cl\/wp-content\/uploads\/2026\/04\/2026-04-19-Revista-Domingo-El-Mercurio-guiado-de-hongos.png\",\"datePublished\":\"2026-04-20T15:49:12+00:00\",\"dateModified\":\"2026-04-20T15:49:34+00:00\",\"description\":\"Junto a Revista Domingo, recorrimos el sendero Litre-Guayac\u00e1n del Parque Cantalao, en la comuna de Pe\u00f1alol\u00e9n, en b\u00fasqueda de distintas especies del reino\",\"breadcrumb\":{\"@id\":\"https:\/\/asociacionparquecordillera.cl\/revista-domingo-los-hongos-valen\/#breadcrumb\"},\"inLanguage\":\"en-US\",\"potentialAction\":[{\"@type\":\"ReadAction\",\"target\":[\"https:\/\/asociacionparquecordillera.cl\/revista-domingo-los-hongos-valen\/\"]}]},{\"@type\":\"ImageObject\",\"inLanguage\":\"en-US\",\"@id\":\"https:\/\/asociacionparquecordillera.cl\/revista-domingo-los-hongos-valen\/#primaryimage\",\"url\":\"https:\/\/asociacionparquecordillera.cl\/wp-content\/uploads\/2026\/04\/2026-04-19-Revista-Domingo-El-Mercurio-guiado-de-hongos.png\",\"contentUrl\":\"https:\/\/asociacionparquecordillera.cl\/wp-content\/uploads\/2026\/04\/2026-04-19-Revista-Domingo-El-Mercurio-guiado-de-hongos.png\",\"width\":492,\"height\":893},{\"@type\":\"BreadcrumbList\",\"@id\":\"https:\/\/asociacionparquecordillera.cl\/revista-domingo-los-hongos-valen\/#breadcrumb\",\"itemListElement\":[{\"@type\":\"ListItem\",\"position\":1,\"name\":\"Home\",\"item\":\"https:\/\/asociacionparquecordillera.cl\/\"},{\"@type\":\"ListItem\",\"position\":2,\"name\":\"Revista Domingo: \u00abLos hongos valen\u00bb\"}]},{\"@type\":\"WebSite\",\"@id\":\"https:\/\/asociacionparquecordillera.cl\/#website\",\"url\":\"https:\/\/asociacionparquecordillera.cl\/\",\"name\":\"Asociaci\u00f3n Parque Cordillera - Parques Regi\u00f3n Metropolitana\",\"description\":\"Asociaci\u00f3n Parque Cordillera promueve la conservaci\u00f3n de la precordillera de Santiago mediante la administraci\u00f3n de parques naturales y el fomento de la educaci\u00f3n ambiental y el turismo sustentable.\",\"publisher\":{\"@id\":\"https:\/\/asociacionparquecordillera.cl\/#organization\"},\"alternateName\":\"Parque Cordillera\",\"potentialAction\":[{\"@type\":\"SearchAction\",\"target\":{\"@type\":\"EntryPoint\",\"urlTemplate\":\"https:\/\/asociacionparquecordillera.cl\/?s={search_term_string}\"},\"query-input\":{\"@type\":\"PropertyValueSpecification\",\"valueRequired\":true,\"valueName\":\"search_term_string\"}}],\"inLanguage\":\"en-US\"},{\"@type\":\"Organization\",\"@id\":\"https:\/\/asociacionparquecordillera.cl\/#organization\",\"name\":\"Asociaci\u00f3n Parque Cordillera - Parques Regi\u00f3n Metropolitana\",\"alternateName\":\"Parque Cordillera\",\"url\":\"https:\/\/asociacionparquecordillera.cl\/\",\"logo\":{\"@type\":\"ImageObject\",\"inLanguage\":\"en-US\",\"@id\":\"https:\/\/asociacionparquecordillera.cl\/#\/schema\/logo\/image\/\",\"url\":\"https:\/\/asociacionparquecordillera.cl\/wp-content\/uploads\/2023\/01\/logo-apc-white-2.svg\",\"contentUrl\":\"https:\/\/asociacionparquecordillera.cl\/wp-content\/uploads\/2023\/01\/logo-apc-white-2.svg\",\"width\":240.789999999999992041921359486877918243408203125,\"height\":80.969999999999998863131622783839702606201171875,\"caption\":\"Asociaci\u00f3n Parque Cordillera - Parques Regi\u00f3n Metropolitana\"},\"image\":{\"@id\":\"https:\/\/asociacionparquecordillera.cl\/#\/schema\/logo\/image\/\"}},{\"@type\":\"Person\",\"@id\":\"https:\/\/asociacionparquecordillera.cl\/#\/schema\/person\/bebe62983102f2478a516a7c4f770a52\",\"name\":\"Camila Silva Galdames\",\"image\":{\"@type\":\"ImageObject\",\"inLanguage\":\"en-US\",\"@id\":\"https:\/\/asociacionparquecordillera.cl\/#\/schema\/person\/image\/\",\"url\":\"https:\/\/secure.gravatar.com\/avatar\/1b673f7345c7f66429fd57df264b9c0877ab6e9683936c15bafc9fadba046bf1?s=96&d=mm&r=g\",\"contentUrl\":\"https:\/\/secure.gravatar.com\/avatar\/1b673f7345c7f66429fd57df264b9c0877ab6e9683936c15bafc9fadba046bf1?s=96&d=mm&r=g\",\"caption\":\"Camila Silva Galdames\"},\"url\":\"https:\/\/asociacionparquecordillera.cl\/en\/author\/camila-silva-periodista\/\"}]}<\/script>\n<!-- \/ Yoast SEO Premium plugin. -->","yoast_head_json":{"title":"Revista Domingo: \"Los hongos valen\" - Asociaci\u00f3n Parque Cordillera - Parques Regi\u00f3n Metropolitana","description":"Junto a Revista Domingo, recorrimos el sendero Litre-Guayac\u00e1n del Parque Cantalao, en la comuna de Pe\u00f1alol\u00e9n, en b\u00fasqueda de distintas especies del reino","robots":{"index":"index","follow":"follow","max-snippet":"max-snippet:-1","max-image-preview":"max-image-preview:large","max-video-preview":"max-video-preview:-1"},"canonical":"https:\/\/asociacionparquecordillera.cl\/en\/revista-domingo-los-hongos-valen\/","og_locale":"en_US","og_type":"article","og_title":"Revista Domingo: \"Los hongos valen\"","og_description":"Junto a Revista Domingo, recorrimos el sendero Litre-Guayac\u00e1n del Parque Cantalao, en la comuna de Pe\u00f1alol\u00e9n, en b\u00fasqueda de distintas especies del reino","og_url":"https:\/\/asociacionparquecordillera.cl\/en\/revista-domingo-los-hongos-valen\/","og_site_name":"Asociaci\u00f3n Parque Cordillera - Parques Regi\u00f3n Metropolitana","article_published_time":"2026-04-20T15:49:12+00:00","article_modified_time":"2026-04-20T15:49:34+00:00","og_image":[{"width":492,"height":893,"url":"https:\/\/asociacionparquecordillera.cl\/wp-content\/uploads\/2026\/04\/2026-04-19-Revista-Domingo-El-Mercurio-guiado-de-hongos.png","type":"image\/png"}],"author":"Camila Silva Galdames","twitter_card":"summary_large_image","twitter_misc":{"Written by":"Camila Silva Galdames","Est. reading time":"1 minute"},"schema":{"@context":"https:\/\/schema.org","@graph":[{"@type":"Article","@id":"https:\/\/asociacionparquecordillera.cl\/revista-domingo-los-hongos-valen\/#article","isPartOf":{"@id":"https:\/\/asociacionparquecordillera.cl\/revista-domingo-los-hongos-valen\/"},"author":{"name":"Camila Silva Galdames","@id":"https:\/\/asociacionparquecordillera.cl\/#\/schema\/person\/bebe62983102f2478a516a7c4f770a52"},"headline":"Revista Domingo: \u00abLos hongos valen\u00bb","datePublished":"2026-04-20T15:49:12+00:00","dateModified":"2026-04-20T15:49:34+00:00","mainEntityOfPage":{"@id":"https:\/\/asociacionparquecordillera.cl\/revista-domingo-los-hongos-valen\/"},"wordCount":97,"publisher":{"@id":"https:\/\/asociacionparquecordillera.cl\/#organization"},"image":{"@id":"https:\/\/asociacionparquecordillera.cl\/revista-domingo-los-hongos-valen\/#primaryimage"},"thumbnailUrl":"https:\/\/asociacionparquecordillera.cl\/wp-content\/uploads\/2026\/04\/2026-04-19-Revista-Domingo-El-Mercurio-guiado-de-hongos.png","articleSection":["Prensa"],"inLanguage":"en-US"},{"@type":"WebPage","@id":"https:\/\/asociacionparquecordillera.cl\/revista-domingo-los-hongos-valen\/","url":"https:\/\/asociacionparquecordillera.cl\/revista-domingo-los-hongos-valen\/","name":"Revista Domingo: \"Los hongos valen\" - Asociaci\u00f3n Parque Cordillera - Parques Regi\u00f3n Metropolitana","isPartOf":{"@id":"https:\/\/asociacionparquecordillera.cl\/#website"},"primaryImageOfPage":{"@id":"https:\/\/asociacionparquecordillera.cl\/revista-domingo-los-hongos-valen\/#primaryimage"},"image":{"@id":"https:\/\/asociacionparquecordillera.cl\/revista-domingo-los-hongos-valen\/#primaryimage"},"thumbnailUrl":"https:\/\/asociacionparquecordillera.cl\/wp-content\/uploads\/2026\/04\/2026-04-19-Revista-Domingo-El-Mercurio-guiado-de-hongos.png","datePublished":"2026-04-20T15:49:12+00:00","dateModified":"2026-04-20T15:49:34+00:00","description":"Junto a Revista Domingo, recorrimos el sendero Litre-Guayac\u00e1n del Parque Cantalao, en la comuna de Pe\u00f1alol\u00e9n, en b\u00fasqueda de distintas especies del reino","breadcrumb":{"@id":"https:\/\/asociacionparquecordillera.cl\/revista-domingo-los-hongos-valen\/#breadcrumb"},"inLanguage":"en-US","potentialAction":[{"@type":"ReadAction","target":["https:\/\/asociacionparquecordillera.cl\/revista-domingo-los-hongos-valen\/"]}]},{"@type":"ImageObject","inLanguage":"en-US","@id":"https:\/\/asociacionparquecordillera.cl\/revista-domingo-los-hongos-valen\/#primaryimage","url":"https:\/\/asociacionparquecordillera.cl\/wp-content\/uploads\/2026\/04\/2026-04-19-Revista-Domingo-El-Mercurio-guiado-de-hongos.png","contentUrl":"https:\/\/asociacionparquecordillera.cl\/wp-content\/uploads\/2026\/04\/2026-04-19-Revista-Domingo-El-Mercurio-guiado-de-hongos.png","width":492,"height":893},{"@type":"BreadcrumbList","@id":"https:\/\/asociacionparquecordillera.cl\/revista-domingo-los-hongos-valen\/#breadcrumb","itemListElement":[{"@type":"ListItem","position":1,"name":"Home","item":"https:\/\/asociacionparquecordillera.cl\/"},{"@type":"ListItem","position":2,"name":"Revista Domingo: \u00abLos hongos valen\u00bb"}]},{"@type":"WebSite","@id":"https:\/\/asociacionparquecordillera.cl\/#website","url":"https:\/\/asociacionparquecordillera.cl\/","name":"Asociaci\u00f3n Parque Cordillera - Parques Regi\u00f3n Metropolitana","description":"Asociaci\u00f3n Parque Cordillera promueve la conservaci\u00f3n de la precordillera de Santiago mediante la administraci\u00f3n de parques naturales y el fomento de la educaci\u00f3n ambiental y el turismo sustentable.","publisher":{"@id":"https:\/\/asociacionparquecordillera.cl\/#organization"},"alternateName":"Parque Cordillera","potentialAction":[{"@type":"SearchAction","target":{"@type":"EntryPoint","urlTemplate":"https:\/\/asociacionparquecordillera.cl\/?s={search_term_string}"},"query-input":{"@type":"PropertyValueSpecification","valueRequired":true,"valueName":"search_term_string"}}],"inLanguage":"en-US"},{"@type":"Organization","@id":"https:\/\/asociacionparquecordillera.cl\/#organization","name":"Asociaci\u00f3n Parque Cordillera - Parques Regi\u00f3n Metropolitana","alternateName":"Parque Cordillera","url":"https:\/\/asociacionparquecordillera.cl\/","logo":{"@type":"ImageObject","inLanguage":"en-US","@id":"https:\/\/asociacionparquecordillera.cl\/#\/schema\/logo\/image\/","url":"https:\/\/asociacionparquecordillera.cl\/wp-content\/uploads\/2023\/01\/logo-apc-white-2.svg","contentUrl":"https:\/\/asociacionparquecordillera.cl\/wp-content\/uploads\/2023\/01\/logo-apc-white-2.svg","width":240.789999999999992041921359486877918243408203125,"height":80.969999999999998863131622783839702606201171875,"caption":"Asociaci\u00f3n Parque Cordillera - Parques Regi\u00f3n Metropolitana"},"image":{"@id":"https:\/\/asociacionparquecordillera.cl\/#\/schema\/logo\/image\/"}},{"@type":"Person","@id":"https:\/\/asociacionparquecordillera.cl\/#\/schema\/person\/bebe62983102f2478a516a7c4f770a52","name":"Camila Silva Galdames","image":{"@type":"ImageObject","inLanguage":"en-US","@id":"https:\/\/asociacionparquecordillera.cl\/#\/schema\/person\/image\/","url":"https:\/\/secure.gravatar.com\/avatar\/1b673f7345c7f66429fd57df264b9c0877ab6e9683936c15bafc9fadba046bf1?s=96&d=mm&r=g","contentUrl":"https:\/\/secure.gravatar.com\/avatar\/1b673f7345c7f66429fd57df264b9c0877ab6e9683936c15bafc9fadba046bf1?s=96&d=mm&r=g","caption":"Camila Silva Galdames"},"url":"https:\/\/asociacionparquecordillera.cl\/en\/author\/camila-silva-periodista\/"}]}},"_links":{"self":[{"href":"https:\/\/asociacionparquecordillera.cl\/en\/wp-json\/wp\/v2\/posts\/6391","targetHints":{"allow":["GET"]}}],"collection":[{"href":"https:\/\/asociacionparquecordillera.cl\/en\/wp-json\/wp\/v2\/posts"}],"about":[{"href":"https:\/\/asociacionparquecordillera.cl\/en\/wp-json\/wp\/v2\/types\/post"}],"author":[{"embeddable":true,"href":"https:\/\/asociacionparquecordillera.cl\/en\/wp-json\/wp\/v2\/users\/10"}],"replies":[{"embeddable":true,"href":"https:\/\/asociacionparquecordillera.cl\/en\/wp-json\/wp\/v2\/comments?post=6391"}],"version-history":[{"count":2,"href":"https:\/\/asociacionparquecordillera.cl\/en\/wp-json\/wp\/v2\/posts\/6391\/revisions"}],"predecessor-version":[{"id":6394,"href":"https:\/\/asociacionparquecordillera.cl\/en\/wp-json\/wp\/v2\/posts\/6391\/revisions\/6394"}],"wp:featuredmedia":[{"embeddable":true,"href":"https:\/\/asociacionparquecordillera.cl\/en\/wp-json\/wp\/v2\/media\/6392"}],"wp:attachment":[{"href":"https:\/\/asociacionparquecordillera.cl\/en\/wp-json\/wp\/v2\/media?parent=6391"}],"wp:term":[{"taxonomy":"category","embeddable":true,"href":"https:\/\/asociacionparquecordillera.cl\/en\/wp-json\/wp\/v2\/categories?post=6391"},{"taxonomy":"post_tag","embeddable":true,"href":"https:\/\/asociacionparquecordillera.cl\/en\/wp-json\/wp\/v2\/tags?post=6391"},{"taxonomy":"slider-category","embeddable":true,"href":"https:\/\/asociacionparquecordillera.cl\/en\/wp-json\/wp\/v2\/slider-category?post=6391"}],"curies":[{"name":"wp","href":"https:\/\/api.w.org\/{rel}","templated":true}]}}