{"id":6396,"date":"2026-04-23T08:57:15","date_gmt":"2026-04-23T12:57:15","guid":{"rendered":"https:\/\/asociacionparquecordillera.cl\/?p=6396"},"modified":"2026-04-24T11:58:45","modified_gmt":"2026-04-24T15:58:45","slug":"en-el-dia-de-la-tierra-seremi-medio-ambiente-rm-visita-programas-de-compensacion-de-emisiones-en-parque-cordillera","status":"publish","type":"post","link":"https:\/\/asociacionparquecordillera.cl\/en\/en-el-dia-de-la-tierra-seremi-medio-ambiente-rm-visita-programas-de-compensacion-de-emisiones-en-parque-cordillera\/","title":{"rendered":"En el D\u00eda de la Tierra, Seremi Medio Ambiente RM visita programas de compensaci\u00f3n de emisiones en Parque Cordillera"},"content":{"rendered":"<p><span style=\"font-weight: 400;\">En el marco del D\u00eda de la Tierra 2026, el Seremi del Medio Ambiente de la RM, Gonzalo Cruces, se reuni\u00f3 con la Asociaci\u00f3n de Municipalidades Parque Cordillera, para conocer en terreno c\u00f3mo se est\u00e1n implementando los programas de compensaci\u00f3n de emisiones (PCE) de MP10 (material particulado grueso) que realizan entidades privadas en la red de parques que administra la Asociaci\u00f3n.<\/span><\/p>\n<p><span style=\"font-weight: 400;\">La instancia se realiz\u00f3 en el parque Aguas de Ram\u00f3n, en la comuna de La Reina, en compa\u00f1\u00eda del alcalde de la comuna, Jos\u00e9 Manuel Palacios, y de Cecilia Corval\u00e1n, ingeniera senior de biodiversidad y compensaciones de Aguas Andinas, quienes recorrieron el sendero Canto del Agua, visitaron la Casa del Agua y culminaron con la plantaci\u00f3n de \u00e1rboles nativos.<\/span><\/p>\n<p><span style=\"font-weight: 400;\">Durante la jornada, Jos\u00e9 Pedro Guilisasti Palacios, secretario ejecutivo de la Asociaci\u00f3n Parque Cordillera detall\u00f3 que, <\/span><b>en los \u00faltimos trece a\u00f1os, se han implementado m\u00e1s de 30 iniciativas de PCE de MP10, impactando casi 315 hect\u00e1reas distribuidas en cinco parques, <\/b><span style=\"font-weight: 400;\">del total<\/span> <span style=\"font-weight: 400;\">de diez que hoy administra la Asociaci\u00f3n en la precordillera Metropolitana. Las entidades que normalmente desarrollan los PCE son inmobiliarias, las cuales por ley est\u00e1n obligadas a compensar sus emisiones y son fiscalizadas por la Superintendencia de Medio Ambiente.<\/span><\/p>\n<p><span style=\"font-weight: 400;\">De acuerdo a la autoridad ministerial, los Programas de Compensaci\u00f3n de Emisiones de MP10\u00a0son instrumentos de gesti\u00f3n ambiental en Chile que permiten a proyectos nuevos o modificados equilibrar las emisiones contaminantes que generan \u2014y que no pueden mitigar\u2014 mediante acciones equivalentes y positivas para el medio ambiente, como la creaci\u00f3n de \u00e1reas verdes.<\/span><\/p>\n<p><span style=\"font-weight: 400;\">Asimismo, la entidad detall\u00f3 que se ha identificado a la Asociaci\u00f3n Parque Cordillera como una zona prioritaria para el desarrollo de este tipo de iniciativas. En efecto, de los 65 PCE aprobados entre los a\u00f1os 2019 y 2025, un 42% (27 PCE) se aprobaron dentro de los parques pertenecientes a dicha Asociaci\u00f3n.<\/span><\/p>\n<p><img fetchpriority=\"high\" decoding=\"async\" class=\"alignnone wp-image-6402 size-full\" src=\"https:\/\/asociacionparquecordillera.cl\/wp-content\/uploads\/2026\/04\/WhatsApp-Image-2026-04-23-at-08.43.15.jpeg\" alt=\"\" width=\"1280\" height=\"720\" srcset=\"https:\/\/asociacionparquecordillera.cl\/wp-content\/uploads\/2026\/04\/WhatsApp-Image-2026-04-23-at-08.43.15.jpeg 1280w, https:\/\/asociacionparquecordillera.cl\/wp-content\/uploads\/2026\/04\/WhatsApp-Image-2026-04-23-at-08.43.15-300x169.jpeg 300w, https:\/\/asociacionparquecordillera.cl\/wp-content\/uploads\/2026\/04\/WhatsApp-Image-2026-04-23-at-08.43.15-1024x576.jpeg 1024w, https:\/\/asociacionparquecordillera.cl\/wp-content\/uploads\/2026\/04\/WhatsApp-Image-2026-04-23-at-08.43.15-768x432.jpeg 768w, https:\/\/asociacionparquecordillera.cl\/wp-content\/uploads\/2026\/04\/WhatsApp-Image-2026-04-23-at-08.43.15-18x10.jpeg 18w\" sizes=\"(max-width: 1280px) 100vw, 1280px\" \/><\/p>\n<p><span style=\"font-weight: 400;\">El Seremi del Medio Ambiente Metropolitano, Gonzalo Cruces Rueda, expres\u00f3 que \u201cmuchas veces las empresas o titulares que se ven obligadas por nuestra regulaci\u00f3n a compensar sus emisiones no se imaginan el impacto que tienen este tipo de proyectos, por todos los servicios ecosist\u00e9micos que prestan\u201d. A lo que agreg\u00f3, \u201cy hemos comprometido -entre el 2024-2025- en PCE, 2300 \u00e1rboles a plantar en la Asociaci\u00f3n Parque Cordillera\u201d.<\/span><\/p>\n<p><span style=\"font-weight: 400;\">En la misma l\u00ednea, Jos\u00e9 Manuel Palacios, alcalde de La Reina y vicepresidente del directorio de Parque Cordillera, agreg\u00f3: \u201c(&#8230;) sin una coordinaci\u00f3n con los ministerios, un proceso que nos permita promover los proyectos y una articulaci\u00f3n con el privado que se comprometa, es s\u00faper dif\u00edcil, y esa es la \u00fanica forma de lograrlo, es mostrar que se est\u00e1 avanzando con trabajo, y el trabajo se traduce en temas bien concretos, ac\u00e1 vemos todo un sistema de regad\u00edo, en la recuperaci\u00f3n del arbolado, zanjas de infiltraci\u00f3n, temas que ha estado trabajando con mucha fuerza Parque Cordillera\u201d.<\/span><\/p>\n<p><b>Llamado para los pr\u00f3ximos a\u00f1os<\/b><\/p>\n<p><span style=\"font-weight: 400;\">Del total de 34 PCE implementados desde el a\u00f1o 2013 a la fecha, algunos de ellos han sido en m\u00e1s de un parque a la vez y todas con distintos horizontes de desarrollo, entre uno a cinco a\u00f1os, incluyendo proyectos comprometidos hasta el a\u00f1o 2029. El parque natural donde m\u00e1s programas de compensaci\u00f3n de emisiones se han implementado es justamente en Aguas de Ram\u00f3n y por ello fue elegido por las autoridades para ser visitado en el marco del D\u00eda de la Tierra de este a\u00f1o.<\/span><\/p>\n<p><span style=\"font-weight: 400;\">Los PCE ya implementados se agrupan en tres ejes incluyendo; <\/span><b>Rehabilitaci\u00f3n y Restauraci\u00f3n Ecol\u00f3gica<\/b><span style=\"font-weight: 400;\">, donde se incluye, por ejemplo, la acci\u00f3n de plantaci\u00f3n de especies, el control de la erosi\u00f3n o especies invasoras; la <\/span><b>Protecci\u00f3n y Control y Vigilancia<\/b><span style=\"font-weight: 400;\">, donde son parte la construcci\u00f3n de cercos, cortafuegos, senderos o la instalaci\u00f3n de se\u00f1al\u00e9tica; y la <\/span><b>Educaci\u00f3n Ambiental, <\/b><span style=\"font-weight: 400;\">que promueve visitas educativas destinadas a educar y sensibilizar a grupos de educativos sobre la importancia del Ecosistema Escler\u00f3filo y los servicios ecosist\u00e9micos que proveen.\u00a0<\/span><\/p>\n<p><span style=\"font-weight: 400;\">En esta l\u00ednea, Carlos Rivas Rodr\u00edguez, encargado de medio ambiente de la Asociaci\u00f3n Cordillera, enfatiz\u00f3 que los PCE permiten no solo mejorar los servicios ecosist\u00e9micos, por ejemplo de la calidad de aire, sino tambi\u00e9n contribuyen a la recuperaci\u00f3n del bosque y el h\u00e1bitat de especies nativas. No obstante, \u201cen conversaciones con la autoridad, podemos ver que, cada vez son menos las empresas y\/o consultoras que promueven los PCE a trav\u00e9s de Masas Vegetacionales, porque las otras formas de compensar resultan tal vez m\u00e1s sencillas, as\u00ed que la intenci\u00f3n es dinamizar estas acciones y que haya m\u00e1s proyectos de este tipo en la regi\u00f3n\u201d.\u00a0<\/span><\/p>\n<p><span style=\"font-weight: 400;\">Frente a ello, el especialista realiz\u00f3 un llamado claro: \u201cOjal\u00e1 las empresas y\/o inmobiliarias que tienen la obligaci\u00f3n de compensar en la regi\u00f3n, puedan priorizar como alternativa los proyectos de masas vegetacionales en estos parques y en las otras \u00e1reas naturales donde se promueven\u201d.<\/span><\/p>","protected":false},"excerpt":{"rendered":"<p>En el marco del D\u00eda de la Tierra 2026, el Seremi del Medio Ambiente de la RM, Gonzalo Cruces, se reuni\u00f3 con la Asociaci\u00f3n de Municipalidades Parque Cordillera, para conocer en terreno c\u00f3mo se est\u00e1n implementando los programas de compensaci\u00f3n de emisiones (PCE) de MP10 (material particulado grueso) que realizan entidades privadas en la red [&hellip;]<\/p>","protected":false},"author":10,"featured_media":6399,"comment_status":"closed","ping_status":"closed","sticky":false,"template":"","format":"standard","meta":{"site-sidebar-layout":"default","site-content-layout":"","ast-site-content-layout":"default","site-content-style":"default","site-sidebar-style":"default","ast-global-header-display":"","ast-banner-title-visibility":"","ast-main-header-display":"","ast-hfb-above-header-display":"","ast-hfb-below-header-display":"","ast-hfb-mobile-header-display":"","site-post-title":"","ast-breadcrumbs-content":"","ast-featured-img":"","footer-sml-layout":"","theme-transparent-header-meta":"default","adv-header-id-meta":"","stick-header-meta":"default","header-above-stick-meta":"","header-main-stick-meta":"","header-below-stick-meta":"","astra-migrate-meta-layouts":"set","ast-page-background-enabled":"default","ast-page-background-meta":{"desktop":{"background-color":"var(--ast-global-color-4)","background-image":"","background-repeat":"repeat","background-position":"center center","background-size":"auto","background-attachment":"scroll","background-type":"","background-media":"","overlay-type":"","overlay-color":"","overlay-opacity":"","overlay-gradient":""},"tablet":{"background-color":"","background-image":"","background-repeat":"repeat","background-position":"center center","background-size":"auto","background-attachment":"scroll","background-type":"","background-media":"","overlay-type":"","overlay-color":"","overlay-opacity":"","overlay-gradient":""},"mobile":{"background-color":"","background-image":"","background-repeat":"repeat","background-position":"center center","background-size":"auto","background-attachment":"scroll","background-type":"","background-media":"","overlay-type":"","overlay-color":"","overlay-opacity":"","overlay-gradient":""}},"ast-content-background-meta":{"desktop":{"background-color":"var(--ast-global-color-5)","background-image":"","background-repeat":"repeat","background-position":"center center","background-size":"auto","background-attachment":"scroll","background-type":"","background-media":"","overlay-type":"","overlay-color":"","overlay-opacity":"","overlay-gradient":""},"tablet":{"background-color":"var(--ast-global-color-5)","background-image":"","background-repeat":"repeat","background-position":"center center","background-size":"auto","background-attachment":"scroll","background-type":"","background-media":"","overlay-type":"","overlay-color":"","overlay-opacity":"","overlay-gradient":""},"mobile":{"background-color":"var(--ast-global-color-5)","background-image":"","background-repeat":"repeat","background-position":"center center","background-size":"auto","background-attachment":"scroll","background-type":"","background-media":"","overlay-type":"","overlay-color":"","overlay-opacity":"","overlay-gradient":""}},"footnotes":""},"categories":[16],"tags":[],"slider-category":[],"class_list":["post-6396","post","type-post","status-publish","format-standard","has-post-thumbnail","hentry","category-prensa"],"yoast_head":"<!-- This site is optimized with the Yoast SEO Premium plugin v22.9 (Yoast SEO v23.9) - https:\/\/yoast.com\/wordpress\/plugins\/seo\/ -->\n<title>En el D\u00eda de la Tierra, Seremi Medio Ambiente RM visita programas de compensaci\u00f3n de emisiones en Parque Cordillera - Asociaci\u00f3n Parque Cordillera - Parques Regi\u00f3n Metropolitana<\/title>\n<meta name=\"description\" content=\"En el marco del D\u00eda de la Tierra 2026, el Seremi del Medio Ambiente de la RM, Gonzalo Cruces, se reuni\u00f3 con la Asociaci\u00f3n de Municipalidades Parque\" \/>\n<meta name=\"robots\" content=\"index, follow, max-snippet:-1, max-image-preview:large, max-video-preview:-1\" \/>\n<link rel=\"canonical\" href=\"https:\/\/asociacionparquecordillera.cl\/en\/en-el-dia-de-la-tierra-seremi-medio-ambiente-rm-visita-programas-de-compensacion-de-emisiones-en-parque-cordillera\/\" \/>\n<meta property=\"og:locale\" content=\"en_US\" \/>\n<meta property=\"og:type\" content=\"article\" \/>\n<meta property=\"og:title\" content=\"En el D\u00eda de la Tierra, Seremi Medio Ambiente RM visita programas de compensaci\u00f3n de emisiones en Parque Cordillera\" \/>\n<meta property=\"og:description\" content=\"En el marco del D\u00eda de la Tierra 2026, el Seremi del Medio Ambiente de la RM, Gonzalo Cruces, se reuni\u00f3 con la Asociaci\u00f3n de Municipalidades Parque\" \/>\n<meta property=\"og:url\" content=\"https:\/\/asociacionparquecordillera.cl\/en\/en-el-dia-de-la-tierra-seremi-medio-ambiente-rm-visita-programas-de-compensacion-de-emisiones-en-parque-cordillera\/\" \/>\n<meta property=\"og:site_name\" content=\"Asociaci\u00f3n Parque Cordillera - Parques Regi\u00f3n Metropolitana\" \/>\n<meta property=\"article:published_time\" content=\"2026-04-23T12:57:15+00:00\" \/>\n<meta property=\"article:modified_time\" content=\"2026-04-24T15:58:45+00:00\" \/>\n<meta property=\"og:image\" content=\"https:\/\/asociacionparquecordillera.cl\/wp-content\/uploads\/2026\/04\/dia-de-la-tierra-2026-seremi-MA-alcalde-la-reina-y-parque-cordillera-scaled.jpg\" \/>\n\t<meta property=\"og:image:width\" content=\"2560\" \/>\n\t<meta property=\"og:image:height\" content=\"1707\" \/>\n\t<meta property=\"og:image:type\" content=\"image\/jpeg\" \/>\n<meta name=\"author\" content=\"Camila Silva Galdames\" \/>\n<meta name=\"twitter:card\" content=\"summary_large_image\" \/>\n<meta name=\"twitter:label1\" content=\"Written by\" \/>\n\t<meta name=\"twitter:data1\" content=\"Camila Silva Galdames\" \/>\n\t<meta name=\"twitter:label2\" content=\"Est. reading time\" \/>\n\t<meta name=\"twitter:data2\" content=\"5 minutes\" \/>\n<script type=\"application\/ld+json\" class=\"yoast-schema-graph\">{\"@context\":\"https:\/\/schema.org\",\"@graph\":[{\"@type\":\"Article\",\"@id\":\"https:\/\/asociacionparquecordillera.cl\/en-el-dia-de-la-tierra-seremi-medio-ambiente-rm-visita-programas-de-compensacion-de-emisiones-en-parque-cordillera\/#article\",\"isPartOf\":{\"@id\":\"https:\/\/asociacionparquecordillera.cl\/en-el-dia-de-la-tierra-seremi-medio-ambiente-rm-visita-programas-de-compensacion-de-emisiones-en-parque-cordillera\/\"},\"author\":{\"name\":\"Camila Silva Galdames\",\"@id\":\"https:\/\/asociacionparquecordillera.cl\/#\/schema\/person\/bebe62983102f2478a516a7c4f770a52\"},\"headline\":\"En el D\u00eda de la Tierra, Seremi Medio Ambiente RM visita programas de compensaci\u00f3n de emisiones en Parque Cordillera\",\"datePublished\":\"2026-04-23T12:57:15+00:00\",\"dateModified\":\"2026-04-24T15:58:45+00:00\",\"mainEntityOfPage\":{\"@id\":\"https:\/\/asociacionparquecordillera.cl\/en-el-dia-de-la-tierra-seremi-medio-ambiente-rm-visita-programas-de-compensacion-de-emisiones-en-parque-cordillera\/\"},\"wordCount\":873,\"publisher\":{\"@id\":\"https:\/\/asociacionparquecordillera.cl\/#organization\"},\"image\":{\"@id\":\"https:\/\/asociacionparquecordillera.cl\/en-el-dia-de-la-tierra-seremi-medio-ambiente-rm-visita-programas-de-compensacion-de-emisiones-en-parque-cordillera\/#primaryimage\"},\"thumbnailUrl\":\"https:\/\/asociacionparquecordillera.cl\/wp-content\/uploads\/2026\/04\/dia-de-la-tierra-2026-seremi-MA-alcalde-la-reina-y-parque-cordillera-scaled.jpg\",\"articleSection\":[\"Prensa\"],\"inLanguage\":\"en-US\"},{\"@type\":\"WebPage\",\"@id\":\"https:\/\/asociacionparquecordillera.cl\/en-el-dia-de-la-tierra-seremi-medio-ambiente-rm-visita-programas-de-compensacion-de-emisiones-en-parque-cordillera\/\",\"url\":\"https:\/\/asociacionparquecordillera.cl\/en-el-dia-de-la-tierra-seremi-medio-ambiente-rm-visita-programas-de-compensacion-de-emisiones-en-parque-cordillera\/\",\"name\":\"En el D\u00eda de la Tierra, Seremi Medio Ambiente RM visita programas de compensaci\u00f3n de emisiones en Parque Cordillera - Asociaci\u00f3n Parque Cordillera - Parques Regi\u00f3n Metropolitana\",\"isPartOf\":{\"@id\":\"https:\/\/asociacionparquecordillera.cl\/#website\"},\"primaryImageOfPage\":{\"@id\":\"https:\/\/asociacionparquecordillera.cl\/en-el-dia-de-la-tierra-seremi-medio-ambiente-rm-visita-programas-de-compensacion-de-emisiones-en-parque-cordillera\/#primaryimage\"},\"image\":{\"@id\":\"https:\/\/asociacionparquecordillera.cl\/en-el-dia-de-la-tierra-seremi-medio-ambiente-rm-visita-programas-de-compensacion-de-emisiones-en-parque-cordillera\/#primaryimage\"},\"thumbnailUrl\":\"https:\/\/asociacionparquecordillera.cl\/wp-content\/uploads\/2026\/04\/dia-de-la-tierra-2026-seremi-MA-alcalde-la-reina-y-parque-cordillera-scaled.jpg\",\"datePublished\":\"2026-04-23T12:57:15+00:00\",\"dateModified\":\"2026-04-24T15:58:45+00:00\",\"description\":\"En el marco del D\u00eda de la Tierra 2026, el Seremi del Medio Ambiente de la RM, Gonzalo Cruces, se reuni\u00f3 con la Asociaci\u00f3n de Municipalidades Parque\",\"breadcrumb\":{\"@id\":\"https:\/\/asociacionparquecordillera.cl\/en-el-dia-de-la-tierra-seremi-medio-ambiente-rm-visita-programas-de-compensacion-de-emisiones-en-parque-cordillera\/#breadcrumb\"},\"inLanguage\":\"en-US\",\"potentialAction\":[{\"@type\":\"ReadAction\",\"target\":[\"https:\/\/asociacionparquecordillera.cl\/en-el-dia-de-la-tierra-seremi-medio-ambiente-rm-visita-programas-de-compensacion-de-emisiones-en-parque-cordillera\/\"]}]},{\"@type\":\"ImageObject\",\"inLanguage\":\"en-US\",\"@id\":\"https:\/\/asociacionparquecordillera.cl\/en-el-dia-de-la-tierra-seremi-medio-ambiente-rm-visita-programas-de-compensacion-de-emisiones-en-parque-cordillera\/#primaryimage\",\"url\":\"https:\/\/asociacionparquecordillera.cl\/wp-content\/uploads\/2026\/04\/dia-de-la-tierra-2026-seremi-MA-alcalde-la-reina-y-parque-cordillera-scaled.jpg\",\"contentUrl\":\"https:\/\/asociacionparquecordillera.cl\/wp-content\/uploads\/2026\/04\/dia-de-la-tierra-2026-seremi-MA-alcalde-la-reina-y-parque-cordillera-scaled.jpg\",\"width\":2560,\"height\":1707},{\"@type\":\"BreadcrumbList\",\"@id\":\"https:\/\/asociacionparquecordillera.cl\/en-el-dia-de-la-tierra-seremi-medio-ambiente-rm-visita-programas-de-compensacion-de-emisiones-en-parque-cordillera\/#breadcrumb\",\"itemListElement\":[{\"@type\":\"ListItem\",\"position\":1,\"name\":\"Home\",\"item\":\"https:\/\/asociacionparquecordillera.cl\/\"},{\"@type\":\"ListItem\",\"position\":2,\"name\":\"En el D\u00eda de la Tierra, Seremi Medio Ambiente RM visita programas de compensaci\u00f3n de emisiones en Parque Cordillera\"}]},{\"@type\":\"WebSite\",\"@id\":\"https:\/\/asociacionparquecordillera.cl\/#website\",\"url\":\"https:\/\/asociacionparquecordillera.cl\/\",\"name\":\"Asociaci\u00f3n Parque Cordillera - Parques Regi\u00f3n Metropolitana\",\"description\":\"Asociaci\u00f3n Parque Cordillera promueve la conservaci\u00f3n de la precordillera de Santiago mediante la administraci\u00f3n de parques naturales y el fomento de la educaci\u00f3n ambiental y el turismo sustentable.\",\"publisher\":{\"@id\":\"https:\/\/asociacionparquecordillera.cl\/#organization\"},\"alternateName\":\"Parque Cordillera\",\"potentialAction\":[{\"@type\":\"SearchAction\",\"target\":{\"@type\":\"EntryPoint\",\"urlTemplate\":\"https:\/\/asociacionparquecordillera.cl\/?s={search_term_string}\"},\"query-input\":{\"@type\":\"PropertyValueSpecification\",\"valueRequired\":true,\"valueName\":\"search_term_string\"}}],\"inLanguage\":\"en-US\"},{\"@type\":\"Organization\",\"@id\":\"https:\/\/asociacionparquecordillera.cl\/#organization\",\"name\":\"Asociaci\u00f3n Parque Cordillera - Parques Regi\u00f3n Metropolitana\",\"alternateName\":\"Parque Cordillera\",\"url\":\"https:\/\/asociacionparquecordillera.cl\/\",\"logo\":{\"@type\":\"ImageObject\",\"inLanguage\":\"en-US\",\"@id\":\"https:\/\/asociacionparquecordillera.cl\/#\/schema\/logo\/image\/\",\"url\":\"https:\/\/asociacionparquecordillera.cl\/wp-content\/uploads\/2023\/01\/logo-apc-white-2.svg\",\"contentUrl\":\"https:\/\/asociacionparquecordillera.cl\/wp-content\/uploads\/2023\/01\/logo-apc-white-2.svg\",\"width\":240.789999999999992041921359486877918243408203125,\"height\":80.969999999999998863131622783839702606201171875,\"caption\":\"Asociaci\u00f3n Parque Cordillera - Parques Regi\u00f3n Metropolitana\"},\"image\":{\"@id\":\"https:\/\/asociacionparquecordillera.cl\/#\/schema\/logo\/image\/\"}},{\"@type\":\"Person\",\"@id\":\"https:\/\/asociacionparquecordillera.cl\/#\/schema\/person\/bebe62983102f2478a516a7c4f770a52\",\"name\":\"Camila Silva Galdames\",\"image\":{\"@type\":\"ImageObject\",\"inLanguage\":\"en-US\",\"@id\":\"https:\/\/asociacionparquecordillera.cl\/#\/schema\/person\/image\/\",\"url\":\"https:\/\/secure.gravatar.com\/avatar\/1b673f7345c7f66429fd57df264b9c0877ab6e9683936c15bafc9fadba046bf1?s=96&d=mm&r=g\",\"contentUrl\":\"https:\/\/secure.gravatar.com\/avatar\/1b673f7345c7f66429fd57df264b9c0877ab6e9683936c15bafc9fadba046bf1?s=96&d=mm&r=g\",\"caption\":\"Camila Silva Galdames\"},\"url\":\"https:\/\/asociacionparquecordillera.cl\/en\/author\/camila-silva-periodista\/\"}]}<\/script>\n<!-- \/ Yoast SEO Premium plugin. -->","yoast_head_json":{"title":"En el D\u00eda de la Tierra, Seremi Medio Ambiente RM visita programas de compensaci\u00f3n de emisiones en Parque Cordillera - Asociaci\u00f3n Parque Cordillera - Parques Regi\u00f3n Metropolitana","description":"En el marco del D\u00eda de la Tierra 2026, el Seremi del Medio Ambiente de la RM, Gonzalo Cruces, se reuni\u00f3 con la Asociaci\u00f3n de Municipalidades Parque","robots":{"index":"index","follow":"follow","max-snippet":"max-snippet:-1","max-image-preview":"max-image-preview:large","max-video-preview":"max-video-preview:-1"},"canonical":"https:\/\/asociacionparquecordillera.cl\/en\/en-el-dia-de-la-tierra-seremi-medio-ambiente-rm-visita-programas-de-compensacion-de-emisiones-en-parque-cordillera\/","og_locale":"en_US","og_type":"article","og_title":"En el D\u00eda de la Tierra, Seremi Medio Ambiente RM visita programas de compensaci\u00f3n de emisiones en Parque Cordillera","og_description":"En el marco del D\u00eda de la Tierra 2026, el Seremi del Medio Ambiente de la RM, Gonzalo Cruces, se reuni\u00f3 con la Asociaci\u00f3n de Municipalidades Parque","og_url":"https:\/\/asociacionparquecordillera.cl\/en\/en-el-dia-de-la-tierra-seremi-medio-ambiente-rm-visita-programas-de-compensacion-de-emisiones-en-parque-cordillera\/","og_site_name":"Asociaci\u00f3n Parque Cordillera - Parques Regi\u00f3n Metropolitana","article_published_time":"2026-04-23T12:57:15+00:00","article_modified_time":"2026-04-24T15:58:45+00:00","og_image":[{"width":2560,"height":1707,"url":"https:\/\/asociacionparquecordillera.cl\/wp-content\/uploads\/2026\/04\/dia-de-la-tierra-2026-seremi-MA-alcalde-la-reina-y-parque-cordillera-scaled.jpg","type":"image\/jpeg"}],"author":"Camila Silva Galdames","twitter_card":"summary_large_image","twitter_misc":{"Written by":"Camila Silva Galdames","Est. reading time":"5 minutes"},"schema":{"@context":"https:\/\/schema.org","@graph":[{"@type":"Article","@id":"https:\/\/asociacionparquecordillera.cl\/en-el-dia-de-la-tierra-seremi-medio-ambiente-rm-visita-programas-de-compensacion-de-emisiones-en-parque-cordillera\/#article","isPartOf":{"@id":"https:\/\/asociacionparquecordillera.cl\/en-el-dia-de-la-tierra-seremi-medio-ambiente-rm-visita-programas-de-compensacion-de-emisiones-en-parque-cordillera\/"},"author":{"name":"Camila Silva Galdames","@id":"https:\/\/asociacionparquecordillera.cl\/#\/schema\/person\/bebe62983102f2478a516a7c4f770a52"},"headline":"En el D\u00eda de la Tierra, Seremi Medio Ambiente RM visita programas de compensaci\u00f3n de emisiones en Parque Cordillera","datePublished":"2026-04-23T12:57:15+00:00","dateModified":"2026-04-24T15:58:45+00:00","mainEntityOfPage":{"@id":"https:\/\/asociacionparquecordillera.cl\/en-el-dia-de-la-tierra-seremi-medio-ambiente-rm-visita-programas-de-compensacion-de-emisiones-en-parque-cordillera\/"},"wordCount":873,"publisher":{"@id":"https:\/\/asociacionparquecordillera.cl\/#organization"},"image":{"@id":"https:\/\/asociacionparquecordillera.cl\/en-el-dia-de-la-tierra-seremi-medio-ambiente-rm-visita-programas-de-compensacion-de-emisiones-en-parque-cordillera\/#primaryimage"},"thumbnailUrl":"https:\/\/asociacionparquecordillera.cl\/wp-content\/uploads\/2026\/04\/dia-de-la-tierra-2026-seremi-MA-alcalde-la-reina-y-parque-cordillera-scaled.jpg","articleSection":["Prensa"],"inLanguage":"en-US"},{"@type":"WebPage","@id":"https:\/\/asociacionparquecordillera.cl\/en-el-dia-de-la-tierra-seremi-medio-ambiente-rm-visita-programas-de-compensacion-de-emisiones-en-parque-cordillera\/","url":"https:\/\/asociacionparquecordillera.cl\/en-el-dia-de-la-tierra-seremi-medio-ambiente-rm-visita-programas-de-compensacion-de-emisiones-en-parque-cordillera\/","name":"En el D\u00eda de la Tierra, Seremi Medio Ambiente RM visita programas de compensaci\u00f3n de emisiones en Parque Cordillera - Asociaci\u00f3n Parque Cordillera - Parques Regi\u00f3n Metropolitana","isPartOf":{"@id":"https:\/\/asociacionparquecordillera.cl\/#website"},"primaryImageOfPage":{"@id":"https:\/\/asociacionparquecordillera.cl\/en-el-dia-de-la-tierra-seremi-medio-ambiente-rm-visita-programas-de-compensacion-de-emisiones-en-parque-cordillera\/#primaryimage"},"image":{"@id":"https:\/\/asociacionparquecordillera.cl\/en-el-dia-de-la-tierra-seremi-medio-ambiente-rm-visita-programas-de-compensacion-de-emisiones-en-parque-cordillera\/#primaryimage"},"thumbnailUrl":"https:\/\/asociacionparquecordillera.cl\/wp-content\/uploads\/2026\/04\/dia-de-la-tierra-2026-seremi-MA-alcalde-la-reina-y-parque-cordillera-scaled.jpg","datePublished":"2026-04-23T12:57:15+00:00","dateModified":"2026-04-24T15:58:45+00:00","description":"En el marco del D\u00eda de la Tierra 2026, el Seremi del Medio Ambiente de la RM, Gonzalo Cruces, se reuni\u00f3 con la Asociaci\u00f3n de Municipalidades Parque","breadcrumb":{"@id":"https:\/\/asociacionparquecordillera.cl\/en-el-dia-de-la-tierra-seremi-medio-ambiente-rm-visita-programas-de-compensacion-de-emisiones-en-parque-cordillera\/#breadcrumb"},"inLanguage":"en-US","potentialAction":[{"@type":"ReadAction","target":["https:\/\/asociacionparquecordillera.cl\/en-el-dia-de-la-tierra-seremi-medio-ambiente-rm-visita-programas-de-compensacion-de-emisiones-en-parque-cordillera\/"]}]},{"@type":"ImageObject","inLanguage":"en-US","@id":"https:\/\/asociacionparquecordillera.cl\/en-el-dia-de-la-tierra-seremi-medio-ambiente-rm-visita-programas-de-compensacion-de-emisiones-en-parque-cordillera\/#primaryimage","url":"https:\/\/asociacionparquecordillera.cl\/wp-content\/uploads\/2026\/04\/dia-de-la-tierra-2026-seremi-MA-alcalde-la-reina-y-parque-cordillera-scaled.jpg","contentUrl":"https:\/\/asociacionparquecordillera.cl\/wp-content\/uploads\/2026\/04\/dia-de-la-tierra-2026-seremi-MA-alcalde-la-reina-y-parque-cordillera-scaled.jpg","width":2560,"height":1707},{"@type":"BreadcrumbList","@id":"https:\/\/asociacionparquecordillera.cl\/en-el-dia-de-la-tierra-seremi-medio-ambiente-rm-visita-programas-de-compensacion-de-emisiones-en-parque-cordillera\/#breadcrumb","itemListElement":[{"@type":"ListItem","position":1,"name":"Home","item":"https:\/\/asociacionparquecordillera.cl\/"},{"@type":"ListItem","position":2,"name":"En el D\u00eda de la Tierra, Seremi Medio Ambiente RM visita programas de compensaci\u00f3n de emisiones en Parque Cordillera"}]},{"@type":"WebSite","@id":"https:\/\/asociacionparquecordillera.cl\/#website","url":"https:\/\/asociacionparquecordillera.cl\/","name":"Asociaci\u00f3n Parque Cordillera - Parques Regi\u00f3n Metropolitana","description":"Asociaci\u00f3n Parque Cordillera promueve la conservaci\u00f3n de la precordillera de Santiago mediante la administraci\u00f3n de parques naturales y el fomento de la educaci\u00f3n ambiental y el turismo sustentable.","publisher":{"@id":"https:\/\/asociacionparquecordillera.cl\/#organization"},"alternateName":"Parque Cordillera","potentialAction":[{"@type":"SearchAction","target":{"@type":"EntryPoint","urlTemplate":"https:\/\/asociacionparquecordillera.cl\/?s={search_term_string}"},"query-input":{"@type":"PropertyValueSpecification","valueRequired":true,"valueName":"search_term_string"}}],"inLanguage":"en-US"},{"@type":"Organization","@id":"https:\/\/asociacionparquecordillera.cl\/#organization","name":"Asociaci\u00f3n Parque Cordillera - Parques Regi\u00f3n Metropolitana","alternateName":"Parque Cordillera","url":"https:\/\/asociacionparquecordillera.cl\/","logo":{"@type":"ImageObject","inLanguage":"en-US","@id":"https:\/\/asociacionparquecordillera.cl\/#\/schema\/logo\/image\/","url":"https:\/\/asociacionparquecordillera.cl\/wp-content\/uploads\/2023\/01\/logo-apc-white-2.svg","contentUrl":"https:\/\/asociacionparquecordillera.cl\/wp-content\/uploads\/2023\/01\/logo-apc-white-2.svg","width":240.789999999999992041921359486877918243408203125,"height":80.969999999999998863131622783839702606201171875,"caption":"Asociaci\u00f3n Parque Cordillera - Parques Regi\u00f3n Metropolitana"},"image":{"@id":"https:\/\/asociacionparquecordillera.cl\/#\/schema\/logo\/image\/"}},{"@type":"Person","@id":"https:\/\/asociacionparquecordillera.cl\/#\/schema\/person\/bebe62983102f2478a516a7c4f770a52","name":"Camila Silva Galdames","image":{"@type":"ImageObject","inLanguage":"en-US","@id":"https:\/\/asociacionparquecordillera.cl\/#\/schema\/person\/image\/","url":"https:\/\/secure.gravatar.com\/avatar\/1b673f7345c7f66429fd57df264b9c0877ab6e9683936c15bafc9fadba046bf1?s=96&d=mm&r=g","contentUrl":"https:\/\/secure.gravatar.com\/avatar\/1b673f7345c7f66429fd57df264b9c0877ab6e9683936c15bafc9fadba046bf1?s=96&d=mm&r=g","caption":"Camila Silva Galdames"},"url":"https:\/\/asociacionparquecordillera.cl\/en\/author\/camila-silva-periodista\/"}]}},"_links":{"self":[{"href":"https:\/\/asociacionparquecordillera.cl\/en\/wp-json\/wp\/v2\/posts\/6396","targetHints":{"allow":["GET"]}}],"collection":[{"href":"https:\/\/asociacionparquecordillera.cl\/en\/wp-json\/wp\/v2\/posts"}],"about":[{"href":"https:\/\/asociacionparquecordillera.cl\/en\/wp-json\/wp\/v2\/types\/post"}],"author":[{"embeddable":true,"href":"https:\/\/asociacionparquecordillera.cl\/en\/wp-json\/wp\/v2\/users\/10"}],"replies":[{"embeddable":true,"href":"https:\/\/asociacionparquecordillera.cl\/en\/wp-json\/wp\/v2\/comments?post=6396"}],"version-history":[{"count":5,"href":"https:\/\/asociacionparquecordillera.cl\/en\/wp-json\/wp\/v2\/posts\/6396\/revisions"}],"predecessor-version":[{"id":6407,"href":"https:\/\/asociacionparquecordillera.cl\/en\/wp-json\/wp\/v2\/posts\/6396\/revisions\/6407"}],"wp:featuredmedia":[{"embeddable":true,"href":"https:\/\/asociacionparquecordillera.cl\/en\/wp-json\/wp\/v2\/media\/6399"}],"wp:attachment":[{"href":"https:\/\/asociacionparquecordillera.cl\/en\/wp-json\/wp\/v2\/media?parent=6396"}],"wp:term":[{"taxonomy":"category","embeddable":true,"href":"https:\/\/asociacionparquecordillera.cl\/en\/wp-json\/wp\/v2\/categories?post=6396"},{"taxonomy":"post_tag","embeddable":true,"href":"https:\/\/asociacionparquecordillera.cl\/en\/wp-json\/wp\/v2\/tags?post=6396"},{"taxonomy":"slider-category","embeddable":true,"href":"https:\/\/asociacionparquecordillera.cl\/en\/wp-json\/wp\/v2\/slider-category?post=6396"}],"curies":[{"name":"wp","href":"https:\/\/api.w.org\/{rel}","templated":true}]}}